{"id":52692,"date":"2022-03-06T10:19:20","date_gmt":"2022-03-06T09:19:20","guid":{"rendered":"https:\/\/miradordeatarfe.es\/?p=52692"},"modified":"2022-03-02T14:23:24","modified_gmt":"2022-03-02T13:23:24","slug":"cambio-climatico-como-principal-fallo-del-mercado","status":"publish","type":"post","link":"https:\/\/miradordeatarfe.es\/?p=52692","title":{"rendered":"Cambio Clim\u00e1tico como principal fallo del mercado"},"content":{"rendered":"<div class=\"container\">\n<div class=\"title\">\u00a0<\/div>\n<\/div>\n<div class=\"col-sm-12 col-md-12 col-lg-6\">\n<div class=\"post-body\">\n<div class=\"entry-content\">\n<h3>L<strong>a realidad es que en los mercados son complejos y muestran multitud de \u2018fallas<\/strong><\/h3>\n<p style=\"text-align: justify;\">La hip\u00f3tesis neocl\u00e1sica de la econom\u00eda establece que la Econom\u00eda es la ciencia que estudia la conducta humana en relaci\u00f3n con objetivos y recursos escasos que tienen usos alternativos. En esta definici\u00f3n se implica que los agentes econ\u00f3micos (familias y empresas) son <strong><em>maximizadores<\/em><\/strong>, sujetos a restricciones. Son agentes que buscan <em>maximizar<\/em> (aumentar) su bienestar sin importarles el de otros (son ego\u00edstas), en tanto que sus funciones de \u2018utilidad\u2019 (en lenguaje t\u00e9cnico, esto es, de satisfacci\u00f3n) no dependen de la \u2018utilidad\u2019 de los otros individuos o cualquier influencia externa a la satisfacci\u00f3n (bienestar) que se deriva del consumo.<\/p>\n<p style=\"text-align: justify;\">En el modelo de competencia perfecta \u2013el arquetipo de los mercados en teor\u00eda econ\u00f3mica- las elecciones de las m\u00faltiples empresas competidoras no consideran o reaccionan a lo que las otras hacen, pues son reactivas -toman el precio de mercado como dado, pues se entiende, de hecho, se supone, que el bien es homog\u00e9neo- y a ese precio maximizan su beneficio tomando en cuenta las restricciones que enfrentan. <strong>La econom\u00eda neocl\u00e1sica arguye que el bienestar social alcanza as\u00ed su m\u00e1ximo, pues los bienes escasos se utilizan de la manera m\u00e1s eficiente en sus diferentes usos y no hay una manera de estar \u2018mejor\u2019 sin afectar al menos a uno de los agentes.<\/strong> M\u00e1s a\u00fan, se supone que en este mercado competitivo se consigue un equilibrio \u2013satisfecho por los precios- que \u2018vac\u00eda\u2019 el mercado: los excesos de oferta o de demanda no existen (cantidades). Dicho de otra manera: <strong>\u201cEl mercado es una organizaci\u00f3n eficiente\u201d que logra alcanzar el bienestar social \u00f3ptimo.\u201d<\/strong><\/p>\n<figure id=\"attachment_89541\" class=\"wp-caption aligncenter\" style=\"text-align: justify;\"><img data-recalc-dims=\"1\" loading=\"lazy\" decoding=\"async\" class=\"wp-image-89541 size-full\" src=\"https:\/\/i0.wp.com\/www.bbvaopenmind.com\/wp-content\/uploads\/2021\/08\/BBVA-OpenMind-Economia-cambio-climatico-mehrad-vosoughi.jpg?resize=570%2C380&#038;ssl=1\" sizes=\"auto, (max-width: 570px) 100vw, 570px\" srcset=\"https:\/\/www.bbvaopenmind.com\/wp-content\/uploads\/2021\/08\/BBVA-OpenMind-Economia-cambio-climatico-mehrad-vosoughi.jpg 570w, https:\/\/www.bbvaopenmind.com\/wp-content\/uploads\/2021\/08\/BBVA-OpenMind-Economia-cambio-climatico-mehrad-vosoughi-300x200.jpg 300w\" alt=\"BBVA-OpenMind-Economia-cambio climatico-mehrad-vosoughi-La econom\u00eda neocl\u00e1sica arguye que el bienestar social alcanza as\u00ed su m\u00e1ximo, pues los bienes escasos se utilizan de la manera m\u00e1s eficiente\" width=\"570\" height=\"380\" \/><figcaption class=\"wp-caption-text\">La econom\u00eda neocl\u00e1sica arguye que el bienestar social alcanza su m\u00e1ximo pues los bienes escasos se utilizan de la manera m\u00e1s eficiente<\/figcaption><\/figure>\n<p style=\"text-align: justify;\"><strong>Lamentablemente, el modelo antes descrito se observa (muy) escasamente en la realidad<\/strong>. Las empresas no producen bienes homog\u00e9neos (pues tratan de diferenciarse); buscan innovar y aprovechar un nicho, explot\u00e1ndolo al m\u00e1ximo; aprovechan oportunidades de informaci\u00f3n privilegiada; explotan las escalas de producci\u00f3n, etc. Las empresas no son agentes pasivos que permanecen inm\u00f3viles ante la competencia. El estado de equilibrio es estacionario. Comprendiendo sus l\u00edmites, el modelo es \u00fatil en cuanto a que establece una propuesta conceptual \u2018comparativa\u2019. Si los mercados se comportaran as\u00ed, los consumidores obtendr\u00edan el m\u00e1ximo nivel de satisfacci\u00f3n permanentemente, ya que al ser tan \u2018intensa\u2019 la competencia, el precio de equilibrio ser\u00eda el menor posible, permitiendo que las empresas produzcan y obtengan ganancias de \u2018mercado competitivo\u2019.\u00a0 No obstante,<strong> el mundo del \u2018equilibrio\u2019 tiene un enorme costo: la falta de diversidad<\/strong>. Si el producto es homog\u00e9neo, todos vestir\u00edamos la misma ropa, con la misma textura, corte y color. Los mismos zapatos, los mismos autos, etc. La variedad, la novedad, cuestan. El mundo del \u2018equilibrio\u2019 sacrifica, asimismo, la noci\u00f3n de empresa diferenciadora.<\/p>\n<figure id=\"attachment_89544\" class=\"wp-caption alignright\" style=\"text-align: justify;\"><img data-recalc-dims=\"1\" loading=\"lazy\" decoding=\"async\" class=\"wp-image-89544 size-full\" src=\"https:\/\/i0.wp.com\/www.bbvaopenmind.com\/wp-content\/uploads\/2021\/08\/BBVA-OpenMind-Cambio-Climatico-como-principal-fallo-del-mercado-Consejo-de-Morelos-remy-gieling.jpg?resize=570%2C380&#038;ssl=1\" sizes=\"auto, (max-width: 570px) 100vw, 570px\" srcset=\"https:\/\/www.bbvaopenmind.com\/wp-content\/uploads\/2021\/08\/BBVA-OpenMind-Cambio-Climatico-como-principal-fallo-del-mercado-Consejo-de-Morelos-remy-gieling.jpg 570w, https:\/\/www.bbvaopenmind.com\/wp-content\/uploads\/2021\/08\/BBVA-OpenMind-Cambio-Climatico-como-principal-fallo-del-mercado-Consejo-de-Morelos-remy-gieling-300x200.jpg 300w\" alt=\"Cualquier econom\u00eda utiliza recursos naturales y genera residuos; al producir se produce (causa, se origina) deterioro de los ecosistemas, hay p\u00e9rdida de biodiversidad y no se estudia la capacidad de asimilaci\u00f3n ambiental.\" width=\"570\" height=\"380\" \/><figcaption class=\"wp-caption-text\">Cualquier econom\u00eda utiliza recursos naturales y genera residuos<\/figcaption><\/figure>\n<p style=\"text-align: justify;\">Como ya lo se\u00f1al\u00e1bamos, el mundo de los mercados perfectos es m\u00e1s bien un concepto te\u00f3rico que es \u00fatil para revisar c\u00f3mo se comportan realmente los mercados frente a esa propuesta. Y <strong>la realidad es que en los mercados son complejos y muestran multitud de \u2018fallas\u2019<\/strong>. Las m\u00e1s comunes son las siguientes:<\/p>\n<p style=\"text-align: justify;\">a) <strong>Externalidades<\/strong>, son actos de una empresa que afectan a otras, y no obstante, no pagan por ello. El ejemplo m\u00e1s com\u00fan es, desde luego, la contaminaci\u00f3n. Este problema ser\u00e1 descrito con mayor profundidad en l\u00edneas posteriores.<\/p>\n<p style=\"text-align: justify;\">b) <strong>De competencia<\/strong>. Las empresas \u00a0desarrollan innovaciones, con lo que pueden descender el costo total medio, ponerse en ventaja y obtener rentas extraordinarias, extrayendo ese beneficio del consumidor.\u00a0 Por su parte, las empresas grandes tienen la posibilidad de disuadir la competencia, a trav\u00e9s de la producci\u00f3n en escala.<\/p>\n<p style=\"text-align: justify;\">c) Los <strong>bienes p\u00fablicos<\/strong>, bienes que no son suministrados por el mercado (no generan beneficios) y si lo son las cantidades resultan insuficientes.<\/p>\n<p style=\"text-align: justify;\">d) <strong>Mercados incompletos<\/strong>, en ese mercado no se \u00a0cuenta con incentivos para una oferta \u00f3ptima dado que la informaci\u00f3n no es completa.<\/p>\n<p style=\"text-align: justify;\">e) <strong>Fallas de informaci\u00f3n<\/strong>, cuando los agentes tienen informaci\u00f3n incompleta y el mercado suministra poca informaci\u00f3n, por lo que la distribuci\u00f3n de la misma es asim\u00e9trica.<\/p>\n<p style=\"text-align: justify;\">f) <strong>Desempleo y otras perturbaciones econ\u00f3micas<\/strong> como las altas tasas de inflaci\u00f3n. \u00a0<\/p>\n<p style=\"text-align: justify;\">Abundaremos en aquella falla que ha dado origen al, quiz\u00e1, mayor reto (y problema) que enfrenta la humanidad<a href=\"https:\/\/www.bbvaopenmind.com\/economia\/economia-global\/cambio-climatico-principal-fallo-mercado\/#_ftn1\" name=\"_ftnref1\"><sup>[1]<\/sup><\/a> (y el sistema econ\u00f3mico) en la actualidad. <strong>La revoluci\u00f3n industrial aceler\u00f3 el uso de <a href=\"https:\/\/www.bbvaopenmind.com\/ciencia\/medioambiente\/el-reto-de-la-energia-la-transicion-hacia-un-nuevo-modelo-energetico\/\" target=\"_blank\" rel=\"noopener\">combustibles f\u00f3siles<\/a> que ha significado un aut\u00e9ntico legado t\u00f3xico, que no ha sido resuelto<\/strong>. Cuando un contaminador toma decisiones basadas \u00fanicamente en sus costos y beneficios (privados) sin tener en cuenta los costos indirectos que recaen en las v\u00edctimas de la\u00a0contaminaci\u00f3n\u00a0se genera una\u00a0externalidad negativa. Esta situaci\u00f3n dej\u00f3 de ser temporal, puesto que la atm\u00f3sfera tardar\u00e1 muchos a\u00f1os en procesar los gases de los combustibles de origen f\u00f3sil. Los costos sociales \u2013es decir, totales- de la producci\u00f3n son superiores a los costos privados. Las emisiones de <a href=\"https:\/\/www.bbva.com\/es\/que-es-el-efecto-invernadero-respuestas-para-frenar-el-cambio-climatico\/\" target=\"_blank\" rel=\"noopener\">gases con efecto invernadero<\/a> tienen en jaque \u2013incluso- el porvenir de la humanidad.<\/p>\n<p style=\"text-align: justify;\">Las sociedades, las instituciones internacionales y la regulaci\u00f3n global se convierten en un elemento indispensable para reducir esta enorme falla del mercado. Existe una clara\u00a0 relaci\u00f3n\u00a0 de interdependencia entre la naturaleza \u00f3 el medio ambiente y la propia econom\u00eda. <strong>Cualquier econom\u00eda utiliza recursos naturales y genera residuos; al producir se causa deterioro de los ecosistemas, hay p\u00e9rdida de biodiversidad y no se estudia la capacidad de asimilaci\u00f3n ambiental<\/strong>. Los procesos econ\u00f3micos son inevitablemente procesos biof\u00edsicos; de acuerdo con la ley de la conservaci\u00f3n de la energ\u00eda, en los procesos productivos los recursos se transformaran \u2013al menos una parte- en residuos.<\/p>\n<figure id=\"attachment_89546\" class=\"wp-caption alignleft\" style=\"text-align: justify;\"><img data-recalc-dims=\"1\" loading=\"lazy\" decoding=\"async\" class=\"wp-image-89546 size-full\" src=\"https:\/\/i0.wp.com\/www.bbvaopenmind.com\/wp-content\/uploads\/2021\/08\/BBVA-OpenMind-Cambio-Climatico-como-principal-fallo-del-mercado-Consejo-de-Morelos-paul-einerhand.jpg?resize=570%2C380&#038;ssl=1\" sizes=\"auto, (max-width: 570px) 100vw, 570px\" srcset=\"https:\/\/www.bbvaopenmind.com\/wp-content\/uploads\/2021\/08\/BBVA-OpenMind-Cambio-Climatico-como-principal-fallo-del-mercado-Consejo-de-Morelos-paul-einerhand.jpg 570w, https:\/\/www.bbvaopenmind.com\/wp-content\/uploads\/2021\/08\/BBVA-OpenMind-Cambio-Climatico-como-principal-fallo-del-mercado-Consejo-de-Morelos-paul-einerhand-300x200.jpg 300w\" alt=\"podemos prever que los impactos afectar\u00e1n desigualmente a las naciones desarrolladas y a las emergentes\" width=\"570\" height=\"380\" \/><figcaption class=\"wp-caption-text\">Podemos prever que los impactos afectar\u00e1n desigualmente a las naciones desarrolladas y a las emergentes<\/figcaption><\/figure>\n<p style=\"text-align: justify;\"><strong>Las posibles medidas no pueden consistir, sin m\u00e1s, en la paralizaci\u00f3n de la actividades industriales, y desde luego, podemos prever que los impactos afectar\u00e1n desigualmente a las naciones desarrolladas y a las emergentes<\/strong>, lo que abre la puerta, de manera alarmante, al surgimiento de criterios pol\u00edticos, asim\u00e9tricos y de oportunidad. Adi\u00f3s solidaridad: suele surgir el problema del \u2018<em>free rider<\/em>\u2019; es decir, de aquel que se aprovecha de que otros s\u00ed cumplir\u00e1n, para incumplir. Por m\u00e1s que la teor\u00eda se\u00f1ale que este tipo de escenarios requieren la aplicaci\u00f3n de correcciones a trav\u00e9s de impuestos -como expresamente se confirma en (Coase, 1960)- o de otro tipo de controles, (que internalicen el costo al emisor), las razones para incumplir son numerosas, sobre todo cuando hablamos de naciones: efectivamente, si estas emisiones superan una jurisdicci\u00f3n, los mecanismos de control suelen resultar totalmente insuficientes. Si estos acuerdos no se aceptan de manera un\u00e1nime y se acepta expresamente el compromiso, su efectividad es cuando menos dudosa. Si el mayor emisor (EEUU con Trump como presidente) rechaz\u00f3 tomar parte en los acuerdos globales, los efectos positivos de las medidas adoptadas resultan nimios. <strong>El problema de las emisiones es global y se requieren acuerdos vinculantes globales<\/strong>. Este fallo del marco institucional bajo el que esos mercados funcionan es una falla grave en el dise\u00f1o de las reglas econ\u00f3micas y de producci\u00f3n, que permiten, toleran o ignoran esos impactos ambientales y permiten que los empresarios se desentiendan de ellos y no asuman las responsabilidades de los da\u00f1os.<\/p>\n<p style=\"text-align: justify;\">En este contexto, <strong>la regulaci\u00f3n es la normatividad que puede conducir a las elecciones de los agentes econ\u00f3micos<\/strong>. Mantener permanentemente el prop\u00f3sito de corregir los costos negativos es, desde luego, central. De acuerdo con Stiglitz (2010) \u201cla regulaci\u00f3n es necesaria debido a que los costos y beneficios sociales y privados, y por tanto los incentivos, est\u00e1n mal alineados\u201d. Despu\u00e9s de la crisis financiera de 2008, la regulaci\u00f3n del Estado se ha convertido en una intervenci\u00f3n ampliamente aceptada.<\/p>\n<h3 style=\"text-align: justify;\"><strong>J. Francisco Pulido<\/strong><\/h3>\n<p style=\"text-align: justify;\">Consejo de Ciencia y Tecnolog\u00eda del Gobierno del Estado de Morelos<\/p>\n<p>https:\/\/www.bbvaopenmind.com\/economia\/economia-global\/cambio-climatico-principal-fallo-mercado\/<\/p>\n<\/div>\n<\/div>\n<\/div>\n","protected":false},"excerpt":{"rendered":"<p>\u00a0 La realidad es que en los mercados son complejos y muestran multitud de \u2018fallas&#8230;<\/p>\n","protected":false},"author":1,"featured_media":52693,"comment_status":"closed","ping_status":"closed","sticky":false,"template":"","format":"standard","meta":{"_coblocks_attr":"","_coblocks_dimensions":"","_coblocks_responsive_height":"","_coblocks_accordion_ie_support":"","jetpack_post_was_ever_published":false,"_jetpack_newsletter_access":"","_jetpack_dont_email_post_to_subs":false,"_jetpack_newsletter_tier_id":0,"_jetpack_memberships_contains_paywalled_content":false,"_jetpack_memberships_contains_paid_content":false,"footnotes":"","jetpack_publicize_message":"","jetpack_publicize_feature_enabled":true,"jetpack_social_post_already_shared":true,"jetpack_social_options":{"image_generator_settings":{"template":"highway","default_image_id":0,"enabled":false},"version":2}},"categories":[1161,9,44,6937,15],"tags":[707,271,1400],"class_list":["post-52692","post","type-post","status-publish","format-standard","has-post-thumbnail","hentry","category-ciudadania","category-medio-ambiente","category-noticias-de-hoy","category-sociedad","category-ultimas-noticias","tag-biodiversidad","tag-cambio-climatico","tag-ecosistemas"],"jetpack_publicize_connections":[],"jetpack_featured_media_url":"https:\/\/i0.wp.com\/miradordeatarfe.es\/wp-content\/uploads\/2022\/03\/Screenshot-2022-03-02-at-14-21-24-Cambio-Climatico-como-principal-fallo-del-mercado-OpenMind.png?fit=1167%2C461&ssl=1","jetpack_likes_enabled":true,"jetpack_sharing_enabled":true,"_links":{"self":[{"href":"https:\/\/miradordeatarfe.es\/index.php?rest_route=\/wp\/v2\/posts\/52692","targetHints":{"allow":["GET"]}}],"collection":[{"href":"https:\/\/miradordeatarfe.es\/index.php?rest_route=\/wp\/v2\/posts"}],"about":[{"href":"https:\/\/miradordeatarfe.es\/index.php?rest_route=\/wp\/v2\/types\/post"}],"author":[{"embeddable":true,"href":"https:\/\/miradordeatarfe.es\/index.php?rest_route=\/wp\/v2\/users\/1"}],"replies":[{"embeddable":true,"href":"https:\/\/miradordeatarfe.es\/index.php?rest_route=%2Fwp%2Fv2%2Fcomments&post=52692"}],"version-history":[{"count":1,"href":"https:\/\/miradordeatarfe.es\/index.php?rest_route=\/wp\/v2\/posts\/52692\/revisions"}],"predecessor-version":[{"id":52694,"href":"https:\/\/miradordeatarfe.es\/index.php?rest_route=\/wp\/v2\/posts\/52692\/revisions\/52694"}],"wp:featuredmedia":[{"embeddable":true,"href":"https:\/\/miradordeatarfe.es\/index.php?rest_route=\/wp\/v2\/media\/52693"}],"wp:attachment":[{"href":"https:\/\/miradordeatarfe.es\/index.php?rest_route=%2Fwp%2Fv2%2Fmedia&parent=52692"}],"wp:term":[{"taxonomy":"category","embeddable":true,"href":"https:\/\/miradordeatarfe.es\/index.php?rest_route=%2Fwp%2Fv2%2Fcategories&post=52692"},{"taxonomy":"post_tag","embeddable":true,"href":"https:\/\/miradordeatarfe.es\/index.php?rest_route=%2Fwp%2Fv2%2Ftags&post=52692"}],"curies":[{"name":"wp","href":"https:\/\/api.w.org\/{rel}","templated":true}]}}