{"id":52721,"date":"2022-03-08T08:55:55","date_gmt":"2022-03-08T07:55:55","guid":{"rendered":"https:\/\/miradordeatarfe.es\/?p=52721"},"modified":"2023-10-20T10:16:54","modified_gmt":"2023-10-20T08:16:54","slug":"trinidad-arroyo-la-mujer-que-voto-17-anos-antes-que-las-demas","status":"publish","type":"post","link":"https:\/\/miradordeatarfe.es\/?p=52721","title":{"rendered":"Trinidad Arroyo, la mujer que vot\u00f3 17 a\u00f1os antes que las dem\u00e1s"},"content":{"rendered":"<h3 class=\"a_st\" style=\"text-align: justify;\">La m\u00e9dica, nacida hace 150 a\u00f1os, oper\u00f3 los ojos de Benito P\u00e9rez Gald\u00f3s y particip\u00f3 en unas elecciones generales antes de la aprobaci\u00f3n del sufragio femenino<\/h3>\n<p class=\"\" style=\"text-align: justify;\">La <a href=\"https:\/\/www.abc.es\/archivo\/fotos\/la-doctora-en-la-facultad-de-medicina-dona-trinidad-arroyo-y-5582836.html\" data-link-track-dtm=\"\">imagen<\/a> debi\u00f3 ser chocante en la \u00e9poca, y no por el tosco a\u00f1adido de un se\u00f1or con bigote. La fotograf\u00eda, difundida <a href=\"https:\/\/www.abc.es\/archivo\/periodicos\/abc-madrid-19160424.html\" data-link-track-dtm=\"\">en el diario <i>ABC<\/i><\/a> el 24 de abril de 1916, mostraba a una sola mujer, Trinidad Arroyo, acercando su voto a una urna, rodeada de una veintena de hombres encorbatados. Unos d\u00edas despu\u00e9s, la popular revista <a href=\"http:\/\/hemerotecadigital.bne.es\/issue.vm?id=0002117716&amp;page=3&amp;search=&amp;lang=es\" data-link-track-dtm=\"\"><i>Mundo gr\u00e1fico<\/i><\/a> public\u00f3 que Arroyo era la primera mujer que votaba en unas elecciones generales en Espa\u00f1a. El resto no pudo votar hasta casi dos d\u00e9cadas despu\u00e9s, en 1933, tras la aprobaci\u00f3n del sufragio femenino en Espa\u00f1a. Este a\u00f1o se cumplen 150 del nacimiento de aquella pionera, con una vida tan asombrosa como olvidada.<\/p>\n<p class=\"\" style=\"text-align: justify;\">Trinidad Arroyo naci\u00f3 en Palencia en 1872, pele\u00f3 con apenas 16 a\u00f1os para ser admitida en la Facultad de Medicina de Valladolid \u2014donde era la \u00fanica alumna\u2014 y se convirti\u00f3 en la primera oftalm\u00f3loga de Espa\u00f1a. Ella y su marido, <a href=\"https:\/\/dbe.rah.es\/biografias\/11693\/manuel-marquez-rodriguez\" data-link-track-dtm=\"\">Manuel M\u00e1rquez<\/a>, establecieron una exitosa consulta en Madrid, por la que desfilaron las celebridades de la \u00e9poca, como el escritor Benito P\u00e9rez Gald\u00f3s, que en 1912 se oper\u00f3 all\u00ed las cataratas que le estaban dejando ciego. El diario republicano <i>El Pa\u00eds<\/i> <a href=\"http:\/\/hemerotecadigital.bne.es\/issue.vm?id=0002422850&amp;page=1&amp;search=gald%C3%B3s&amp;lang=es\" data-link-track-dtm=\"\">celebr\u00f3<\/a> as\u00ed el resultado de aquella intervenci\u00f3n: \u201cYa ve el escritor espa\u00f1ol que ha visto m\u00e1s, que ha visto mejor, que ha penetrado m\u00e1s hondo, m\u00e1s adentro, en el alma de los hombres y de las cosas. [&#8230;] Este matrimonio famoso en la ciencia, y al que deben gratitud las letras espa\u00f1olas, ha salvado a Gald\u00f3s de la ceguera, y ha salvado a Espa\u00f1a de perder los frutos galdosianos\u201d. La propia Arroyo se refer\u00eda a las delicadas operaciones en los ojos como \u201ccirug\u00eda de dama\u201d.<\/p>\n<p class=\"\" style=\"text-align: justify;\">El m\u00e9dico y periodista <a href=\"https:\/\/webs.ucm.es\/BUCM\/med\/archivo\/ficha_medico.php?id_medico=2784\" data-link-track-dtm=\"\">Juan Fern\u00e1n P\u00e9rez<\/a> entrevist\u00f3 a la oftalm\u00f3loga <a href=\"http:\/\/hemerotecadigital.bne.es\/issue.vm?id=0005094021&amp;page=4&amp;search=arroyo&amp;lang=es\" data-link-track-dtm=\"\">en la revista <i>Espa\u00f1a M\u00e9dica<\/i><\/a>, en el verano de 1912. \u201cConfieso ingenuamente el craso error en que yo estaba juzgando incompatibles en la mujer la profesi\u00f3n m\u00e9dica y las labores de su sexo\u201d, arrancaba el reportero. \u201cLos visillos, los transparentes, las cortinas de terciopelo que hay en su casa, todo est\u00e1 cortado, cosido y bordado por ella\u201d, a\u00f1ad\u00eda el periodista, sorprendido porque Trinidad Arroyo montaba a caballo, sab\u00eda franc\u00e9s y alem\u00e1n y tocaba piezas de Mozart al piano, adem\u00e1s de guisar cuando se ausentaba su cocinera. La entrevista estaba ilustrada con una fotograf\u00eda de la oftalm\u00f3loga pasando consulta, pero tambi\u00e9n con otra imagen en la que aparec\u00eda con la m\u00e1quina de coser.<\/p>\n<figure class=\"a_m a_m-h\" style=\"text-align: justify;\"><span class=\"_db a_m_w _pr lb_btn\"><img data-recalc-dims=\"1\" loading=\"lazy\" decoding=\"async\" class=\"_re lazyload a_m-h\" src=\"https:\/\/i0.wp.com\/imagenes.elpais.com\/resizer\/KeVZCxaWbUP-ooDS3HC-i4UeRyY%3D\/414x0\/cloudfront-eu-central-1.images.arcpublishing.com\/prisa\/G5VSNCYIANF5NGBWFZGMYUPUSA.jpg?resize=414%2C203&#038;ssl=1\" srcset=\"https:\/\/imagenes.elpais.com\/resizer\/KeVZCxaWbUP-ooDS3HC-i4UeRyY=\/414x0\/cloudfront-eu-central-1.images.arcpublishing.com\/prisa\/G5VSNCYIANF5NGBWFZGMYUPUSA.jpg 414w,https:\/\/imagenes.elpais.com\/resizer\/zNxoOWHdkC-kxQ7Ul6nFgvDL_Rs=\/828x0\/cloudfront-eu-central-1.images.arcpublishing.com\/prisa\/G5VSNCYIANF5NGBWFZGMYUPUSA.jpg 640w,https:\/\/imagenes.elpais.com\/resizer\/mIxGRjmZ8HFFl9TW9g-frAnZMr8=\/980x0\/cloudfront-eu-central-1.images.arcpublishing.com\/prisa\/G5VSNCYIANF5NGBWFZGMYUPUSA.jpg 1000w,https:\/\/imagenes.elpais.com\/resizer\/powSu9dzVeCIoThyChZqwpyOKz8=\/1960x0\/cloudfront-eu-central-1.images.arcpublishing.com\/prisa\/G5VSNCYIANF5NGBWFZGMYUPUSA.jpg 1960w\" alt=\"Fotograf\u00edas de Trinidad Arroyo para la revista 'Espa\u00f1a M\u00e9dica', en 1912.\" width=\"414\" height=\"203\" \/><\/span><figcaption class=\"a_m_p\">Fotograf\u00edas de Trinidad Arroyo para la revista &#8216;Espa\u00f1a M\u00e9dica&#8217;, en 1912.<\/figcaption><\/figure>\n<p class=\"\" style=\"text-align: justify;\">Aquel a\u00f1o de 1912, un sector de las sufragistas brit\u00e1nicas ya hab\u00eda decidido recurrir a la violencia para exigir el voto de las mujeres: enviaban cartas explosivas a los pol\u00edticos, <a href=\"https:\/\/www.bl.uk\/votes-for-women\/articles\/suffragettes-violence-and-militancy\" data-link-track-dtm=\"\">pon\u00edan bombas<\/a> y <a href=\"https:\/\/artsandculture.google.com\/asset\/st-catherine-s-church-burned-by-suffragettes\/7wG9eE59YGEMNg\" data-link-track-dtm=\"\">quemaban iglesias<\/a>, pero no consiguieron votar <a href=\"https:\/\/www.parliament.uk\/about\/living-heritage\/transformingsociety\/electionsvoting\/womenvote\/overview\/thevote\/#:~:text=Representation%20of%20the%20People%20Act,of%20women%20in%20the%20UK.\" data-link-track-dtm=\"\">hasta 1918<\/a>. En Espa\u00f1a no se hab\u00eda contagiado la indignaci\u00f3n. Arroyo pudo votar antes que las dem\u00e1s porque algunos senadores eran elegidos por las universidades y, en 1916, ella era profesora auxiliar en la Facultad de Medicina de la Universidad Central de Madrid.<\/p>\n<p class=\"\" style=\"text-align: justify;\">\u00bfFue realmente Trinidad Arroyo la primera mujer que vot\u00f3 en Espa\u00f1a? Un nuevo libro, <a href=\"https:\/\/www.nextdoorpublishers.com\/libros\/tras-las-huellas-de-cientificas-espanolas-del-xx\/\" data-link-track-dtm=\"\"><i>Tras las huellas de cient\u00edficas espa\u00f1olas del XX<\/i><\/a> (Next Door Publishers), rescata ahora del olvido las biograf\u00edas de una docena de pioneras de la ciencia, incluida la primera oftalm\u00f3loga. \u201cTrinidad Arroyo se convirti\u00f3 en 1916 en la primera mujer que pudo votar en las elecciones al Senado\u201d, sentencia en el libro la neurocient\u00edfica <a href=\"https:\/\/itq.upv-csic.es\/dra-maria-jose-barral-moran\" data-link-track-dtm=\"\">Mar\u00eda Jos\u00e9 Barral<\/a>.<\/p>\n<p class=\"\" style=\"text-align: justify;\">La jefa del Archivo del Congreso de los Diputados, <a href=\"http:\/\/www.madrid.org\/archivos_atom\/index.php\/fntj6\" data-link-track-dtm=\"\">Maruca Martinez-Ca\u00f1avate<\/a>, no lo tiene tan claro. \u201cEs como buscar una aguja en un pajar\u201d, advierte. La archivera recuerda que algunos senadores eran elegidos <a href=\"https:\/\/www.senado.es\/web\/conocersenado\/senadohistoria\/senado18341923\/Constitucion1876\/detalle\/index.html?id=18770208_ley\" data-link-track-dtm=\"\">por multitud de corporaciones<\/a>, desde los arzobispados a las universidades, pasando por las reales academias y las sociedades econ\u00f3micas. Ser\u00eda necesario investigar si hab\u00eda alguna mujer en cada una de esas instituciones y revisar los archivos de turno, si todav\u00eda existen, en busca de las actas de escrutinio, para averiguar si votaron en algunas elecciones. El acta de la votaci\u00f3n de Trinidad Arroyo en 1916 en la Universidad Central (hoy Complutense) no consta en el archivo hist\u00f3rico de la instituci\u00f3n madrile\u00f1a, seg\u00fan explica su responsable, <a href=\"https:\/\/www.ucm.es\/archivo-directorio\" data-link-track-dtm=\"\">Ana Rocasolano<\/a>.<\/p>\n<figure class=\"a_m a_m-h\" style=\"text-align: justify;\"><span class=\"_db a_m_w _pr lb_btn\"><img data-recalc-dims=\"1\" loading=\"lazy\" decoding=\"async\" class=\"_re lazyload a_m-h\" src=\"https:\/\/i0.wp.com\/imagenes.elpais.com\/resizer\/o3nDc6chw_PKv5IlykbiVI39_ZI%3D\/414x0\/cloudfront-eu-central-1.images.arcpublishing.com\/prisa\/BGEZ2RMZLBAGVKP4SKAVSEUBVQ.jpg?resize=414%2C308&#038;ssl=1\" srcset=\"https:\/\/imagenes.elpais.com\/resizer\/o3nDc6chw_PKv5IlykbiVI39_ZI=\/414x0\/cloudfront-eu-central-1.images.arcpublishing.com\/prisa\/BGEZ2RMZLBAGVKP4SKAVSEUBVQ.jpg 414w,https:\/\/imagenes.elpais.com\/resizer\/xG14G6fQ4DVB27TXvNMRAMrpeUM=\/828x0\/cloudfront-eu-central-1.images.arcpublishing.com\/prisa\/BGEZ2RMZLBAGVKP4SKAVSEUBVQ.jpg 640w,https:\/\/imagenes.elpais.com\/resizer\/1oOUyKKozAuEMmKGamcyei3kpw0=\/980x0\/cloudfront-eu-central-1.images.arcpublishing.com\/prisa\/BGEZ2RMZLBAGVKP4SKAVSEUBVQ.jpg 1000w,https:\/\/imagenes.elpais.com\/resizer\/okv1pjeNountri7kT6i1obwY8yg=\/1960x0\/cloudfront-eu-central-1.images.arcpublishing.com\/prisa\/BGEZ2RMZLBAGVKP4SKAVSEUBVQ.jpg 1960w\" alt=\"La primera mujer espa\u00f1ola que votaba, seg\u00fan la revista 'Mundo gr\u00e1fico' del 3 de mayo de 1916.\" width=\"414\" height=\"308\" \/><\/span><figcaption class=\"a_m_p\">La primera mujer espa\u00f1ola que votaba, seg\u00fan la revista &#8216;Mundo gr\u00e1fico&#8217; del 3 de mayo de 1916.<\/figcaption><\/figure>\n<p class=\"\" style=\"text-align: justify;\">El Senado propuso el a\u00f1o pasado otra soluci\u00f3n al enigma de la primera votante. El 12 de mayo de 2021 se cumpli\u00f3 un siglo de la muerte de la escritora gallega Emilia Pardo Baz\u00e1n. Con motivo de la efem\u00e9ride, el Senado emiti\u00f3 <a href=\"https:\/\/www.senado.es\/web\/expedientdocblobservlet?legis=14&amp;id=99400\" data-link-track-dtm=\"\">una declaraci\u00f3n institucional<\/a>: \u201cEn 1912 [Pardo Baz\u00e1n] fue elegida primera mujer socia de n\u00famero de la Real Sociedad Econ\u00f3mica Matritense de Amigos del Pa\u00eds, lo que le permiti\u00f3 votar a los senadores por el cupo de sociedades econ\u00f3micas y se convirti\u00f3 en la primera mujer que votaba en Espa\u00f1a en unas elecciones pol\u00edticas en las Elecciones Generales a Cortes de 1916. El resto de las mujeres tuvieron que esperar hasta las elecciones de 1933\u2033.<\/p>\n<p class=\"\" style=\"text-align: justify;\">La historiadora <a href=\"https:\/\/www.uv.es\/uvweb\/universidad\/es\/ficha-persona-1285950309813.html?p2=iburdiel&amp;idA=true\" data-link-track-dtm=\"\">Isabel Burdiel<\/a>, bi\u00f3grafa de Emilia Pardo Baz\u00e1n, reconoce que nunca hab\u00eda o\u00eddo que la escritora gallega fuera la primera mujer que vot\u00f3 en Espa\u00f1a. Su <a href=\"https:\/\/www.penguinlibros.com\/es\/biografias\/38793-libro-emilia-pardo-bazan-coleccion-espanoles-eminentes-9788430618385\" data-link-track-dtm=\"\">monumental biograf\u00eda<\/a> (Taurus, 2019) ni siquiera menciona aquellas elecciones de 1916, supuestamente hist\u00f3ricas. En la hemeroteca de la Biblioteca Nacional, sin embargo, s\u00ed aparecen un par de noticias breves en la prensa de la \u00e9poca, como <a href=\"http:\/\/hemerotecadigital.bne.es\/issue.vm?id=0002513999&amp;page=3&amp;search=%22pardo+bazan%22+matritense+elecciones&amp;lang=es\" data-link-track-dtm=\"\">el diario <i>El Pa\u00eds<\/i><\/a> del 25 de marzo de 1916, que mencion\u00f3 escuetamente la votaci\u00f3n en la Matritense. \u201cLa elecci\u00f3n tuvo el inter\u00e9s de ser la primera en que ejerce en nuestro pa\u00eds el derecho electoral una mujer: la ilustre condesa de Pardo Baz\u00e1n\u201d.<\/p>\n<p class=\"\" style=\"text-align: justify;\">En aquella \u00e9poca, los electores votaban <a href=\"https:\/\/www.senado.es\/web\/conocersenado\/senadohistoria\/senado18341923\/Constitucion1876\/detalle\/index.html?id=18770208_ley\" target=\"_blank\" rel=\"noopener\" data-link-track-dtm=\"\">a unos compromisarios<\/a>, que luego se reun\u00edan para votar a los senadores, seg\u00fan subraya Burdiel, catedr\u00e1tica de Historia Contempor\u00e1nea de la Universidad de Valencia. Era un voto indirecto. \u201cPardo Baz\u00e1n no lo mencion\u00f3 nunca como una conquista. Y lo mencionaba todo\u201d, recalca la historiadora.<\/p>\n<p class=\"\" style=\"text-align: justify;\">Las actas electorales que <a href=\"https:\/\/www.senado.es\/cgi-bin\/verdocweb?tipo_bd=HI20&amp;PWIndice=6&amp;Signatura=HIS-0213-03&amp;Contenido=9\" target=\"_blank\" rel=\"noopener\" data-link-track-dtm=\"\">se conservan<\/a> en el Archivo del Senado \u2014breves certificados de la decisi\u00f3n de los compromisarios\u2014 tampoco aclaran el misterio. \u201cLos nombres de los electores no aparecen recogidos <a href=\"https:\/\/www.senado.es\/cgi-bin\/verdocweb?tipo_bd=HI20&amp;PWIndice=64&amp;Signatura=HIS-0323-06&amp;Contenido=1\" target=\"_blank\" rel=\"noopener\" data-link-track-dtm=\"\">en los documentos<\/a>, por lo que no podemos saber si las se\u00f1oras Pardo Baz\u00e1n y Arroyo participaron en las elecciones ni cu\u00e1ndo\u201d, reconoce un portavoz del Archivo del Senado. La soluci\u00f3n podr\u00eda estar en los laber\u00ednticos archivos de las corporaciones que designaban a los senadores.<\/p>\n<figure class=\"a_m a_m-h\" style=\"text-align: justify;\"><span class=\"_db a_m_w _pr lb_btn\"><img data-recalc-dims=\"1\" loading=\"lazy\" decoding=\"async\" class=\"_re lazyload a_m-h\" src=\"https:\/\/i0.wp.com\/imagenes.elpais.com\/resizer\/6DzkR-AxIDCejnZjlK5QCE7Z5gY%3D\/414x0\/cloudfront-eu-central-1.images.arcpublishing.com\/prisa\/3GQKTPTITBAUTMWPUKZHD32SHI.jpg?resize=414%2C242&#038;ssl=1\" srcset=\"https:\/\/imagenes.elpais.com\/resizer\/6DzkR-AxIDCejnZjlK5QCE7Z5gY=\/414x0\/cloudfront-eu-central-1.images.arcpublishing.com\/prisa\/3GQKTPTITBAUTMWPUKZHD32SHI.jpg 414w,https:\/\/imagenes.elpais.com\/resizer\/zvs5AmmYp_pwSjiyhH9GXuuiAHA=\/828x0\/cloudfront-eu-central-1.images.arcpublishing.com\/prisa\/3GQKTPTITBAUTMWPUKZHD32SHI.jpg 640w,https:\/\/imagenes.elpais.com\/resizer\/bGWEsrLiytSS9s9FUoMGXrYeaT0=\/980x0\/cloudfront-eu-central-1.images.arcpublishing.com\/prisa\/3GQKTPTITBAUTMWPUKZHD32SHI.jpg 1000w,https:\/\/imagenes.elpais.com\/resizer\/1dfWQAwC8eZVzSRVTKl1ny418yY=\/1960x0\/cloudfront-eu-central-1.images.arcpublishing.com\/prisa\/3GQKTPTITBAUTMWPUKZHD32SHI.jpg 1960w\" alt=\"Lista de los socios de la Matritense con derecho a voto en 1916, en la que aparecen Emilia Pardo Baz\u00e1n y 200 hombres.\" width=\"414\" height=\"242\" \/><\/span><figcaption class=\"a_m_p\">Lista de los socios de la Matritense con derecho a voto en 1916, en la que aparecen Emilia Pardo Baz\u00e1n y 200 hombres.<span class=\"a_m_m\">RSEMAP<\/span><\/figcaption><\/figure>\n<p class=\"\" style=\"text-align: justify;\">Para encontrar una pista hay que franquear una de las puertas m\u00e1s antiguas de Madrid, la que da acceso a la Torre de los Lujanes, una construcci\u00f3n del siglo XV en la Plaza de la Villa. En su interior se encuentra <a href=\"https:\/\/rsemap.es\/\" target=\"_blank\" rel=\"noopener\" data-link-track-dtm=\"\">la Matritense<\/a>, una sociedad econ\u00f3mica fundada por el rey Carlos III. La responsable de su archivo desde 1999, <a href=\"https:\/\/www.linkedin.com\/in\/fabiola-azanza-sta-victoria-60814892\/?originalSubdomain=es\" target=\"_blank\" rel=\"noopener\" data-link-track-dtm=\"\">Fabiola Azanza<\/a>, tambi\u00e9n reconoce que desconoc\u00eda el supuesto voto de Pardo Baz\u00e1n y subraya que nunca nadie le ha preguntado por \u00e9l. Su instituci\u00f3n custodia m\u00e1s de 10.000 documentos redactados desde 1775, el a\u00f1o de creaci\u00f3n de la Matritense.<\/p>\n<p class=\"\" style=\"text-align: justify;\">Este jueves, a petici\u00f3n de este peri\u00f3dico, Azanza busc\u00f3 durante horas y encontr\u00f3 el expediente completo de la votaci\u00f3n de 1916. Pardo Baz\u00e1n, efectivamente, vot\u00f3 el d\u00eda 23 de marzo. En la \u201cLista de los Se\u00f1ores Socios\u201d con derecho a voto aquel d\u00eda figuran la novelista gallega y 200 hombres, entre ellos el escritor <a href=\"https:\/\/www.nobelprize.org\/prizes\/literature\/1922\/benavente\/facts\/\" data-link-track-dtm=\"\">Jacinto Benavente<\/a>, que seis a\u00f1os despu\u00e9s ganar\u00eda el Nobel de Literatura, y el estudiante <a href=\"https:\/\/dbe.rah.es\/biografias\/12150\/juan-de-la-cierva-y-codorniu\" data-link-track-dtm=\"\">Juan de la Cierva<\/a>, que m\u00e1s tarde inventar\u00eda el autogiro.<\/p>\n<p class=\"\" style=\"text-align: justify;\">El juez Manuel Sanmart\u00edn Puente analiz\u00f3 en 1921 la posibilidad del voto femenino en una obra de referencia, <a href=\"https:\/\/datos.bne.es\/edicion\/bimo0001779939.html\" data-link-track-dtm=\"\"><i>Tratado de derecho electoral espa\u00f1ol<\/i><\/a>. El autor recordaba que, el 27 de junio de 1907, se escucharon risas en el Congreso cuando el diputado republicano federal <a href=\"https:\/\/dbe.rah.es\/biografias\/15169\/joaquin-salvatella-y-gisbert\" data-link-track-dtm=\"\">Joaqu\u00edn Salvatella<\/a> mencion\u00f3 que en algunos pa\u00edses ya hab\u00eda mujeres parlamentarias. \u201cYo siento que la primera vez que se dice esto en el Parlamento espa\u00f1ol no merezca ser contestado m\u00e1s que con risas\u201d, lament\u00f3 Salvatella, antes de proponer que, al menos, tuviesen derecho a votar las mujeres viudas. El tratado de 1921 rese\u00f1aba que la ley espa\u00f1ola exclu\u00eda \u201cen absoluto del ejercicio de los derechos electorales a las hembras\u201d, pero apuntaba una excepci\u00f3n en una nota a pie de p\u00e1gina: Trinidad Arroyo, \u201cla primera mujer espa\u00f1ola que ha ejercitado tal derecho\u201d.<\/p>\n<figure class=\"a_m a_m-h\" style=\"text-align: justify;\"><span class=\"_db a_m_w\"><img data-recalc-dims=\"1\" loading=\"lazy\" decoding=\"async\" class=\"_re lazyload a_m-h\" src=\"https:\/\/i0.wp.com\/imagenes.elpais.com\/resizer\/RjDS0GILIL5uaXqRZRxF6Pfyi1c%3D\/414x0\/cloudfront-eu-central-1.images.arcpublishing.com\/prisa\/7BE7OATR6NB7HFLNVQAB7AIHMM.jpg?resize=414%2C277&#038;ssl=1\" srcset=\"https:\/\/imagenes.elpais.com\/resizer\/RjDS0GILIL5uaXqRZRxF6Pfyi1c=\/414x0\/cloudfront-eu-central-1.images.arcpublishing.com\/prisa\/7BE7OATR6NB7HFLNVQAB7AIHMM.jpg 414w,https:\/\/imagenes.elpais.com\/resizer\/i8kAUElJ8MsY42mY48znEemDf_k=\/828x0\/cloudfront-eu-central-1.images.arcpublishing.com\/prisa\/7BE7OATR6NB7HFLNVQAB7AIHMM.jpg 640w,https:\/\/imagenes.elpais.com\/resizer\/ZJms5KrBD7sszCZmqFmD9qi2glg=\/980x0\/cloudfront-eu-central-1.images.arcpublishing.com\/prisa\/7BE7OATR6NB7HFLNVQAB7AIHMM.jpg 1000w,https:\/\/imagenes.elpais.com\/resizer\/zyzBz7KYidQpy4AsEsU43aQyDl8=\/1960x0\/cloudfront-eu-central-1.images.arcpublishing.com\/prisa\/7BE7OATR6NB7HFLNVQAB7AIHMM.jpg 1960w\" alt=\"Trinidad Arroyo fue una de las primeras licenciadas en Medicina en Espa\u00f1a.\" width=\"414\" height=\"277\" \/><\/span><figcaption class=\"a_m_p\">Trinidad Arroyo fue una de las primeras licenciadas en Medicina en Espa\u00f1a.<span class=\"a_m_m\">real academia de la historia<\/span><\/figcaption><\/figure>\n<p class=\"\" style=\"text-align: justify;\">La fotograf\u00eda de la oftalm\u00f3loga votando est\u00e1 fechada <a href=\"https:\/\/www.abc.es\/archivo\/fotos\/la-doctora-en-la-facultad-de-medicina-dona-trinidad-arroyo-y-5582836.html\" data-link-track-dtm=\"\">el 31 de marzo de 1916<\/a> en el archivo del <i>ABC<\/i>, aunque podr\u00eda ser anterior. Para la neurocient\u00edfica Mar\u00eda Jos\u00e9 Barral, hay un empate t\u00e9cnico: \u201cPersonalmente, opino que Arroyo y Pardo Baz\u00e1n votaron a la vez, ya que fue en las mismas elecciones. Las dos fueron las <i>primeras<\/i>, si es que esa palabra es la que importa. Eso s\u00ed, 17 a\u00f1os antes que el resto de mujeres de este pa\u00eds\u201d, explica Barral a este peri\u00f3dico tras conocer la existencia del voto olvidado de la escritora gallega.<\/p>\n<p class=\"\" style=\"text-align: justify;\">La jurista <a href=\"https:\/\/www.uji.es\/departaments\/com\/base\/estructura\/personal\/?urlRedirect=https:\/\/www.uji.es\/departaments\/com\/base\/estructura\/personal\/&amp;url=\/departaments\/com\/base\/estructura\/personal&amp;p_departamento=90&amp;p_profesor=65084\" data-link-track-dtm=\"\">Paloma Dur\u00e1n<\/a>, autora del libro <a href=\"https:\/\/www.asambleamadrid.es\/servicios\/publicaciones\/libros-publicados\/libro-publicado?titulo=El%20Voto%20Femenino%20en%20Espa%C3%B1a&amp;artId=66112\" data-link-track-dtm=\"\"><i>El voto femenino en Espa\u00f1a<\/i><\/a> (Asamblea de Madrid, 2007), es contundente. A su juicio, no se sabe con certeza qui\u00e9n fue la primera mujer que puso su voto en una urna en unas elecciones generales. \u201cEn Espa\u00f1a hace falta investigaci\u00f3n hist\u00f3rica. Y no solo sobre las mujeres que trabajaron en las ciencias experimentales, tambi\u00e9n sobre las que se dedicaron a las ciencias sociales\u201d, lamenta Dur\u00e1n, catedr\u00e1tica de Filosof\u00eda del Derecho de la Universidad Jaime I, en Castell\u00f3n de la Plana.<\/p>\n<p class=\"\" style=\"text-align: justify;\">Los diputados de la Segunda Rep\u00fablica debatieron <a href=\"https:\/\/www.congreso.es\/backoffice_doc\/prensa\/notas_prensa\/54648_1506689774662.pdf\" data-link-track-dtm=\"\">el 1 de octubre de 1931<\/a> si aprobaban por fin el voto femenino. Un sector de los republicanos defendi\u00f3 entonces que no era el momento de otorgar el voto a las mujeres espa\u00f1olas, porque supuestamente estaban manipuladas por sus sacerdotes y votar\u00edan a la derecha cat\u00f3lica y mon\u00e1rquica. Pero Trinidad Arroyo no era precisamente una beata conservadora, como recalca <a href=\"https:\/\/www.linkedin.com\/in\/cristinamarquezarroyo\/\" target=\"_blank\" rel=\"noopener\" data-link-track-dtm=\"\">Cristina M\u00e1rquez Arroyo<\/a>, nieta de un primo de la oftalm\u00f3loga. \u201cTrini era comunista. Creo que por eso no se la conoce demasiado en Espa\u00f1a\u201d, reflexiona por tel\u00e9fono desde su casa en Nueva York.<\/p>\n<figure class=\"a_m a_m-h\" style=\"text-align: justify;\"><span class=\"_db a_m_w _pr lb_btn\"><img data-recalc-dims=\"1\" loading=\"lazy\" decoding=\"async\" class=\"_re lazyload a_m-h\" src=\"https:\/\/i0.wp.com\/imagenes.elpais.com\/resizer\/IT3wltWWJmZQmar5hqtBu-gtcN0%3D\/414x0\/cloudfront-eu-central-1.images.arcpublishing.com\/prisa\/RBPU5ZJRZBF6HGASHK4MY2BXRQ.jpg?resize=414%2C263&#038;ssl=1\" srcset=\"https:\/\/imagenes.elpais.com\/resizer\/IT3wltWWJmZQmar5hqtBu-gtcN0=\/414x0\/cloudfront-eu-central-1.images.arcpublishing.com\/prisa\/RBPU5ZJRZBF6HGASHK4MY2BXRQ.jpg 414w,https:\/\/imagenes.elpais.com\/resizer\/CNDNrVy49khfky0e1l264_sdVp8=\/828x0\/cloudfront-eu-central-1.images.arcpublishing.com\/prisa\/RBPU5ZJRZBF6HGASHK4MY2BXRQ.jpg 640w,https:\/\/imagenes.elpais.com\/resizer\/CECljXpo1e1gmQyToePxaLZlZjI=\/980x0\/cloudfront-eu-central-1.images.arcpublishing.com\/prisa\/RBPU5ZJRZBF6HGASHK4MY2BXRQ.jpg 1000w,https:\/\/imagenes.elpais.com\/resizer\/igJVFNqg61_o7ELV1TihWqEkjUI=\/1960x0\/cloudfront-eu-central-1.images.arcpublishing.com\/prisa\/RBPU5ZJRZBF6HGASHK4MY2BXRQ.jpg 1960w\" alt=\"Ficha de entrada en M\u00e9xico de Trinidad Arroyo como asilada pol\u00edtica, en 1939.\" width=\"414\" height=\"263\" \/><\/span><figcaption class=\"a_m_p\">Ficha de entrada en M\u00e9xico de Trinidad Arroyo como asilada pol\u00edtica, en 1939.<span class=\"a_m_m\">PARES<\/span><\/figcaption><\/figure>\n<p class=\"\" style=\"text-align: justify;\">Arroyo fue vicepresidenta del Comit\u00e9 Nacional de Mujeres Antifascistas y en 1937 fund\u00f3 junto a su marido la Asociaci\u00f3n Espa\u00f1ola de Relaciones Culturales con la URSS. En plena Guerra Civil Espa\u00f1ola, ambos viajaron al Mosc\u00fa de Stalin para celebrar el D\u00eda del Trabajo. Y ambos huyeron de Espa\u00f1a ante el avance de las tropas franquistas. La nieta del primo de Arroyo <a href=\"https:\/\/www.tremedica.org\/wp-content\/uploads\/n31_semblanzas_Marquez.pdf\" target=\"_blank\" rel=\"noopener\" data-link-track-dtm=\"\">recuerda<\/a> que su nuevo hogar, en Ciudad de M\u00e9xico, se convirti\u00f3 en un punto de encuentro para los intelectuales exiliados, como el poeta Le\u00f3n Felipe y el escritor Max Aub. Trinidad Arroyo muri\u00f3 en la capital mexicana en 1959, a los 87 a\u00f1os, sin hijos.<\/p>\n<p class=\"\" style=\"text-align: justify;\">La oftalm\u00f3loga no olvid\u00f3 la patria de la que fue expulsada. Dej\u00f3 sus bienes al Instituto de Educaci\u00f3n Secundaria Jorge Man\u00adri\u00adque de Palencia, donde hab\u00eda estudiado, con el mandato de financiar becas para alumnos pobres, con la posibilidad de pagarles tambi\u00e9n la carrera de Medicina. La herencia inclu\u00eda acciones, una casa en Palencia y unos 11.000 metros cuadrados de tierras en Madrid, en la zona de Puerta de Hierro, seg\u00fan detalla <a href=\"https:\/\/docplayer.es\/88837471-Doctora-trinidad-arroyo-villaverde.html\" target=\"_blank\" rel=\"noopener\" data-link-track-dtm=\"\">Isidro Prieto<\/a>, profesor de Lat\u00edn jubilado del instituto y exsecretario de la fundaci\u00f3n creada para manejar las becas. Los terrenos se vendieron en los a\u00f1os ochenta por unos 300 millones de pesetas. Seg\u00fan las cuentas de Prieto, unos 150 j\u00f3venes han estudiado Medicina gracias a la herencia de Trinidad Arroyo. La mayor\u00eda, mujeres.<\/p>\n<p style=\"text-align: justify;\">\u00a0<\/p>\n<p style=\"text-align: justify;\"><a class=\"a_md_a_n\" title=\"Ver todas las noticias de Manuel Ansede\" href=\"https:\/\/elpais.com\/autor\/manuel-ansede-vazquez\/#?rel=author_top\"><strong>Manuel Ansede<\/strong><\/a><\/p>\n<h6>Manuel Ansede es periodista cient\u00edfico y antes fue m\u00e9dico de animales. Es cofundador de Materia, la secci\u00f3n de Ciencia de EL PA\u00cdS. Licenciado en Veterinaria en la Universidad Complutense de Madrid, hizo el M\u00e1ster en Periodismo y Comunicaci\u00f3n de la Ciencia, Tecnolog\u00eda, Medioambiente y Salud en la Universidad Carlos III<\/h6>\n<p style=\"text-align: justify;\">FOTO: Trinidad Arroyo vota en las elecciones a senadores en la Universidad Central de Madrid, en una fotograf\u00eda retocada en la \u00e9poca y fechada el 31 de marzo de 1916 en el archivo del \u00bb.ABC<span class=\"a_m_m\">Archivo ABC \/ Julio Duque<\/span><\/p>\n<p style=\"text-align: justify;\">https:\/\/elpais.com\/ciencia\/2022-02-20\/trinidad-arroyo-la-mujer-que-voto-17-anos-antes-que-las-demas.html?mid=DM103650&#038;bid=943050665?event_log=oklogin<\/p>\n","protected":false},"excerpt":{"rendered":"<p>La m\u00e9dica, nacida hace 150 a\u00f1os, oper\u00f3 los ojos de Benito P\u00e9rez Gald\u00f3s y particip\u00f3&#8230;<\/p>\n","protected":false},"author":1,"featured_media":52722,"comment_status":"closed","ping_status":"closed","sticky":false,"template":"","format":"standard","meta":{"_coblocks_attr":"","_coblocks_dimensions":"","_coblocks_responsive_height":"","_coblocks_accordion_ie_support":"","jetpack_post_was_ever_published":false,"_jetpack_newsletter_access":"","_jetpack_dont_email_post_to_subs":false,"_jetpack_newsletter_tier_id":0,"_jetpack_memberships_contains_paywalled_content":false,"_jetpack_memberships_contains_paid_content":false,"footnotes":"","jetpack_publicize_message":"","jetpack_publicize_feature_enabled":true,"jetpack_social_post_already_shared":true,"jetpack_social_options":{"image_generator_settings":{"template":"highway","default_image_id":0,"enabled":false},"version":2}},"categories":[1161,7721],"tags":[9003,715],"class_list":["post-52721","post","type-post","status-publish","format-standard","has-post-thumbnail","hentry","category-ciudadania","category-mujeres-que-cambiaron-la-historia","tag-sufragio-de-las-mujeres","tag-votar"],"jetpack_publicize_connections":[],"jetpack_featured_media_url":"https:\/\/i0.wp.com\/miradordeatarfe.es\/wp-content\/uploads\/2022\/03\/P535HQZVEZDOTFXUAECRV6UTE4.jpg?fit=1960%2C1451&ssl=1","jetpack_likes_enabled":true,"jetpack_sharing_enabled":true,"_links":{"self":[{"href":"https:\/\/miradordeatarfe.es\/index.php?rest_route=\/wp\/v2\/posts\/52721","targetHints":{"allow":["GET"]}}],"collection":[{"href":"https:\/\/miradordeatarfe.es\/index.php?rest_route=\/wp\/v2\/posts"}],"about":[{"href":"https:\/\/miradordeatarfe.es\/index.php?rest_route=\/wp\/v2\/types\/post"}],"author":[{"embeddable":true,"href":"https:\/\/miradordeatarfe.es\/index.php?rest_route=\/wp\/v2\/users\/1"}],"replies":[{"embeddable":true,"href":"https:\/\/miradordeatarfe.es\/index.php?rest_route=%2Fwp%2Fv2%2Fcomments&post=52721"}],"version-history":[{"count":1,"href":"https:\/\/miradordeatarfe.es\/index.php?rest_route=\/wp\/v2\/posts\/52721\/revisions"}],"predecessor-version":[{"id":52723,"href":"https:\/\/miradordeatarfe.es\/index.php?rest_route=\/wp\/v2\/posts\/52721\/revisions\/52723"}],"wp:featuredmedia":[{"embeddable":true,"href":"https:\/\/miradordeatarfe.es\/index.php?rest_route=\/wp\/v2\/media\/52722"}],"wp:attachment":[{"href":"https:\/\/miradordeatarfe.es\/index.php?rest_route=%2Fwp%2Fv2%2Fmedia&parent=52721"}],"wp:term":[{"taxonomy":"category","embeddable":true,"href":"https:\/\/miradordeatarfe.es\/index.php?rest_route=%2Fwp%2Fv2%2Fcategories&post=52721"},{"taxonomy":"post_tag","embeddable":true,"href":"https:\/\/miradordeatarfe.es\/index.php?rest_route=%2Fwp%2Fv2%2Ftags&post=52721"}],"curies":[{"name":"wp","href":"https:\/\/api.w.org\/{rel}","templated":true}]}}