{"id":52724,"date":"2022-03-09T09:03:13","date_gmt":"2022-03-09T08:03:13","guid":{"rendered":"https:\/\/miradordeatarfe.es\/?p=52724"},"modified":"2022-03-02T19:07:48","modified_gmt":"2022-03-02T18:07:48","slug":"el-aterrizaje-forzoso-en-el-aula-de-los-nuevos-profesores-que-no-ha-cambiado-en-40-anos-te-metes-a-dar-clase-a-lo-bruto-a-saco","status":"publish","type":"post","link":"https:\/\/miradordeatarfe.es\/?p=52724","title":{"rendered":"El aterrizaje forzoso en el aula de los nuevos profesores, que no ha cambiado en 40 a\u00f1os: \u201cTe metes a dar clase a lo bruto, a saco\u201d"},"content":{"rendered":"<h3 class=\"a_st\" style=\"text-align: justify;\">Los casos de dos docentes que consiguieron sus plazas en 1981 y en 2021 muestran m\u00ednimas diferencias en la incorporaci\u00f3n al trabajo, un momento clave para la calidad de la educaci\u00f3n en Espa\u00f1a<\/h3>\n<p class=\"\" style=\"text-align: justify;\">Las historias de dos docentes, uno que acaba de jubilarse y otra que acaba de conseguir la plaza, reflejan lo poco que ha cambiado en 40 a\u00f1os el aterrizaje en las aulas de los nuevos profesores, un trance que los expertos y las organizaciones educativas internacionales consideran trascendental para asegurar la calidad del sistema educativo. Javier Moreno, que aprob\u00f3 la oposici\u00f3n de maestro en 1981, recuerda: \u201cTe daban tu destino, te dec\u00edan d\u00f3nde ten\u00edas que dar clase y te met\u00edas ah\u00ed a lo bruto, a saco. En algunos centros eso no era muy problem\u00e1tico, en otros s\u00ed\u201d. Teresa Terrer, que se examin\u00f3 en 2021 y se convirti\u00f3 en funcionaria en pr\u00e1cticas en un instituto de secundaria en septiembre, a\u00f1ade: \u201cEntras como una trabajadora m\u00e1s. Cuando llegas al centro te dan el horario que te corresponde, los grupos que vas a cubrir y arrancas. Y ya empezado el curso te explican c\u00f3mo funciona el proceso y te asignan tu tutor\u201d.<\/p>\n<p class=\"\" style=\"text-align: justify;\">La incorporaci\u00f3n de los nuevos profesores funcionarios al sistema educativo p\u00fablico es hoy un desastre parecido al que hab\u00eda hace cuatro d\u00e9cadas, admite en privado un responsable educativo auton\u00f3mico. Algo que tambi\u00e9n reconoce, con otras palabras, el Ministerio de Educaci\u00f3n en <a href=\"https:\/\/elpais.com\/educacion\/2022-01-27\/el-gobierno-propone-que-haya-un-examen-especial-para-entrar-en-la-carrera-de-magisterio-y-evaluar-a-los-profesores-para-poder-ascender.html\" target=\"_blank\" rel=\"noopener\" data-link-track-dtm=\"\">el plan que present\u00f3 en enero para reformar la profesi\u00f3n docente<\/a>. El documento considera necesario que el periodo de pr\u00e1cticas de los profesores principiantes deje de ser \u201cun mero requisito formal como ocurre actualmente\u201d, y sea substituido por un verdadero proceso de \u201ctutorizaci\u00f3n\u201d que permita \u201caprender en la pr\u00e1ctica\u201d, aunque de momento no concreta m\u00e1s.<\/p>\n<p class=\"\" style=\"text-align: justify;\">Teresa Terrer es funcionaria en pr\u00e1cticas de Lengua y literatura castellana en el instituto Joanot Martorell, en Valencia, y da 16 clases a la semana. En los seis meses que durar\u00e1 su estancia, su tutora tendr\u00e1 que ver c\u00f3mo imparte 12 clases. Y Terrer deber\u00e1 entrar a observar tres sesiones de su tutora. La principiante ser\u00e1 evaluada al final, aunque el aprobado suele darse por seguro. El suspenso, indican fuentes educativas, que obligar\u00eda al afectado a volver a hacer las pr\u00e1cticas, est\u00e1 reservado para casos extremos de falta de idoneidad.<\/p>\n<p class=\"\" style=\"text-align: justify;\">Aunque agradece mucho la ayuda y los consejos de su tutora, Terrer considera insuficiente el sistema de acompa\u00f1amiento. Y advierte que la soledad inicial resulta a\u00fan m\u00e1s dram\u00e1tica para los profesores interinos, aquellos que cubren las bajas de docentes funcionarios y que normalmente han superado la oposici\u00f3n sin conseguir plaza, como le pas\u00f3 a ella en 2010. Aquel a\u00f1o, Terrer se inscribi\u00f3 en la bolsa para hacer sustituciones, pero <a href=\"https:\/\/elpais.com\/politica\/2012\/04\/09\/actualidad\/1333985643_619652.html\" target=\"_blank\" rel=\"noopener\" data-link-track-dtm=\"\">debido a los recortes que siguieron a la crisis financiera<\/a> (incremento de horas que deb\u00eda impartir un docente, aumento de alumnos por aula, ca\u00edda en picado en la demanda de interinos), no la llamaron hasta 2017. En esos siete a\u00f1os estuvo trabajando en el sector de la comunicaci\u00f3n, porque hab\u00eda estudiado la carrera de Imagen y Sonido.<\/p>\n<p class=\"\" style=\"text-align: justify;\">Antes de empezar a cubrir aquella baja, su \u00fanica experiencia en una clase hab\u00eda sido en 2006, durante el trimestre de pr\u00e1cticas del antiguo Curso de Aptitud Pedag\u00f3gica, el (CAP). \u201cFue un s\u00e1lvese quien pueda, porque no te preparan nada de nada. Te citan un d\u00eda para decirte tus clases y ense\u00f1arte el centro y te incorporas al siguiente, con el curso empezado. Te ves ah\u00ed con 25 alumnos y dices: \u2018No s\u00e9 c\u00f3mo controlar un aula\u2019. Es angustiante. Yo me pas\u00e9 el a\u00f1o pregunt\u00e1ndoselo todo a mis compa\u00f1eras, estudiando y prepar\u00e1ndome mucho las clases, porque ten\u00eda que ir muy segura\u201d.<\/p>\n<p class=\"\" style=\"text-align: justify;\">Comparado con aquello, el periodo de funcionaria en pr\u00e1cticas le est\u00e1 resultando mucho m\u00e1s f\u00e1cil, ahora que tiene muchas horas de clase a sus espaldas. Lo mismo les ocurre a la mayor\u00eda de nuevos funcionarios: cerca del 80% de las plazas de los concursos oposiciones las ganan interinos por los puntos que les proporciona la experiencia. La actual reforma del ministerio, adem\u00e1s de mejorar las pr\u00e1cticas de los funcionarios, pretende reducir el volumen de interinos (del 25% actual a un m\u00e1ximo del 8%) y potenciar el aprendizaje pr\u00e1ctico en las carreras de Magisterio y en el m\u00e1ster para ser profesor de secundaria.<\/p>\n<p class=\"\" style=\"text-align: justify;\">Cuarenta a\u00f1os antes, tras haber aprobado las oposiciones y haber pasado brevemente por un tranquilo colegio de pueblo, Javier Moreno fue destinado a un enorme centro de Alaqu\u00e0s, en el \u00e1rea metropolitana de Valencia. \u201cMe pusieron en s\u00e9ptimo de EGB, en el grupo D, que era donde iban a repetir una y otra vez los alumnos hasta que cumpl\u00edan 14 a\u00f1os y pod\u00edan irse aunque no se hubieran graduado. Y eso reci\u00e9n salido. No solo no te daban unas orientaciones, sino que sol\u00edan darte las plazas m\u00e1s complicadas, las que nadie quer\u00eda y estaban vac\u00edas. Eso no se ha modificado mucho\u201d.<\/p>\n<figure class=\"a_m a_m-h\" style=\"text-align: justify;\"><span class=\"_db a_m_w _pr lb_btn\"><img data-recalc-dims=\"1\" loading=\"lazy\" decoding=\"async\" class=\"_re lazyload a_m-h\" src=\"https:\/\/i0.wp.com\/imagenes.elpais.com\/resizer\/KRPmW87O0E68FrIo_LRaoxJ2GoY%3D\/414x0\/cloudfront-eu-central-1.images.arcpublishing.com\/prisa\/P4N5XLD7FRCC5ONVL24GBX4SZI.JPG?resize=414%2C311&#038;ssl=1\" srcset=\"https:\/\/imagenes.elpais.com\/resizer\/KRPmW87O0E68FrIo_LRaoxJ2GoY=\/414x0\/cloudfront-eu-central-1.images.arcpublishing.com\/prisa\/P4N5XLD7FRCC5ONVL24GBX4SZI.JPG 414w,https:\/\/imagenes.elpais.com\/resizer\/p7D3Wrf5CU3nwB5ZQxLGdMtDLes=\/828x0\/cloudfront-eu-central-1.images.arcpublishing.com\/prisa\/P4N5XLD7FRCC5ONVL24GBX4SZI.JPG 640w,https:\/\/imagenes.elpais.com\/resizer\/O2ms7rojG-wIyPfTBcPk79kK6bs=\/980x0\/cloudfront-eu-central-1.images.arcpublishing.com\/prisa\/P4N5XLD7FRCC5ONVL24GBX4SZI.JPG 1000w,https:\/\/imagenes.elpais.com\/resizer\/BBV5aCxQ1HGhCcF-2GxWgJCG8ls=\/1960x0\/cloudfront-eu-central-1.images.arcpublishing.com\/prisa\/P4N5XLD7FRCC5ONVL24GBX4SZI.JPG 1960w\" alt=\"Javier Moreno, profesor jubilado, en su casa de Valencia.\" width=\"414\" height=\"311\" \/><\/span><figcaption class=\"a_m_p\">Javier Moreno, profesor jubilado, en su casa de Valencia.<span class=\"a_m_m\">M\u00f2nica Torres <\/span><\/figcaption><\/figure>\n<p class=\"\" style=\"text-align: justify;\">Por su concepci\u00f3n de la educaci\u00f3n, Moreno se especializ\u00f3 en los llamados centros de compensatoria, en barrios complicados de la geograf\u00eda valenciana. Fue director, asesor de los centros de formaci\u00f3n del profesorado y docente de adultos. Tras haber estudiado Geograf\u00eda e Historia, se present\u00f3 a otra oposici\u00f3n y trabaj\u00f3 como profesor de instituto de esa especialidad hasta que se jubil\u00f3. A trav\u00e9s de su experiencia, Moreno se convenci\u00f3 de la importancia de la<i> mentorizaci\u00f3n.<\/i> \u201cDeber\u00eda haber una tutorizaci\u00f3n de la gente nueva por parte de profesores con 10 o 15 a\u00f1os de experiencia, que los acompa\u00f1aran en sus inicios durante uno o dos a\u00f1os y vieran reconocida esa funci\u00f3n en su carrera docente, retributivamente o con horas. Por ah\u00ed podr\u00eda venir mucho la mejora que hace falta\u201d.<\/p>\n<h3 class=\"\" style=\"text-align: justify;\">Saber lo que pasa en la clase de al lado<\/h3>\n<p class=\"\" style=\"text-align: justify;\"><a href=\"https:\/\/elpais.com\/educacion\/2021-03-14\/la-revolucion-de-los-dos-profesores-en-el-aula-se-abre-paso-en-la-educacion-publica.html\" target=\"_blank\" rel=\"noopener\" data-link-track-dtm=\"\">Trabajar juntos en clase<\/a> ser\u00eda beneficioso para el docente veterano, el principiante, sus alumnos, el centro y el sistema educativo, cree Javier Moreno. El novel aprender\u00eda el oficio de forma menos traum\u00e1tica. Al experto, tener al lado al joven le servir\u00eda para tener la clase mejor controlada y \u201cpodr\u00eda ayudarle a reciclarse y ponerse al d\u00eda en algunas cuestiones\u201d.<\/p>\n<p class=\"\" style=\"text-align: justify;\">Tambi\u00e9n, prosigue Moreno, reducir\u00eda la tradicional din\u00e1mica de trabajo \u201caislado\u201d del profesorado: \u201cTendr\u00edan que socializar una metodolog\u00eda. Igual que un ingeniero no puede inventarse los c\u00f3digos de colores de los planos, porque los tienen que interpretar otras personas, en la docencia compartida no puedes entrar al aula con un papelito y tres notas. Hay que hacerlo de forma m\u00e1s profesional y comunicable a otros. Ser\u00eda bueno para el que est\u00e1 en el aula y para otros docentes poder saber lo que pasa en la clase de al lado, porque a lo mejor hay cosas que pueden interesarles\u201d.<\/p>\n<p style=\"text-align: justify;\"><a class=\"a_md_a_n\" title=\"Ver todas las noticias de Ignacio Zafra\" href=\"https:\/\/elpais.com\/autor\/ignacio-zafra\/#?rel=author_top\"><strong>Ignacio Zafra<\/strong><\/a><\/p>\n<header class=\"a_e _g _g-xs\">\n<div class=\"a_e_m\">\n<figure class=\"a_m a_m-h\"><figcaption class=\"a_m_p\">FOTO: La funcionaria en pr\u00e1cticas Teresa Terrer, en clase en el instituto p\u00fablico Joanot Martorell de Valencia.<span class=\"a_m_m\">KIKE TABERNER<\/span><\/figcaption><\/figure>\n<\/div>\n<\/header>\n<div class=\"a_md _g _g-xs \">\n<figure class=\"a_md_i a_m-h\"><span class=\"a_m_w _db\">https:\/\/elpais.com\/educacion\/2022-02-21\/el-aterrizaje-forzoso-en-el-aula-de-los-nuevos-profesores-que-no-ha-cambiado-en-40-anos-te-metes-a-dar-clase-a-lo-bruto-a-saco.html<\/span><\/figure>\n<div class=\"a_md_txt\">\n<div class=\"a_md_a\">\u00a0<\/div>\n<\/div>\n<\/div>\n","protected":false},"excerpt":{"rendered":"<p>Los casos de dos docentes que consiguieron sus plazas en 1981 y en 2021 muestran&#8230;<\/p>\n","protected":false},"author":1,"featured_media":52725,"comment_status":"closed","ping_status":"closed","sticky":false,"template":"","format":"standard","meta":{"_coblocks_attr":"","_coblocks_dimensions":"","_coblocks_responsive_height":"","_coblocks_accordion_ie_support":"","jetpack_post_was_ever_published":false,"_jetpack_newsletter_access":"","_jetpack_dont_email_post_to_subs":false,"_jetpack_newsletter_tier_id":0,"_jetpack_memberships_contains_paywalled_content":false,"_jetpack_memberships_contains_paid_content":false,"footnotes":"","jetpack_publicize_message":"","jetpack_publicize_feature_enabled":true,"jetpack_social_post_already_shared":true,"jetpack_social_options":{"image_generator_settings":{"template":"highway","default_image_id":0,"enabled":false},"version":2}},"categories":[187,1161,44,7671,6937,15],"tags":[27,2761,9004,69],"class_list":["post-52724","post","type-post","status-publish","format-standard","has-post-thumbnail","hentry","category-centros-educativos","category-ciudadania","category-noticias-de-hoy","category-politica","category-sociedad","category-ultimas-noticias","tag-educacion","tag-ensenanza","tag-metodologia","tag-oposiciones"],"jetpack_publicize_connections":[],"jetpack_featured_media_url":"https:\/\/i0.wp.com\/miradordeatarfe.es\/wp-content\/uploads\/2022\/03\/LSUJ4GGTZZGL7LLCOQKYCFVGSI.webp?fit=1960%2C1307&ssl=1","jetpack_likes_enabled":true,"jetpack_sharing_enabled":true,"_links":{"self":[{"href":"https:\/\/miradordeatarfe.es\/index.php?rest_route=\/wp\/v2\/posts\/52724","targetHints":{"allow":["GET"]}}],"collection":[{"href":"https:\/\/miradordeatarfe.es\/index.php?rest_route=\/wp\/v2\/posts"}],"about":[{"href":"https:\/\/miradordeatarfe.es\/index.php?rest_route=\/wp\/v2\/types\/post"}],"author":[{"embeddable":true,"href":"https:\/\/miradordeatarfe.es\/index.php?rest_route=\/wp\/v2\/users\/1"}],"replies":[{"embeddable":true,"href":"https:\/\/miradordeatarfe.es\/index.php?rest_route=%2Fwp%2Fv2%2Fcomments&post=52724"}],"version-history":[{"count":1,"href":"https:\/\/miradordeatarfe.es\/index.php?rest_route=\/wp\/v2\/posts\/52724\/revisions"}],"predecessor-version":[{"id":52726,"href":"https:\/\/miradordeatarfe.es\/index.php?rest_route=\/wp\/v2\/posts\/52724\/revisions\/52726"}],"wp:featuredmedia":[{"embeddable":true,"href":"https:\/\/miradordeatarfe.es\/index.php?rest_route=\/wp\/v2\/media\/52725"}],"wp:attachment":[{"href":"https:\/\/miradordeatarfe.es\/index.php?rest_route=%2Fwp%2Fv2%2Fmedia&parent=52724"}],"wp:term":[{"taxonomy":"category","embeddable":true,"href":"https:\/\/miradordeatarfe.es\/index.php?rest_route=%2Fwp%2Fv2%2Fcategories&post=52724"},{"taxonomy":"post_tag","embeddable":true,"href":"https:\/\/miradordeatarfe.es\/index.php?rest_route=%2Fwp%2Fv2%2Ftags&post=52724"}],"curies":[{"name":"wp","href":"https:\/\/api.w.org\/{rel}","templated":true}]}}