{"id":52727,"date":"2022-03-05T11:36:23","date_gmt":"2022-03-05T10:36:23","guid":{"rendered":"https:\/\/miradordeatarfe.es\/?p=52727"},"modified":"2022-03-03T18:53:57","modified_gmt":"2022-03-03T17:53:57","slug":"atarfe-actividades-con-motivo-del-8m-dia-internacional-de-las-mujeres","status":"publish","type":"post","link":"https:\/\/miradordeatarfe.es\/?p=52727","title":{"rendered":"ATARFE: ACTIVIDADES CON MOTIVO DEL 8M DIA INTERNACIONAL DE LAS MUJERES"},"content":{"rendered":"<div class=\"\" dir=\"auto\">\n<div id=\"jsc_c_ad\" class=\"ecm0bbzt hv4rvrfc ihqw7lf3 dati1w0a\" data-ad-comet-preview=\"message\" data-ad-preview=\"message\">\n<div class=\"j83agx80 cbu4d94t ew0dbk1b irj2b8pg\">\n<div class=\"qzhwtbm6 knvmm38d\">\n<div class=\"kvgmc6g5 cxmmr5t8 oygrvhab hcukyx3x c1et5uql ii04i59q\">\n<h3 dir=\"auto\">La Concejal\u00eda de Igualdad, a trav\u00e9s del Centro Municipal de Informaci\u00f3n a las Mujeres, ha organizado una serie de actividades para conmemorar el 8 de Marzo, D\u00eda Internacional de las Mujeres, que se celebra el pr\u00f3ximo martes.<\/h3>\n<div dir=\"auto\">\u00a0<\/div>\n<\/div>\n<div class=\"cxmmr5t8 oygrvhab hcukyx3x c1et5uql o9v6fnle ii04i59q\">\n<div dir=\"auto\">El mismo martes, a las <em><strong>12:00 del mediod\u00eda<\/strong>,<\/em> habr\u00e1 concentraci\u00f3n y lectura de manifiesto en la<strong><em> Plaza del Ayuntamiento. <br \/>\n<\/em><\/strong><\/div>\n<div dir=\"auto\">\u00a0<\/div>\n<\/div>\n<div dir=\"auto\">Por la tarde a las 1<strong>8:30 en GRANADA<\/strong> desde la <strong>plaza del Triunfo<\/strong>\u00a0 manifestaci\u00f3n de la Plataforma 8M y 25N .<strong><em>(<a href=\"%20https:\/\/miradordeatarfe.es\/?p=52664\">https:\/\/miradordeatarfe.es\/?p=52664<\/a>)<\/em><\/strong><\/div>\n<div class=\"cxmmr5t8 oygrvhab hcukyx3x c1et5uql o9v6fnle ii04i59q\">\n<div dir=\"auto\">\u00a0<\/div>\n<\/div>\n<div class=\"cxmmr5t8 oygrvhab hcukyx3x c1et5uql o9v6fnle ii04i59q\">\n<div dir=\"auto\">El mi\u00e9rcoles, <strong>proyecci\u00f3n del documental \u2018Mujer y represi\u00f3n: la vida en negro<\/strong>\u2019, a las seis y media de la tarde en el <strong>Centro Cultural Medina Elvira,<\/strong> con entrada gratuita.<\/div>\n<div dir=\"auto\">\u00a0<\/div>\n<\/div>\n<div class=\"cxmmr5t8 oygrvhab hcukyx3x c1et5uql o9v6fnle ii04i59q\">\n<div dir=\"auto\">El jueves <strong>10 de marzo, teatro,<\/strong> <strong>\u2018Reflexiones de mujeres al borde del abismo\u2019<\/strong>, a las siete de la tarde en el Centro Cultural, con entrada gratuita.<\/div>\n<div dir=\"auto\">\u00a0<\/div>\n<\/div>\n<div class=\"cxmmr5t8 oygrvhab hcukyx3x c1et5uql o9v6fnle ii04i59q\">\n<div dir=\"auto\">El 18 de marzo habr\u00e1 una <strong>charla sobre corresponsabilidad en los cuidados<\/strong>, a las once de la ma\u00f1ana en el Centro C\u00edvico, dirigida a padres y madres del Grupo Activa Progresa.<\/div>\n<div dir=\"auto\">\u00a0<\/div>\n<\/div>\n<div class=\"cxmmr5t8 oygrvhab hcukyx3x c1et5uql o9v6fnle ii04i59q\">\n<div dir=\"auto\">El <strong>d\u00eda 22, gymkana de tareas dom\u00e9sticas para ni\u00f1os y ni\u00f1as<\/strong> del Grupo Activa Progresa.<\/div>\n<div dir=\"auto\">\u00a0<\/div>\n<\/div>\n<div class=\"cxmmr5t8 oygrvhab hcukyx3x c1et5uql o9v6fnle ii04i59q\">\n<div dir=\"auto\">Y durante todo el mes de marzo se desarrollar\u00e1 un <strong>taller de intervenci\u00f3n educativa ante la publicidad sexista en los centros educativos.<\/strong><\/div>\n<div dir=\"auto\">\u00a0<\/div>\n<\/div>\n<div class=\"cxmmr5t8 oygrvhab hcukyx3x c1et5uql o9v6fnle ii04i59q\">\n<div dir=\"auto\">Adem\u00e1s, la Concejal\u00eda de Juventud, con la colaboraci\u00f3n de Igualdad, organiza <strong>el proyecto \u2018Mujeres que rompieron el techo de cristal\u2019<\/strong>, que incluye la <em>realizaci\u00f3n de un mural participativo<\/em> los <strong>d\u00edas 9, 10 y 11<\/strong> de marzo (hay que inscribirse antes del d\u00eda 7 en el \u00e1rea de Juventud). <a href=\"%20https:\/\/miradordeatarfe.es\/?p=52660\">(https:\/\/miradordeatarfe.es\/?p=52660)<\/a><\/div>\n<div dir=\"auto\">\u00a0<\/div>\n<\/div>\n<\/div>\n<\/div>\n<div dir=\"auto\">\u00a0<\/div>\n<\/div>\n<\/div>\n<div id=\"jsc_c_ae\" class=\"l9j0dhe7\">\n<div class=\"l9j0dhe7\">\n<div><a href=\"https:\/\/i0.wp.com\/miradordeatarfe.es\/wp-content\/uploads\/2022\/03\/275239577_5056769484386881_6391877205662162188_n.jpg?ssl=1\"><img data-recalc-dims=\"1\" loading=\"lazy\" decoding=\"async\" class=\"wp-image-52728  aligncenter\" src=\"https:\/\/i0.wp.com\/miradordeatarfe.es\/wp-content\/uploads\/2022\/03\/275239577_5056769484386881_6391877205662162188_n.jpg?resize=640%2C905&#038;ssl=1\" alt=\"\" width=\"640\" height=\"905\" srcset=\"https:\/\/i0.wp.com\/miradordeatarfe.es\/wp-content\/uploads\/2022\/03\/275239577_5056769484386881_6391877205662162188_n.jpg?w=509&amp;ssl=1 509w, https:\/\/i0.wp.com\/miradordeatarfe.es\/wp-content\/uploads\/2022\/03\/275239577_5056769484386881_6391877205662162188_n.jpg?resize=212%2C300&amp;ssl=1 212w\" sizes=\"auto, (max-width: 640px) 100vw, 640px\" \/><\/a><\/div>\n<\/div>\n<\/div>\n","protected":false},"excerpt":{"rendered":"<p>La Concejal\u00eda de Igualdad, a trav\u00e9s del Centro Municipal de Informaci\u00f3n a las Mujeres, ha&#8230;<\/p>\n","protected":false},"author":1,"featured_media":52729,"comment_status":"closed","ping_status":"closed","sticky":false,"template":"","format":"standard","meta":{"_coblocks_attr":"","_coblocks_dimensions":"","_coblocks_responsive_height":"","_coblocks_accordion_ie_support":"","jetpack_post_was_ever_published":false,"_jetpack_newsletter_access":"","_jetpack_dont_email_post_to_subs":false,"_jetpack_newsletter_tier_id":0,"_jetpack_memberships_contains_paywalled_content":false,"_jetpack_memberships_contains_paid_content":false,"footnotes":"","jetpack_publicize_message":"","jetpack_publicize_feature_enabled":true,"jetpack_social_post_already_shared":true,"jetpack_social_options":{"image_generator_settings":{"template":"highway","default_image_id":0,"enabled":false},"version":2}},"categories":[2,6916,187,1161,186,44,15],"tags":[47,5795,41,19],"class_list":["post-52727","post","type-post","status-publish","format-standard","has-post-thumbnail","hentry","category-atarfe","category-ayuntamiento-de-atarfe","category-centros-educativos","category-ciudadania","category-instituciones","category-noticias-de-hoy","category-ultimas-noticias","tag-8-de-marzo","tag-dia-de-las-mujeres","tag-feminismo","tag-mujeres"],"jetpack_publicize_connections":[],"jetpack_featured_media_url":"https:\/\/i0.wp.com\/miradordeatarfe.es\/wp-content\/uploads\/2022\/03\/275239577_5056769484386881_6391877205662162188_n-2.jpg?fit=266%2C171&ssl=1","jetpack_likes_enabled":true,"jetpack_sharing_enabled":true,"_links":{"self":[{"href":"https:\/\/miradordeatarfe.es\/index.php?rest_route=\/wp\/v2\/posts\/52727","targetHints":{"allow":["GET"]}}],"collection":[{"href":"https:\/\/miradordeatarfe.es\/index.php?rest_route=\/wp\/v2\/posts"}],"about":[{"href":"https:\/\/miradordeatarfe.es\/index.php?rest_route=\/wp\/v2\/types\/post"}],"author":[{"embeddable":true,"href":"https:\/\/miradordeatarfe.es\/index.php?rest_route=\/wp\/v2\/users\/1"}],"replies":[{"embeddable":true,"href":"https:\/\/miradordeatarfe.es\/index.php?rest_route=%2Fwp%2Fv2%2Fcomments&post=52727"}],"version-history":[{"count":4,"href":"https:\/\/miradordeatarfe.es\/index.php?rest_route=\/wp\/v2\/posts\/52727\/revisions"}],"predecessor-version":[{"id":52733,"href":"https:\/\/miradordeatarfe.es\/index.php?rest_route=\/wp\/v2\/posts\/52727\/revisions\/52733"}],"wp:featuredmedia":[{"embeddable":true,"href":"https:\/\/miradordeatarfe.es\/index.php?rest_route=\/wp\/v2\/media\/52729"}],"wp:attachment":[{"href":"https:\/\/miradordeatarfe.es\/index.php?rest_route=%2Fwp%2Fv2%2Fmedia&parent=52727"}],"wp:term":[{"taxonomy":"category","embeddable":true,"href":"https:\/\/miradordeatarfe.es\/index.php?rest_route=%2Fwp%2Fv2%2Fcategories&post=52727"},{"taxonomy":"post_tag","embeddable":true,"href":"https:\/\/miradordeatarfe.es\/index.php?rest_route=%2Fwp%2Fv2%2Ftags&post=52727"}],"curies":[{"name":"wp","href":"https:\/\/api.w.org\/{rel}","templated":true}]}}