{"id":52753,"date":"2022-03-12T10:51:12","date_gmt":"2022-03-12T09:51:12","guid":{"rendered":"https:\/\/miradordeatarfe.es\/?p=52753"},"modified":"2022-03-06T12:48:18","modified_gmt":"2022-03-06T11:48:18","slug":"paco-olvera-algunas-reflexiones-para-futuros-docentes","status":"publish","type":"post","link":"https:\/\/miradordeatarfe.es\/?p=52753","title":{"rendered":"Paco Olvera: \u00abAlgunas reflexiones para futuros docentes\u00bb"},"content":{"rendered":"<p align=\"JUSTIFY\">Desde que mi libro <i>Educar es amar, <\/i>vio la luz, lo he presentado en varias ocasiones. Una de ellas, iba a ser la organizada por el Departamento de Did\u00e1ctica y Organizaci\u00f3n Escolar de la Universidad de M\u00e1laga que, finalmente tuvo que ser aplazada debido a la pandemia. En cuanto sea posible la haremos.<br \/>\n<span id=\"more-59084\"><\/span><\/p>\n<p align=\"JUSTIFY\">Tengo mucho inter\u00e9s en este encuentro, ya que est\u00e1 orientado para futuros y futuras docentes. M\u00e1s que presentar el libro, quiero aprovechar la ocasi\u00f3n para provocar una reflexi\u00f3n y, debate, sobre algunas cuestiones claves de la Educaci\u00f3n. No es muy habitual que, antes de empezar mi exposici\u00f3n, les plantee a los asistentes que se pronuncien sobre dos cuestiones: \u00bfQu\u00e9 ideas previas ten\u00e9is sobre lo que es educar? \u00bfCre\u00e9is que da igual que utilicemos un paradigma educativo u otro? Tras mi exposici\u00f3n abriremos un debate.<\/p>\n<p align=\"CENTER\"><b>Educar desde los conocimientos cient\u00edficos<\/b><\/p>\n<p align=\"JUSTIFY\"><b> <\/b>Se dice con frecuencia que, tenemos de manera mayoritaria, unas ense\u00f1anzas del siglo XIX para unas necesidades sociales del siglo XXI. Parece como si para la instituci\u00f3n escolar no pasara el tiempo, o que, lo hiciera de una manera exasperantemente lenta. En muchos centros educativos, se sigue trabajando con m\u00e9todos y pr\u00e1cticas docentes, sustentadas en las propuestas cerradas de los libros de texto, en donde el memorismo y las repeticiones son los elementos did\u00e1cticos predominantes.<\/p>\n<p align=\"JUSTIFY\">A lo largo del tiempo ha habido, sin embargo, pr\u00e1cticas innovadoras basadas en la observaci\u00f3n sistem\u00e1tica de las actividades humanas y los procesos naturales, en la constataci\u00f3n de la eficacia de algunas intuiciones did\u00e1cticas, en la creaci\u00f3n de ambientes educativos estimulantes y, adem\u00e1s, de seguridad emocional. Propuestas como las de la <i>Instituci\u00f3n Libre de Ense\u00f1anza<\/i> o t\u00e9cnicas como las de <i>Celest\u00edn y Elise Freinet,<\/i> pueden ser dos magn\u00edficos ejemplos, no tan lejanos en el tiempo.<\/p>\n<p align=\"JUSTIFY\">En la actualidad, los avances cient\u00edficos conseguidos por la <i>Neuroeducaci\u00f3n<\/i>, nos permiten conocer mucho mejor el funcionamiento del cerebro en los procesos de ense\u00f1anza-aprendizaje. El <i>sistema l\u00edmbico<\/i>, junto a la corteza cerebral, forman una maravillosa red de sinapsis neuronales, que captan percepciones e informaci\u00f3n, las guardan en la memoria y son estimuladas por las emociones para construir los saberes. Conocer y aplicar estos avances, deber\u00eda ser imprescindible para llevar a cabo la acci\u00f3n de educar. Decimos que educar es amar y, habr\u00eda que a\u00f1adir tambi\u00e9n que, educar es emocionar.<\/p>\n<figure id=\"attachment_59085\" class=\"wp-caption aligncenter\" aria-describedby=\"caption-attachment-59085\"><img data-recalc-dims=\"1\" loading=\"lazy\" decoding=\"async\" class=\"size-full wp-image-59085\" src=\"https:\/\/i0.wp.com\/static-ms.ideal.es\/wp-content\/uploads\/sites\/17\/2022\/02\/Foto-1-Ilustraci%C3%B3n-del-Sistema-L%C3%ADmbico.jpg?resize=640%2C460&#038;ssl=1\" sizes=\"auto, (max-width: 650px) 100vw, 650px\" srcset=\"https:\/\/static-ms.ideal.es\/wp-content\/uploads\/sites\/17\/2022\/02\/Foto-1-Ilustraci\u00f3n-del-Sistema-L\u00edmbico.jpg 650w, \/wp-content\/uploads\/sites\/17\/2022\/02\/Foto-1-Ilustraci\u00f3n-del-Sistema-L\u00edmbico-300x216.jpg 300w\" alt=\"\" width=\"640\" height=\"460\" \/><figcaption id=\"caption-attachment-59085\" class=\"wp-caption-text\"><em><strong>Ilustraci\u00f3n del Sistema L\u00edmbico<\/strong><\/em><\/figcaption><\/figure>\n<p align=\"CENTER\"><b>Necesitamos un clima escolar que cuide las emociones y los afectos<\/b><\/p>\n<p align=\"JUSTIFY\">Cuando educamos desde el amor, favorecemos que afloren los sentimientos y las emociones. Para que esto sea posible, necesitamos un ambiente escolar que est\u00e9 basado en la <i>participaci\u00f3n<\/i> de todos los sectores de la comunidad educativa y, donde la organizaci\u00f3n, el funcionamiento y la convivencia, sean debatidos y consensuados de manera colectiva. Los centros escolares y la educaci\u00f3n que se desarrolla en ellos, nos conciernen a todos y todas.<\/p>\n<p align=\"JUSTIFY\">La participaci\u00f3n de las familias y del alumnado, no han sido recogidas de manera demasiado generosa en nuestras leyes educativas. Ni siquiera, cuando estas han querido ir m\u00e1s lejos, han posibilitado una participaci\u00f3n real y efectiva. Los <i>Consejos Escolares<\/i> son instituciones en las que la participaci\u00f3n de las familias y, el alumnado, languidecen por lo menguado de sus competencias y por su funcionamiento burocr\u00e1tico.<\/p>\n<p align=\"JUSTIFY\">Sin embargo, podemos hacer muchas cosas en el interior de nuestras aulas. Afortunadamente, es en ellas, donde se desarrolla la esencia de la educaci\u00f3n. Nadie nos puede prohibir que demos la palabra a nuestros alumnos y alumnas, con un funcionamiento participativo basado en la <i>asamblea de clase<\/i>. Ni tampoco que favorezcamos y profundicemos la participaci\u00f3n <i>colaborativa<\/i>, en las reuniones con las familias.<\/p>\n<p align=\"JUSTIFY\">Al darles la palabra a los ni\u00f1os y ni\u00f1as, estamos propiciando que se desarrollen los <i>valores democr\u00e1ticos<\/i> y, que afloren adem\u00e1s, sus <i>emociones y afectos<\/i>. Al mismo tiempo, al tener en cuenta sus necesidades e intereses, a la hora de construir y desarrollar el curr\u00edculo de clase, les estamos haciendo part\u00edcipes de sus aprendizajes.<\/p>\n<figure id=\"attachment_59086\" class=\"wp-caption aligncenter\" aria-describedby=\"caption-attachment-59086\"><img data-recalc-dims=\"1\" loading=\"lazy\" decoding=\"async\" class=\"size-full wp-image-59086\" src=\"https:\/\/i0.wp.com\/static-ms.ideal.es\/wp-content\/uploads\/sites\/17\/2022\/02\/Foto-2-Una-educaci%C3%B3n-que-cuide-las-emociones-y-los-afectos.jpg?resize=640%2C426&#038;ssl=1\" sizes=\"auto, (max-width: 650px) 100vw, 650px\" srcset=\"https:\/\/static-ms.ideal.es\/wp-content\/uploads\/sites\/17\/2022\/02\/Foto-2-Una-educaci\u00f3n-que-cuide-las-emociones-y-los-afectos.jpg 650w, \/wp-content\/uploads\/sites\/17\/2022\/02\/Foto-2-Una-educaci\u00f3n-que-cuide-las-emociones-y-los-afectos-300x200.jpg 300w\" alt=\"\" width=\"640\" height=\"426\" \/><figcaption id=\"caption-attachment-59086\" class=\"wp-caption-text\"><em><strong>Una educaci\u00f3n que cuide de las emociones y los afectos<\/strong><\/em><\/figcaption><\/figure>\n<p align=\"CENTER\"><b>Los curr\u00edculos tienen que ser abiertos<\/b><\/p>\n<p align=\"JUSTIFY\">Frente a la<b> <\/b>propuesta cerrada de los libros de texto, los curr\u00edculos deben ser abiertos. Los conocimientos son tan enormemente diversos, din\u00e1micos y contextuales que, es imposible que puedan ser recogidos en los libros de textos. Desde luego que necesitamos un curr\u00edculo, pero este debe estar adaptado a los contextos donde se desarrolla la educaci\u00f3n, debe partir de los intereses del alumnado y, desde luego tambi\u00e9n, de todas aquellas propuestas que cada docente considere necesarias y prioritarias. El <i>objetivo<\/i> debe ser siempre que, cada alumno y alumna, adquieran el mayor desarrollo intelectual, afectivo y social.<\/p>\n<p align=\"JUSTIFY\">El segundo nivel de <i>concreci\u00f3n curricular de los Planes de Centro,<\/i> pero sobre todo, las<i> concreciones curriculares en las aulas<\/i>, no pueden ser dejadas en manos de las editoriales de los libros de texto. Los docentes no podemos renunciar a nuestra <i>autonom\u00eda pedag\u00f3gica<\/i> al dise\u00f1ar, desarrollar, priorizar y concretar<i> <\/i>los<i> contenidos<\/i> de esos curr\u00edculos. Adem\u00e1s, y, consecuentemente, tendremos que elegir tambi\u00e9n las <i>metodolog\u00edas <\/i>y <i>criterios de evaluaci\u00f3n<\/i> que sean coherentes.<\/p>\n<p align=\"CENTER\"><b>Autonom\u00eda, creatividad e investigaci\u00f3n<\/b><\/p>\n<p align=\"JUSTIFY\"><b> <\/b>Es muy importante que nuestro alumnado se sienta protagonista en la construcci\u00f3n de sus conocimientos. Es por ello por lo que decimos que, el curr\u00edculo tiene que partir y, tener en cuenta, sus intereses. Esos intereses alimentan la motivaci\u00f3n y, a partir de ella, se ponen en marcha las emociones necesarias para desear saber. La <i>neuroeducaci\u00f3n<\/i> nos viene mostrando, con numerosas pruebas validadas cient\u00edficamente, el funcionamiento de los procesos de los aprendizajes.<\/p>\n<p align=\"JUSTIFY\">Para que el alumnado sea protagonista de sus aprendizajes, necesita desarrollar su responsabilidad y, lograr as\u00ed, un importante grado de <i>autonom\u00eda personal<\/i>. Una manera muy eficaz de caminar en esa direcci\u00f3n, son <i>los contratos<\/i> o <i>planes de trabajo<\/i>. Mediante esta pr\u00e1ctica educativa, el alumnado planifica sus tareas, las realiza seg\u00fan sus propios ritmos y prioridades y, finalmente, comparte los resultados con la clase, donde son conocidos y valorados de manera colectiva.<\/p>\n<p align=\"JUSTIFY\">La <i>creatividad<\/i>, en cuanto capacidad para crear y asociar nuevas ideas y conceptos, debe estar siempre presente, en una educaci\u00f3n de curr\u00edculo abierto. En el Lenguaje por ejemplo, podr\u00e1 aparecer, a partir de los<i> textos libres<\/i> de<i> Celest\u00edn Freinet<\/i> o de t\u00e9cnicas como las que nos leg\u00f3 <i>Gianni Rodari<\/i> en sus <i>Cuentos por tel\u00e9fono<\/i> o su <i>Gram\u00e1tica de la fantas\u00eda<\/i>. El c\u00e1lculo tiene que ser <i>vivo<\/i> y \u00fatil, ayudando a comprender y resolver cuestiones cotidianas de vida, as\u00ed como, ser herramientas necesarias en las investigaciones escolares. En otras actividades como el <i>teatro<\/i>, la <i>pl\u00e1stica<\/i> y los diversos<i> talleres, <\/i>bastar\u00e1 con darles los tiempos y espacios necesarios para que fluyan y se integren en el curr\u00edculo.<\/p>\n<p align=\"JUSTIFY\">Las <i>investigaciones escolares<\/i> son otro pilar b\u00e1sico de un aprendizaje aut\u00f3nomo y cient\u00edfico. En vez de estudiar de una manera m\u00e1s o menos memor\u00edstica, los \u00e1mbitos de las Sociales y Naturales que nos proponen los libros de texto, formaremos a nuestro alumnado en <i>los pasos del m\u00e9todo cient\u00edfico<\/i>. Con esta herramienta podr\u00e1n investigar cualquier tema que les interese. Una vez elegido el tema de estudio, realizar\u00e1n un esquema, ubicar\u00e1n el objeto a estudiar mediante un croquis, realizar\u00e1n las mediciones necesarias y recoger\u00e1n muestras, dar\u00e1n respuesta a las hip\u00f3tesis que surjan y, finalmente, elaborar\u00e1n un cuadernillo que ser\u00e1 presentado en la clase. Los docentes animaremos y acompa\u00f1aremos, en todo momento, el proceso investigador de cada trabajo.<\/p>\n<figure id=\"attachment_59087\" class=\"wp-caption aligncenter\" aria-describedby=\"caption-attachment-59087\"><img data-recalc-dims=\"1\" loading=\"lazy\" decoding=\"async\" class=\"size-full wp-image-59087\" src=\"https:\/\/i0.wp.com\/static-ms.ideal.es\/wp-content\/uploads\/sites\/17\/2022\/02\/Foto-3-Ni%C3%B1os-y-ni%C3%B1as-investigando-en-el-r%C3%ADo.jpg?resize=640%2C436&#038;ssl=1\" sizes=\"auto, (max-width: 650px) 100vw, 650px\" srcset=\"https:\/\/static-ms.ideal.es\/wp-content\/uploads\/sites\/17\/2022\/02\/Foto-3-Ni\u00f1os-y-ni\u00f1as-investigando-en-el-r\u00edo.jpg 650w, \/wp-content\/uploads\/sites\/17\/2022\/02\/Foto-3-Ni\u00f1os-y-ni\u00f1as-investigando-en-el-r\u00edo-300x204.jpg 300w, \/wp-content\/uploads\/sites\/17\/2022\/02\/Foto-3-Ni\u00f1os-y-ni\u00f1as-investigando-en-el-r\u00edo-130x90.jpg 130w\" alt=\"\" width=\"640\" height=\"436\" \/><figcaption id=\"caption-attachment-59087\" class=\"wp-caption-text\"><em><strong>Ni\u00f1os y ni\u00f1as investigando un r\u00edo<\/strong><\/em><\/figcaption><\/figure>\n<p align=\"CENTER\"><b>Evaluar y calificar no son la misma cosa<\/b><\/p>\n<p align=\"JUSTIFY\"><b> <\/b>Finalmente, los futuros y futuras docentes, han de otorgarle una gran importancia a la evaluaci\u00f3n. Lo primero que deben tener presente es que, <i>evaluar<\/i> y <i>calificar<\/i>, aunque est\u00e9n relacionados, no son la misma cosa.<\/p>\n<p align=\"JUSTIFY\">Calificar es un acto bastante simple. Se trata de asignar una <i>calificaci\u00f3n<\/i> o <i>nota<\/i>, generalmente num\u00e9rica, a unas determinadas preguntas en los ex\u00e1menes o, a ciertos logros, en las tareas escolares. Esa calificaci\u00f3n o nota, otorgar\u00e1 una posici\u00f3n en una escala previamente establecida y, generar\u00e1 de manera inevitable, la comparaci\u00f3n entre quien la recibe y el resto. Adem\u00e1s de esto, al centrarse la calificaci\u00f3n de manera preferente en unos determinados conocimientos, va a dejar fuera de su \u00e1mbito de influencia, muchas otras cuestiones como las actitudes y los valores que son de gran inter\u00e9s. Calificar con un n\u00famero, acompa\u00f1ado de decimales, no parece ser tampoco lo m\u00e1s adecuado, para ilustrar la calidad de los saberes y, mucho menos a\u00fan, sobre su utilidad para la vida. No solo es importante adquirir un saber, sino tambi\u00e9n, hay que saber usarlo para la vida.<\/p>\n<p align=\"JUSTIFY\">Evaluar es un proceso complejo de di\u00e1logo, comprensi\u00f3n y mejora. Al ser un proceso, la acci\u00f3n de evaluar es din\u00e1mica, abierta y contextualizada, no solo se ocupa del producto, sino tambi\u00e9n de su evoluci\u00f3n continua. Este proceso de di\u00e1logo que es la evaluaci\u00f3n, pretende que se produzca una reflexi\u00f3n que oriente los aprendizajes con un objetivo formativo. Aqu\u00ed, tan importantes son los conocimientos adquiridos, como aquellos otros que van camino de serlo. La utilidad de los saberes, las actitudes, los valores, son, junto a las emociones y afectos, son elementos claves de una evaluaci\u00f3n integral, formativa y emocional.<\/p>\n<p align=\"JUSTIFY\">La ense\u00f1anza que se conoce como <i>tradicional<\/i>, sustentada fundamentalmente en los libros de texto, utiliza <i>los ex\u00e1menes<\/i> como instrumentos preferentes de evaluaci\u00f3n y las notas son su expresi\u00f3n <i>parcial<\/i> y<i> cuantitativa<\/i>. Por el contrario, los paradigmas <i>constructivistas<\/i>, utilizan <i>instrumentos mucho m\u00e1s variados<\/i> que, no son excluyentes entre si, sino que por el contrario se complementan, en una pretensi\u00f3n de conseguir una evaluaci\u00f3n<i> m\u00e1s integral y cualitativa <\/i>.<\/p>\n<p align=\"JUSTIFY\"><i>( * ) <\/i><i><b>Educar es amar.<\/b><\/i> Paco Olvera. Publicaciones del M.C.E.P. y Entorno Gr\u00e1fico Ediciones. Granada ( 2021 )<\/p>\n<p align=\"JUSTIFY\"><img data-recalc-dims=\"1\" loading=\"lazy\" decoding=\"async\" class=\"alignright size-full wp-image-50119\" src=\"https:\/\/i0.wp.com\/static-ms.ideal.es\/wp-content\/uploads\/sites\/17\/2020\/12\/paco-olvera-2.jpg?resize=240%2C227&#038;ssl=1\" alt=\"\" width=\"240\" height=\"227\" \/><\/p>\n<p><a href=\"https:\/\/en-clase.ideal.es\/?s=paco+olvera\" target=\"_blank\" rel=\"noopener noreferrer\"><strong>Paco Olvera, <\/strong><\/a><\/p>\n<p><strong>licenciado en Historia, <\/strong>ha sido <strong>maestro\u00a0 e Inspector de Educaci\u00f3n<\/strong>.<br \/>\nEscribe art\u00edculos, realiza v\u00eddeos y es autor de libros sobre temas de Educaci\u00f3n,<br \/>\nentre los que destacar\u00eda \u201c<em>La Investigaci\u00f3n del Medio en la Escuela<\/em>\u201d.<\/p>\n<blockquote class=\"wp-embedded-content\" data-secret=\"3dQEpmfUER\"><p><a href=\"https:\/\/en-clase.ideal.es\/2022\/02\/02\/paco-olvera-algunas-reflexiones-para-futuros-docentes\/\">Paco Olvera: \u00abAlgunas reflexiones para futuros docentes\u00bb<\/a><\/p><\/blockquote>\n<p><iframe loading=\"lazy\" class=\"wp-embedded-content\" sandbox=\"allow-scripts\" security=\"restricted\" style=\"position: absolute; visibility: hidden;\" title=\"\u00abPaco Olvera: \u00abAlgunas reflexiones para futuros docentes\u00bb\u00bb \u2014 IDEAL En Clase\" src=\"https:\/\/en-clase.ideal.es\/2022\/02\/02\/paco-olvera-algunas-reflexiones-para-futuros-docentes\/embed\/#?secret=oW1q0MK5UR#?secret=3dQEpmfUER\" data-secret=\"3dQEpmfUER\" width=\"600\" height=\"338\" frameborder=\"0\" marginwidth=\"0\" marginheight=\"0\" scrolling=\"no\"><\/iframe><\/p>\n","protected":false},"excerpt":{"rendered":"<p>Desde que mi libro Educar es amar, vio la luz, lo he presentado en varias&#8230;<\/p>\n","protected":false},"author":1,"featured_media":52754,"comment_status":"closed","ping_status":"closed","sticky":false,"template":"","format":"standard","meta":{"_coblocks_attr":"","_coblocks_dimensions":"","_coblocks_responsive_height":"","_coblocks_accordion_ie_support":"","jetpack_post_was_ever_published":false,"_jetpack_newsletter_access":"","_jetpack_dont_email_post_to_subs":false,"_jetpack_newsletter_tier_id":0,"_jetpack_memberships_contains_paywalled_content":false,"_jetpack_memberships_contains_paid_content":false,"footnotes":"","jetpack_publicize_message":"","jetpack_publicize_feature_enabled":true,"jetpack_social_post_already_shared":true,"jetpack_social_options":{"image_generator_settings":{"template":"highway","default_image_id":0,"enabled":false},"version":2}},"categories":[187,1161,44,15],"tags":[27,9007],"class_list":["post-52753","post","type-post","status-publish","format-standard","has-post-thumbnail","hentry","category-centros-educativos","category-ciudadania","category-noticias-de-hoy","category-ultimas-noticias","tag-educacion","tag-futuros-maestros"],"jetpack_publicize_connections":[],"jetpack_featured_media_url":"https:\/\/i0.wp.com\/miradordeatarfe.es\/wp-content\/uploads\/2022\/03\/Foto-de-inicio-.jpg?fit=650%2C428&ssl=1","jetpack_likes_enabled":true,"jetpack_sharing_enabled":true,"_links":{"self":[{"href":"https:\/\/miradordeatarfe.es\/index.php?rest_route=\/wp\/v2\/posts\/52753","targetHints":{"allow":["GET"]}}],"collection":[{"href":"https:\/\/miradordeatarfe.es\/index.php?rest_route=\/wp\/v2\/posts"}],"about":[{"href":"https:\/\/miradordeatarfe.es\/index.php?rest_route=\/wp\/v2\/types\/post"}],"author":[{"embeddable":true,"href":"https:\/\/miradordeatarfe.es\/index.php?rest_route=\/wp\/v2\/users\/1"}],"replies":[{"embeddable":true,"href":"https:\/\/miradordeatarfe.es\/index.php?rest_route=%2Fwp%2Fv2%2Fcomments&post=52753"}],"version-history":[{"count":1,"href":"https:\/\/miradordeatarfe.es\/index.php?rest_route=\/wp\/v2\/posts\/52753\/revisions"}],"predecessor-version":[{"id":52755,"href":"https:\/\/miradordeatarfe.es\/index.php?rest_route=\/wp\/v2\/posts\/52753\/revisions\/52755"}],"wp:featuredmedia":[{"embeddable":true,"href":"https:\/\/miradordeatarfe.es\/index.php?rest_route=\/wp\/v2\/media\/52754"}],"wp:attachment":[{"href":"https:\/\/miradordeatarfe.es\/index.php?rest_route=%2Fwp%2Fv2%2Fmedia&parent=52753"}],"wp:term":[{"taxonomy":"category","embeddable":true,"href":"https:\/\/miradordeatarfe.es\/index.php?rest_route=%2Fwp%2Fv2%2Fcategories&post=52753"},{"taxonomy":"post_tag","embeddable":true,"href":"https:\/\/miradordeatarfe.es\/index.php?rest_route=%2Fwp%2Fv2%2Ftags&post=52753"}],"curies":[{"name":"wp","href":"https:\/\/api.w.org\/{rel}","templated":true}]}}