{"id":52773,"date":"2022-03-15T11:36:19","date_gmt":"2022-03-15T10:36:19","guid":{"rendered":"https:\/\/miradordeatarfe.es\/?p=52773"},"modified":"2022-03-14T20:33:42","modified_gmt":"2022-03-14T19:33:42","slug":"la-piedra-de-sierra-elvira-en-sevilla-por-jose-enrique-granados","status":"publish","type":"post","link":"https:\/\/miradordeatarfe.es\/?p=52773","title":{"rendered":"\u00abLA PIEDRA DE SIERRA ELVIRA EN SEVILLA \u00bb por Jos\u00e9 Enrique Granados"},"content":{"rendered":"<div class=\"\" dir=\"auto\">\n<div id=\"jsc_c_aa\" class=\"ecm0bbzt hv4rvrfc ihqw7lf3 dati1w0a\" data-ad-comet-preview=\"message\" data-ad-preview=\"message\">\n<div class=\"j83agx80 cbu4d94t ew0dbk1b irj2b8pg\">\n<div class=\"qzhwtbm6 knvmm38d\">\n<div class=\"kvgmc6g5 cxmmr5t8 oygrvhab hcukyx3x c1et5uql ii04i59q\">\n<h3 dir=\"auto\">El pasado 26 de febrero en el Diario de Sevilla, el columnista Tom\u00e1s Garc\u00eda publicaba un art\u00edculo titulado, Pavimentos hist\u00f3ricos de Sevilla. En \u00e9l, se hac\u00eda menci\u00f3n a nuestra piedra e Sierra Elvira:<\/h3>\n<div dir=\"auto\"><em>\u00abDesde hace muchas d\u00e9cadas, la introducci\u00f3n de nuevos materiales para el pavimentado de calles y plazas de Sevilla va restando brillo y color a los suelos tradicionales.<\/em><\/div>\n<div dir=\"auto\"><em>Una piedra caliza de gran atractivo, usada en nuestra urbe desde tiempos m\u00e1s recientes, es la procedente de Sierra Elvira en Granada. <\/em><\/div>\n<div dir=\"auto\">\u00a0<\/div>\n<div dir=\"auto\"><em>Es una roca originada a lo largo de cientos de millones de a\u00f1os en las profundidades marinas por la sedimentaci\u00f3n y fosilizaci\u00f3n de estructuras calc\u00e1reas de peque\u00f1os animales invertebrados, pues esas regiones sure\u00f1as se encontraban bajo las aguas en \u00e9pocas pret\u00e9ritas. Las brillantes losas de Sierra Elvira pueden disfrutarse en las plazoletas del Museo y de la Gavidia, siendo muy representativas de algunos enclaves de la juder\u00eda como las plazas de las Mercedarias y de los Refinadores o las calles San Jos\u00e9 y Santa Mar\u00eda la Blanca, armonizando en el acerado de estas v\u00edas con deslumbrantes bordillos de caliza dorada de Macael. Muestran unas hermosas p\u00e1tinas gris\u00e1ceas con reflejos amarillo-verdosos que conjugan con la esencia de una ciudad apasionada, refinada y con un latiente sustrato multicultural.<\/em><\/div>\n<div dir=\"auto\">\u00a0<\/div>\n<div dir=\"auto\"><em>Una de las caracter\u00edsticas inherentes a Sevilla desde hace siglos ha sido su espl\u00e9ndida gama de colores en pavimentos, casas y monumentos. Ser\u00eda interesante recuperar e incentivar el uso de materiales constructivos y decorativos at\u00e1vicos que le dan prestancia:\u2026..<\/em><\/div>\n<div dir=\"auto\">\u00a0<\/div>\n<div dir=\"auto\"><em>\u2026. Todo ello, acompa\u00f1ado por el colorido y el aroma de \u00e1rboles con raigambre en nuestra tierra, nos devolver\u00e1 el hermanamiento con ciudades inmortales como Venecia o Florencia, huyendo de simplificaciones extremas que pueden convertirla poco a poco en una m\u00e1s de las metr\u00f3polis sin personalidad diseminadas por el mundo, sin trazos de historia, sin arte, sin alma&#8230;<\/em>\u00ab<\/div>\n<div dir=\"auto\"><a href=\"https:\/\/i0.wp.com\/miradordeatarfe.es\/wp-content\/uploads\/2022\/03\/274731092_349220803878075_5559236603183869148_n.jpg?ssl=1\"><img data-recalc-dims=\"1\" loading=\"lazy\" decoding=\"async\" class=\"alignnone wp-image-52774 size-full\" src=\"https:\/\/i0.wp.com\/miradordeatarfe.es\/wp-content\/uploads\/2022\/03\/274731092_349220803878075_5559236603183869148_n.jpg?resize=640%2C385&#038;ssl=1\" alt=\"\" width=\"640\" height=\"385\" srcset=\"https:\/\/i0.wp.com\/miradordeatarfe.es\/wp-content\/uploads\/2022\/03\/274731092_349220803878075_5559236603183869148_n.jpg?w=2048&amp;ssl=1 2048w, https:\/\/i0.wp.com\/miradordeatarfe.es\/wp-content\/uploads\/2022\/03\/274731092_349220803878075_5559236603183869148_n.jpg?resize=300%2C180&amp;ssl=1 300w, https:\/\/i0.wp.com\/miradordeatarfe.es\/wp-content\/uploads\/2022\/03\/274731092_349220803878075_5559236603183869148_n.jpg?resize=1024%2C616&amp;ssl=1 1024w, https:\/\/i0.wp.com\/miradordeatarfe.es\/wp-content\/uploads\/2022\/03\/274731092_349220803878075_5559236603183869148_n.jpg?resize=768%2C462&amp;ssl=1 768w, https:\/\/i0.wp.com\/miradordeatarfe.es\/wp-content\/uploads\/2022\/03\/274731092_349220803878075_5559236603183869148_n.jpg?resize=1536%2C923&amp;ssl=1 1536w, https:\/\/i0.wp.com\/miradordeatarfe.es\/wp-content\/uploads\/2022\/03\/274731092_349220803878075_5559236603183869148_n.jpg?resize=1320%2C793&amp;ssl=1 1320w, https:\/\/i0.wp.com\/miradordeatarfe.es\/wp-content\/uploads\/2022\/03\/274731092_349220803878075_5559236603183869148_n.jpg?w=1920&amp;ssl=1 1920w\" sizes=\"auto, (max-width: 640px) 100vw, 640px\" \/><\/a><\/div>\n<div dir=\"auto\">\u00a0<\/div>\n<div dir=\"auto\">Curiosidades elvirenses.<\/div>\n<\/div>\n<div dir=\"auto\">\u00a0<\/div>\n<div class=\"cxmmr5t8 oygrvhab hcukyx3x c1et5uql o9v6fnle ii04i59q\">\n<div dir=\"auto\">FOTO: En la fotograf\u00eda, laza de las Mercedarias de la ciudad hispalense, con pavimento originario de nuestra sierra.<\/div>\n<\/div>\n<div class=\"cxmmr5t8 oygrvhab hcukyx3x c1et5uql o9v6fnle ii04i59q\">\n<div dir=\"auto\">\u00a0<\/div>\n<\/div>\n<\/div>\n<\/div>\n<\/div>\n<\/div>\n","protected":false},"excerpt":{"rendered":"<p>El pasado 26 de febrero en el Diario de Sevilla, el columnista Tom\u00e1s Garc\u00eda publicaba&#8230;<\/p>\n","protected":false},"author":1,"featured_media":52775,"comment_status":"closed","ping_status":"closed","sticky":false,"template":"","format":"standard","meta":{"_coblocks_attr":"","_coblocks_dimensions":"","_coblocks_responsive_height":"","_coblocks_accordion_ie_support":"","jetpack_post_was_ever_published":false,"_jetpack_newsletter_access":"","_jetpack_dont_email_post_to_subs":false,"_jetpack_newsletter_tier_id":0,"_jetpack_memberships_contains_paywalled_content":false,"_jetpack_memberships_contains_paid_content":false,"footnotes":"","jetpack_publicize_message":"","jetpack_publicize_feature_enabled":true,"jetpack_social_post_already_shared":true,"jetpack_social_options":{"image_generator_settings":{"template":"highway","default_image_id":0,"enabled":false},"version":2}},"categories":[2,38,9,44,15],"tags":[6065],"class_list":["post-52773","post","type-post","status-publish","format-standard","has-post-thumbnail","hentry","category-atarfe","category-opinion-de-jose-enrique-granados","category-medio-ambiente","category-noticias-de-hoy","category-ultimas-noticias","tag-piedra-de-sierra-elvira"],"jetpack_publicize_connections":[],"jetpack_featured_media_url":"https:\/\/i0.wp.com\/miradordeatarfe.es\/wp-content\/uploads\/2022\/03\/indice-3.jpg?fit=302%2C167&ssl=1","jetpack_likes_enabled":true,"jetpack_sharing_enabled":true,"_links":{"self":[{"href":"https:\/\/miradordeatarfe.es\/index.php?rest_route=\/wp\/v2\/posts\/52773","targetHints":{"allow":["GET"]}}],"collection":[{"href":"https:\/\/miradordeatarfe.es\/index.php?rest_route=\/wp\/v2\/posts"}],"about":[{"href":"https:\/\/miradordeatarfe.es\/index.php?rest_route=\/wp\/v2\/types\/post"}],"author":[{"embeddable":true,"href":"https:\/\/miradordeatarfe.es\/index.php?rest_route=\/wp\/v2\/users\/1"}],"replies":[{"embeddable":true,"href":"https:\/\/miradordeatarfe.es\/index.php?rest_route=%2Fwp%2Fv2%2Fcomments&post=52773"}],"version-history":[{"count":1,"href":"https:\/\/miradordeatarfe.es\/index.php?rest_route=\/wp\/v2\/posts\/52773\/revisions"}],"predecessor-version":[{"id":52776,"href":"https:\/\/miradordeatarfe.es\/index.php?rest_route=\/wp\/v2\/posts\/52773\/revisions\/52776"}],"wp:featuredmedia":[{"embeddable":true,"href":"https:\/\/miradordeatarfe.es\/index.php?rest_route=\/wp\/v2\/media\/52775"}],"wp:attachment":[{"href":"https:\/\/miradordeatarfe.es\/index.php?rest_route=%2Fwp%2Fv2%2Fmedia&parent=52773"}],"wp:term":[{"taxonomy":"category","embeddable":true,"href":"https:\/\/miradordeatarfe.es\/index.php?rest_route=%2Fwp%2Fv2%2Fcategories&post=52773"},{"taxonomy":"post_tag","embeddable":true,"href":"https:\/\/miradordeatarfe.es\/index.php?rest_route=%2Fwp%2Fv2%2Ftags&post=52773"}],"curies":[{"name":"wp","href":"https:\/\/api.w.org\/{rel}","templated":true}]}}