{"id":52792,"date":"2022-03-14T10:07:53","date_gmt":"2022-03-14T09:07:53","guid":{"rendered":"https:\/\/miradordeatarfe.es\/?p=52792"},"modified":"2022-03-09T17:37:13","modified_gmt":"2022-03-09T16:37:13","slug":"lo-que-puedes-hacer-y-lo-que-no-en-whatsapp","status":"publish","type":"post","link":"https:\/\/miradordeatarfe.es\/?p=52792","title":{"rendered":"Lo que puedes hacer y lo que no en WhatsApp"},"content":{"rendered":"<h2 class=\"voc-sub-title\">Qu\u00e9 tener en cuenta para que la tecnolog\u00eda no te de problemas<\/h2>\n<p class=\"voc-paragraph\" style=\"text-align: justify;\">Los grupos de WhatsApp son un peligro. Y no hablamos de la lata que da organizar as\u00ed un regalo conjunto o una quedada de fin de semana. Hablamos de cuestiones m\u00e1s serias, que tienen que ver con la ley. Dos expertos en Derecho y protecci\u00f3n de datos nos abren los ojos sobre algunos comportamientos habituales que podr\u00edan meternos en un l\u00edo.<\/p>\n<p class=\"voc-paragraph\" style=\"text-align: justify;\">Empezando por algo tan habitual como que nos metan en un grupo. \u00abLa creaci\u00f3n de un chat no est\u00e1 al margen de la normativa de protecci\u00f3n de datos. Para a\u00f1adir a una persona en un grupo profesional o con fines comerciales es necesario pedir el consentimiento previo\u00bb, se\u00f1ala Eduard Blasi, abogado y profesor del postgrado de protecci\u00f3n de datos de la Universidad UOC.<\/p>\n<p class=\"voc-paragraph\" style=\"text-align: justify;\">La clave en esto es la palabra &#8216;profesional&#8217;. Porque no hablamos del grupo de seis u ocho colegas que se crea para concretar unas vacaciones, sino de un chat escolar, por ejemplo. Y esto \u00faltimo podr\u00eda acarrear una denuncia ante la Agencia Espa\u00f1ola de Protecci\u00f3n de Datos en seg\u00fan qu\u00e9 circunstancias. En este caso concreto, lo que marca la diferencia es si tu n\u00famero de telef\u00f3no lo ha utilizado el propio colegio sin pedir autorizaci\u00f3n o si lo ha hecho un amigo. \u00abSi el chat lo abre la escuela necesitar\u00eda el permiso expreso y espec\u00edfico para meter a los participantes en ese grupo. Si no, se puede denunciar\u00bb, aclara Borja Adsuara, doctor en Derecho y experto en estrategia digital. La cuesti\u00f3n que podr\u00eda motivar la sanci\u00f3n, explica, es que el resto de integrantes del grupo pueden ver tu n\u00famero de tel\u00e9fono y este es un dato de car\u00e1cter personal que est\u00e1 protegido por ley.<\/p>\n<p class=\"voc-paragraph\" style=\"text-align: justify;\">Ahora vamos al caso de que el chat lo abra uno de los padres del colegio. \u00bfHabr\u00eda sanci\u00f3n posible? Depende. La ley puede intervenir en las comunicaciones que se producen fuera del llamado \u00e1mbito dom\u00e9stico. \u00abSi alguien difunde nuestro n\u00famero de tel\u00e9fono a un n\u00famero elevado de &#8216;amigos&#8217; o en abierto (por ejemplo en una red social abierta al p\u00fablico, accesible por terceros) dif\u00edcilmente se podr\u00eda aplicar la excepci\u00f3n al \u00e1mbito dom\u00e9stico y la sanci\u00f3n podr\u00eda existir\u00bb, aclara Blasi. Aunque no existe jurisprudencia al respecto, se considera que, a partir de veinte usuarios ya se sale de esta esfera dom\u00e9stica y, por tanto, s\u00ed se precisa autorizaci\u00f3n.<\/p>\n<p class=\"voc-paragraph\" style=\"text-align: justify;\">\u00abAl a\u00f1adir estos contactos, hay datos que inevitablemente quedan expuestos \u2014como la foto, el nombre, los apellidos o el n\u00famero de tel\u00e9fono m\u00f3vil\u2014, y ello vulnera la confidencialidad, un acci\u00f3n similar al env\u00edo de un email a muchas personas sin copia oculta\u00bb, apunta el abogado. De hecho, cuando se trata de un grupo corporativo con miembros que no se conocen, el especialista recomienda la lista de distribuci\u00f3n (en WhatsApp) en lugar de un grupo, \u00abque permite el env\u00edo de mensajes individuales sin exponer datos de terceras personas\u00bb.<\/p>\n<div class=\"voc-detail__cmp voc-detail__cmp--title voc-detail__cmp--no-margin\" style=\"text-align: justify;\">\n<h3 class=\"voc-detail__title\">Mirar el m\u00f3vil de la pareja<\/h3>\n<\/div>\n<p class=\"voc-paragraph\" style=\"text-align: justify;\">Actualmente no existe una ley que regule la filtraci\u00f3n de las conversaciones de WhatsApp ni espec\u00edficas para cada herramienta tecnol\u00f3gica. Pero esto no quiere decir que no haya control, ya que se aplican las leyes generales y la privacidad digital es un derecho que tenemos que respetar. De todos modos, en 2015, el art\u00edculo 197.7 del C\u00f3digo Penal se reform\u00f3 para amparar tambi\u00e9n la protecci\u00f3n de la privacidad en las acciones que hacemos con nuestros m\u00f3viles (conversaciones de WhatsApp, publicaciones en redes sociales, grabaciones de audio&#8230;), recuerda Adsuara.<\/p>\n<p class=\"voc-paragraph\" style=\"text-align: justify;\">Un ejemplo m\u00e1s o menos cotidiano. \u00bfHa mirado alguna vez un tel\u00e9fono ajeno? (que sea el de su pareja no quiere decir que no sea ajeno) \u00bfHa tecleado la contrase\u00f1a del m\u00f3vil de otro para acceder a contenido que no deb\u00eda conocer? Pues eso es una vulneraci\u00f3n de la intimidad y, por tanto, se puede castigar.<\/p>\n<p class=\"voc-paragraph\" style=\"text-align: justify;\">Y lo mismo pasa cuando compartimos sin permiso conversaciones que hemos mantenido a trav\u00e9s del m\u00f3vil, o fotos y v\u00eddeos en los que ha participado un tercero. Un gesto &#8216;normalizado&#8217; pero que, dependiendo de su contenido, \u00abpuede suponer hasta 4 a\u00f1os de prisi\u00f3n\u00bb. Y cuidado, porque \u00abel reenv\u00edo podr\u00eda ser objeto de sanci\u00f3n y tambi\u00e9n delito\u00bb, advierte Blasi. Y eso es as\u00ed aunque las im\u00e1genes difundidas se hubiesen captado con consentimiento. El consultor en Derecho apunta que la persona afectada \u00abpodr\u00eda reclamar una indemnizaci\u00f3n por da\u00f1os y perjuicios\u00bb por una posible lesi\u00f3n a su derecho al honor, a la intimidad o a la propia imagen. En los casos m\u00e1s graves, \u00absi se difunden fotograf\u00edas, v\u00eddeos o audios privados de terceras personas se podr\u00eda incurrir en un delito de descubrimiento y revelaci\u00f3n de secretos\u00bb.<\/p>\n<div class=\"voc-detail__cmp voc-detail__cmp--title voc-detail__cmp--no-margin\" style=\"text-align: justify;\">\n<h3 class=\"voc-detail__title\">Ojo con las capturas<\/h3>\n<\/div>\n<p class=\"voc-paragraph\" style=\"text-align: justify;\">Otra de las pr\u00e1cticas habituales con nuestro m\u00f3vil es compartir capturas de pantalla de parte de una conversaci\u00f3n de la que la persona forma parte ya sea con otra o dentro de un grupo. \u00bfEs esto delito? Pues depende del contenido que se difunda. Si en esa captura de pantalla que estamos reenviando aparece algo que pueda da\u00f1ar el honor de otra persona, sean datos, fotos o v\u00eddeos, esto s\u00ed se considerar\u00eda un delito, dado que el contenido de la conversaci\u00f3n afecta al n\u00facleo m\u00e1s \u00edntimo de los interlocutores.<\/p>\n<p class=\"voc-paragraph\" style=\"text-align: justify;\">Otro caso diferente: cuando en el pantallazo que difundimos no aparecemos nosotros hablando, sino otras personas de este grupo. Esto s\u00ed se podr\u00eda un delito, ya que la ley castiga a quien se haga con una conversaci\u00f3n ajena y a quien difunda una conversaci\u00f3n sin ser part\u00edcipe de la misma y sin el consentimiento ni autorizaci\u00f3n de los participantes. Estar\u00edamos ante un delito de descubrimiento y revelaci\u00f3n de secretos, advierten los especialistas consultados.<\/p>\n<div class=\"links-interest accordion\" data-voc-seahorse=\"accordion\">\n<div class=\"accordion-card\">\n<div class=\"links-interest__header-item accordion-header\" style=\"text-align: justify;\">\u00a0<\/div>\n<\/div>\n<\/div>\n<p>&nbsp;<\/p>\n<p>&nbsp;<\/p>\n<h2 class=\"voc-sub-title\"><a class=\"voc-author\" style=\"font-size: 16px;\" title=\"ISAAC ASENJO\">ISAAC ASENJO<\/a><\/h2>\n<div class=\"voc-article-container\">\n<article class=\"voc-article voc-article--detail voc-article--detail--base voc-article--photo-bottom\">\n<div class=\"voc-img-container  \">\n<p class=\"figure-caption\">FOTO: ILUSTRACI\u00d3N: ALBA POCURULL<\/p>\n<\/div>\n<div class=\"voc-info-container\">\n<h2 class=\"voc-sub-title\">\u00a0<\/h2>\n<\/div>\n<\/article>\n<\/div>\n","protected":false},"excerpt":{"rendered":"<p>Qu\u00e9 tener en cuenta para que la tecnolog\u00eda no te de problemas Los grupos de&#8230;<\/p>\n","protected":false},"author":1,"featured_media":52793,"comment_status":"closed","ping_status":"closed","sticky":false,"template":"","format":"standard","meta":{"_coblocks_attr":"","_coblocks_dimensions":"","_coblocks_responsive_height":"","_coblocks_accordion_ie_support":"","jetpack_post_was_ever_published":false,"_jetpack_newsletter_access":"","_jetpack_dont_email_post_to_subs":false,"_jetpack_newsletter_tier_id":0,"_jetpack_memberships_contains_paywalled_content":false,"_jetpack_memberships_contains_paid_content":false,"footnotes":"","jetpack_publicize_message":"","jetpack_publicize_feature_enabled":true,"jetpack_social_post_already_shared":true,"jetpack_social_options":{"image_generator_settings":{"template":"highway","default_image_id":0,"enabled":false},"version":2}},"categories":[1161,44,6920,15],"tags":[1064,760],"class_list":["post-52792","post","type-post","status-publish","format-standard","has-post-thumbnail","hentry","category-ciudadania","category-noticias-de-hoy","category-tecnologia","category-ultimas-noticias","tag-moviles","tag-whatsapp"],"jetpack_publicize_connections":[],"jetpack_featured_media_url":"https:\/\/i0.wp.com\/miradordeatarfe.es\/wp-content\/uploads\/2022\/03\/wassap_601-kuxC-U16010767127952EE-624x385%40RC.jpg?fit=624%2C385&ssl=1","jetpack_likes_enabled":true,"jetpack_sharing_enabled":true,"_links":{"self":[{"href":"https:\/\/miradordeatarfe.es\/index.php?rest_route=\/wp\/v2\/posts\/52792","targetHints":{"allow":["GET"]}}],"collection":[{"href":"https:\/\/miradordeatarfe.es\/index.php?rest_route=\/wp\/v2\/posts"}],"about":[{"href":"https:\/\/miradordeatarfe.es\/index.php?rest_route=\/wp\/v2\/types\/post"}],"author":[{"embeddable":true,"href":"https:\/\/miradordeatarfe.es\/index.php?rest_route=\/wp\/v2\/users\/1"}],"replies":[{"embeddable":true,"href":"https:\/\/miradordeatarfe.es\/index.php?rest_route=%2Fwp%2Fv2%2Fcomments&post=52792"}],"version-history":[{"count":1,"href":"https:\/\/miradordeatarfe.es\/index.php?rest_route=\/wp\/v2\/posts\/52792\/revisions"}],"predecessor-version":[{"id":52794,"href":"https:\/\/miradordeatarfe.es\/index.php?rest_route=\/wp\/v2\/posts\/52792\/revisions\/52794"}],"wp:featuredmedia":[{"embeddable":true,"href":"https:\/\/miradordeatarfe.es\/index.php?rest_route=\/wp\/v2\/media\/52793"}],"wp:attachment":[{"href":"https:\/\/miradordeatarfe.es\/index.php?rest_route=%2Fwp%2Fv2%2Fmedia&parent=52792"}],"wp:term":[{"taxonomy":"category","embeddable":true,"href":"https:\/\/miradordeatarfe.es\/index.php?rest_route=%2Fwp%2Fv2%2Fcategories&post=52792"},{"taxonomy":"post_tag","embeddable":true,"href":"https:\/\/miradordeatarfe.es\/index.php?rest_route=%2Fwp%2Fv2%2Ftags&post=52792"}],"curies":[{"name":"wp","href":"https:\/\/api.w.org\/{rel}","templated":true}]}}