{"id":52799,"date":"2022-03-09T10:53:44","date_gmt":"2022-03-09T09:53:44","guid":{"rendered":"https:\/\/miradordeatarfe.es\/?p=52799"},"modified":"2022-03-04T19:58:44","modified_gmt":"2022-03-04T18:58:44","slug":"festival-de-musica-y-danza-de-granada-2022","status":"publish","type":"post","link":"https:\/\/miradordeatarfe.es\/?p=52799","title":{"rendered":"FESTIVAL DE M\u00daSICA Y DANZA DE GRANADA 2022"},"content":{"rendered":"<h3 style=\"text-align: justify;\">Entre el 13 de junio y el 10 de julio, en sus 28 d\u00edas de celebraci\u00f3n habr\u00e1 un total de 96 espect\u00e1culos de m\u00fasica y danza (50 en la programaci\u00f3n general y 46 en el Fex), de los que 54 ser\u00e1n de entrada libre.\u00a0<\/h3>\n<p class=\"mce\" style=\"text-align: justify;\">Una mala broma del destino hizo que una fecha tan redonda como el <a class=\"mce\" href=\"https:\/\/www.granadahoy.com\/ocio\/sueno-verano-interminable-Festival-Musica-Danza_0_1567044331.html\" rel=\"dofollow\">70 aniversario del Festival de M\u00fasica y Danza<\/a>\u00a0no coincidiese en el tiempo con el\u00a0<strong class=\"mce\">centenario del Concurso de Cante Jondo<\/strong>. Apenas un a\u00f1o ha mediado entre las efem\u00e9rides de dos citas que, cada una a su manera, marcaron (y marcan) la vida cultural de\u00a0<strong class=\"mce\">Granada<\/strong>.\u00a0No queda m\u00e1s seguir avanzando y por eso esta 71 edici\u00f3n del Festival, la de\u00a0<strong class=\"mce\">2022<\/strong>, rendir\u00e1 un gran homenaje a aquel concurso que pusieron en marcha Manuel de\u00a0<strong class=\"mce\">Falla y Garc\u00eda Lorca<\/strong>, entre otros.<\/p>\n<div id=\"ads-container-1703239723\" class=\"ad-v ad-300x250\" style=\"text-align: justify;\">\n<div id=\"right1\" class=\"ad bbt-adv-container\" data-google-query-id=\"COmOmMKQrfYCFQOCJwIduWYJFw\">\n<div id=\"google_ads_iframe_\/34616581,185768294\/grupojoly\/grh\/noticias\/right1_0__container__\"><strong class=\"mce\">Entre el 13 de junio y el 10 de julio<\/strong>, el Festival de Granada ofrecer\u00e1 en sus\u00a0<strong class=\"mce\">28 d\u00edas<\/strong>\u00a0de celebraci\u00f3n un total de\u00a0<strong class=\"mce\">96 espect\u00e1culos<\/strong>\u00a0de m\u00fasica y danza (50 en la programaci\u00f3n general y 46 en el Fex), de los que\u00a0<strong class=\"mce\">54 ser\u00e1n de entrada libre.<\/strong>\u00a0La programaci\u00f3n se estructura en<strong class=\"mce\">\u00a0siete ciclos<\/strong>\u00a0en los que se dar\u00e1n cita algunos de los int\u00e9rpretes m\u00e1s destacados del panorama actual.<\/div>\n<\/div>\n<\/div>\n<div id=\"sm-it-main-container-1646420016978\" class=\"sm-it-main-container\" style=\"text-align: justify;\" data-it=\"ab31bd4b-8504-478f-9cb5-f24e2f71b994\" data-device=\"desktop\" data-index=\"0\">\n<div id=\"sm-alternative-1646420016978\" class=\"sm-alternative\" data-it=\"ab31bd4b-8504-478f-9cb5-f24e2f71b994\" data-index=\"0\" data-device=\"desktop\">Bajo el ep\u00edgrafe<strong class=\"mce\">\u00a0#granada1922<\/strong>, el hist\u00f3rico concurso granadino ser\u00e1 el eje tem\u00e1tico del Festival con una treintena de actividades \u2013<strong class=\"mce\">un festival dentro del Festival<\/strong>\u2013 con numerosos recitales de flamenco, de piano, de canto, conciertos de m\u00fasica de c\u00e1mara y sinf\u00f3nica, con el fin de contextualizar las relaciones musicales y personales de Manuel de Falla con todos aquellos ilustres colegas franceses y espa\u00f1oles que tanto se influyeron mutuamente.<\/div>\n<\/div>\n<p class=\"mce\" style=\"text-align: justify;\">Entre las actividades que se incluyen este a\u00f1o destacan\u00a0<strong class=\"mce\">las numerosas Noches de flamenco<\/strong>, dedicadas a aquel arte que los intelectuales de la \u00e9poca quisieron sacar de las tabernas. As\u00ed, este evento se abrir\u00e1 con una doble cita (los d\u00edas 13 y 14 de junio) donde se reunir\u00e1n los principales maestros del flamenco, con las nuevas promesas de la disciplina, una t\u00f3nica, la de tender puentes entre generaciones, que estar\u00e1 m\u00e1s que presente en la programaci\u00f3n de este 2022. Rancanpino, Vicente Soto, Miguel \u00c1ngel Cort\u00e9s o Pepe Habichula son algunos de los nombres propios que se vislumbran en el\u00a0<em class=\"mce\">planning<\/em>.\u00a0<\/p>\n<p class=\"mce\" style=\"text-align: justify;\">La programaci\u00f3n del Festival abre hueco para otros nombres propios de la m\u00fasica, donde destacan claramente los compositores alemanes\u00a0<strong class=\"mce\">Johann Sebastian Bach y\u00a0Johannes Brahms<\/strong>, que actuar\u00e1n en cierto sentido como\u00a0<em class=\"mce\">padrinos<\/em>\u00a0de esta edici\u00f3n, y cuyas composiciones se dejar\u00e1n sentir en los distintos conciertos.<\/p>\n<p class=\"mce\" style=\"text-align: justify;\">Todo ello sin olvidar a los artistas emergentes que actuar\u00e1n tanto dentro de la programaci\u00f3n general del Festival como en\u00a0<strong class=\"mce\">el 19 Festival Extensi\u00f3n<\/strong>\u00a0(Fex), donde cobrar\u00e1 vida el flamenco de esos j\u00f3venes artistas que garantizan el futuro del cante jondo. Por su parte, dentro de la programaci\u00f3n educativa de los 53 Cursos Manuel de Falla, se impartir\u00e1 un curso sobre la influencia de lo Jondo en las m\u00fasicas actuales, en coproducci\u00f3n con la Universidad de Granada, y se ofrecer\u00e1n sendas clases magistrales a cargo de Rub\u00e9n Olmo (danza espa\u00f1ola), Patricia Guerrero (baile flamenco) y Mauricio Sotelo (composici\u00f3n).<\/p>\n<p class=\"mce\" style=\"text-align: justify;\">Como el pasado a\u00f1o, el Festival contar\u00e1\u00a0<strong class=\"mce\">con dos m\u00fasicos residentes<\/strong>. El compositor Mauricio Sotelo (Madrid, 1961), uno de los referentes de la creaci\u00f3n europea actual, y la violista alemana Tabea Zimmermann (Lahr, 1966), sin lugar a dudas la mejor int\u00e9rprete actual de este instrumento.<\/p>\n<div class=\"mce\" style=\"text-align: justify;\">La\u00a0<strong class=\"mce\">venta de entradas<\/strong>\u00a0comienza el 22 de marzo.\u00a0<\/div>\n<h2 class=\"mce\" style=\"text-align: justify;\">Programa del Festival de M\u00fasica y Danza de Granada 2022:\u00a0\u00a0<\/h2>\n<h2 class=\"mce\" style=\"text-align: justify;\">13 y 14 de junio<\/h2>\n<p class=\"mce\" style=\"text-align: justify;\"><strong class=\"mce\">Noches de flamenco<\/strong>. Como parte del aniversario del Concurso de Cante Jondo, el Festival arranca con una actividad que une a artistas veteranos del ramo (Rancapino, Jos\u00e9 de la Tomasa, Juan Villar y Vicente Soto) con otros m\u00e1s j\u00f3venes (Antonio Reyes, Jes\u00fas M\u00e9ndez, Antonio Campos y Kiki Morente), todo ello con las guitarras de Miguel \u00c1ngel Cort\u00e9s y Miguel Ochando; y Pepe Habichuela. Ser\u00e1 en la Plaza de los Aljibes a las 22:30 horas.<\/p>\n<h2 class=\"mce\" style=\"text-align: justify;\">15 de junio<\/h2>\n<p class=\"mce\" style=\"text-align: justify;\"><strong class=\"mce\">Noches de flamenco.<\/strong>\u00a0El Tenazas fue el gran ganador de la primera edici\u00f3n del Concurso de Cante Jondo de 1922. Ahora, un siglo despu\u00e9s, Rafael de Utrera, Agust\u00edn Diassera y el Tr\u00edo Arb\u00f3s se suben al escenario de la Plaza de los Aljibes para rendirle homenaje. A las 22:30 horas.<\/p>\n<h2 class=\"mce\" style=\"text-align: justify;\">16 de junio<\/h2>\n<p class=\"mce\" style=\"text-align: justify;\"><strong class=\"mce\">Concierto<\/strong>. La Orquesta Ciudad de Granada (OCG) llega, bajo la batuta de Josep Pons, al Palacio de Carlos V para interpretar obras de Falla, Debussy y Stravinsky. A las 22:30 horas.<\/p>\n<h2 class=\"mce\" style=\"text-align: justify;\">17 de junio<\/h2>\n<p class=\"mce\" style=\"text-align: justify;\"><strong class=\"mce\">Noches de flamenco.<\/strong>\u00a0Una de las ideas que vertebra la programaci\u00f3n de la 71\u00ba edici\u00f3n del festival es el contraste entre lo nuevo y lo viejo, de ah\u00ed que en muchas actividades se unan las nuevas generaciones del flamenco con las m\u00e1s veteranas. De esta forma, el Auditorio de La Chumbera unir\u00e1 sobre sus tablas a Pedro El Grana\u00edno y a Patrocinio Hijo. A las 21:00 horas.<\/p>\n<p class=\"mce\" style=\"text-align: justify;\"><strong class=\"mce\">Danza<\/strong>. Zuloaga le coment\u00f3 a Falla en una carta que el Concurso deb\u00eda tener de todo: cante, toque&#8230; y baile. Por este motivo, el Festival ha organizado distintas actividades vinculadas al ballet, incluyendo una sesi\u00f3n del Ballet Nacional de Espa\u00f1a que homenajear\u00e1 a Mario Maya en el Teatro del Generalife. A las 22:30 horas.<\/p>\n<div class=\"inset-auto\" style=\"text-align: justify;\">\n<figure class=\"image-holder\"><span class=\"obj-img hmedia\"><a class=\"fn\" href=\"https:\/\/www.granadahoy.com\/2022\/03\/02\/festival_internacional_de_musica_y_danza\/Pedro-Granaino_1661544733_153013322_1200x675.jpg\" rel=\"enclosure\" type=\"image\/jpeg\">Pedro el Granaino.<\/a><img data-recalc-dims=\"1\" loading=\"lazy\" decoding=\"async\" class=\"photo lazy\" src=\"https:\/\/i0.wp.com\/www.granadahoy.com\/2022\/03\/02\/festival_internacional_de_musica_y_danza\/Pedro-Granaino_1661544733_153013322_1200x675.jpg?resize=640%2C360&#038;ssl=1\" alt=\"Pedro el Granaino.\" width=\"640\" height=\"360\" data-src=\"\/2022\/03\/02\/festival_internacional_de_musica_y_danza\/Pedro-Granaino_1661544733_153013322_1200x675.jpg\" \/><\/span><figcaption>\n<div class=\"footnote\">\n<p class=\"text\">Pedro el Granaino.\u00a0<wbr \/>\/\u00a0<span class=\"source\">FESTIVAL DE GRANADA<\/span><\/p>\n<\/div>\n<\/figcaption><\/figure>\n<\/div>\n<p class=\"mce\" style=\"text-align: justify;\">18 de junio<\/p>\n<p class=\"mce\" style=\"text-align: justify;\"><strong class=\"mce\">Cantar y ta\u00f1er.<\/strong>\u00a0La Orquesta Barroca de Sevilla se desplaza hasta la ciudad de la Alhambra para ofrecer, en el Monasterio de San Jer\u00f3nimo, un concierto de su grupo de solistas. A las 12:30 horas.<\/p>\n<p class=\"mce\" style=\"text-align: justify;\"><strong class=\"mce\">Grandes int\u00e9rpretes.<\/strong>\u00a0La programaci\u00f3n de este a\u00f1o tiene varios nombres propios destacados en su agenda. El primero de ellos es el serbio Ivo Pogorelich, que actuar\u00e1 en el Auditorio Manuel de Falla a las 20:00 horas.<\/p>\n<p class=\"mce\" style=\"text-align: justify;\"><strong class=\"mce\">Danza.<\/strong>\u00a0El Ballet Nacional de Espa\u00f1a regresa al Teatro del Generalife con su homenaje a Mario Maya. A las 22:30 horas.<\/p>\n<h2 class=\"mce\" style=\"text-align: justify;\">19 de junio<\/h2>\n<p class=\"mce\" style=\"text-align: justify;\"><strong class=\"mce\">Cantar y ta\u00f1er.<\/strong>\u00a0El castellonense Juan de la Rubia cambia por un d\u00eda la Basil\u00edca de la Sagrada Familia por el Monasterio de San Jer\u00f3nimo para deleitar al p\u00fablico con su talento. A las 12:30 horas.<\/p>\n<p class=\"mce\" style=\"text-align: justify;\"><strong class=\"mce\">Conciertos.<\/strong>\u00a0La Orquesta Sinf\u00f3nica y coro de RTVE, bajo la direcci\u00f3n de Pablo Gonz\u00e1lez y la voz de la contralto alemana Wiebke Lehmkuhl llegan al Palacio de Carlos V para la segunda sesi\u00f3n de los conciertos. A las 22:30 horas.<\/p>\n<h2 class=\"mce\" style=\"text-align: justify;\">20 de junio<\/h2>\n<p class=\"mce\" style=\"text-align: justify;\"><strong class=\"mce\">M\u00fasica de c\u00e1mara<\/strong>. El Cuarteto Casals y el pianista Juan P\u00e9rez Florist\u00e1n unen sus talentos para interpretar a Brahms, uno de los ejes vertebradores del programa de este a\u00f1o, en el Centro Federico Garc\u00eda Lorca. A las 22:30 horas.<\/p>\n<h2 class=\"mce\" style=\"text-align: justify;\">21 de junio<\/h2>\n<p class=\"mce\" style=\"text-align: justify;\"><strong class=\"mce\">M\u00fasica de c\u00e1mara.<\/strong>\u00a0Falla, Lorca y otros grandes nombres de aquel Concurso tuvieron una enorme influencia en las generaciones posteriores, que tendr\u00e1n presencia en este festival. Elena Gragera y Ant\u00f3n Card\u00f3 demostrar\u00e1n esto en el Centro Federico Garc\u00eda Lorca. A las 20:00 horas.<\/p>\n<p class=\"mce\" style=\"text-align: justify;\"><strong class=\"mce\">Danza<\/strong>. Espa\u00f1a y Canad\u00e1 se conectan en Granada con el espect\u00e1culo de Luc\u00eda Lacarra y Matthew Golding, una propuesta que a\u00fana danza, m\u00fasica y arte visual. En el Teatro del Generalife a las 22:30 horas.<\/p>\n<div class=\"inset-auto\" style=\"text-align: justify;\">\n<figure class=\"image-holder\"><span class=\"obj-img hmedia\"><a class=\"fn\" href=\"https:\/\/www.granadahoy.com\/2022\/03\/02\/festival_internacional_de_musica_y_danza\/Lacarra_1661544734_153013369_1200x675.jpg\" rel=\"enclosure\" type=\"image\/jpeg\">Lacarra<\/a><img data-recalc-dims=\"1\" loading=\"lazy\" decoding=\"async\" class=\"photo lazy\" src=\"https:\/\/i0.wp.com\/www.granadahoy.com\/2022\/03\/02\/festival_internacional_de_musica_y_danza\/Lacarra_1661544734_153013369_1200x675.jpg?resize=640%2C360&#038;ssl=1\" alt=\"Lacarra\" width=\"640\" height=\"360\" data-src=\"\/2022\/03\/02\/festival_internacional_de_musica_y_danza\/Lacarra_1661544734_153013369_1200x675.jpg\" \/><\/span><figcaption>\n<div class=\"footnote\">\n<p class=\"text\">Lacarra\u00a0<wbr \/>\/\u00a0<span class=\"source\">LESZEK JANUSZEWSKI<\/span><\/p>\n<\/div>\n<\/figcaption><\/figure>\n<\/div>\n<h2 class=\"mce\" style=\"text-align: justify;\">22 de junio<\/h2>\n<p class=\"mce\" style=\"text-align: justify;\"><strong class=\"mce\">Grandes int\u00e9rpretes<\/strong>. El Patio de los M\u00e1rmoles del Hospital Real ser\u00e1 el escenario de la actuaci\u00f3n de la jovenc\u00edsima Alexandra Dovgan. A las 21:30 horas.<\/p>\n<p class=\"mce\" style=\"text-align: justify;\"><strong class=\"mce\">Noches de flamenco.<\/strong>\u00a0Marina Heredia y Jos\u00e9 Quevedo, \u2018Bola\u2019, unir\u00e1n experiencia y juventud en el flamenco para deleite de los espectadores. A las 22:30 horas en el Palacio de Carlos V.<\/p>\n<h2 class=\"mce\" style=\"text-align: justify;\">23 de junio<\/h2>\n<p class=\"mce\" style=\"text-align: justify;\"><strong class=\"mce\">Cantar y ta\u00f1er.<\/strong>\u00a0Aar\u00f3n Zapico llevar\u00e1 las riendas de la Academia Barroca del Festival de Granada, que actuar\u00e1 por primera vez en esta edici\u00f3n. En el Auditorio Manuel de Falla, a las 20:00 horas.<\/p>\n<p class=\"mce\" style=\"text-align: justify;\"><strong class=\"mce\">Bach Modern.<\/strong>\u00a0Monica Melcova. La artista eslovaca llega a la Parroquia de Nuestro Salvador para ofrecer su interpretaci\u00f3n de Bach. A las 21:00 horas.<\/p>\n<h2 class=\"mce\" style=\"text-align: justify;\">24 de junio<\/h2>\n<p class=\"mce\" style=\"text-align: justify;\"><strong class=\"mce\">Noches de flamenco.<\/strong>\u00a0La Chumbera sigue desarrollando el proyecto del Festival de unir a los nuevos talentos con los ya consolidados. En esta ocasi\u00f3n ser\u00e1n Mar\u00eda Terremoto y Nono Jero quienes act\u00faen para el respetable. A las 21:00 horas.<\/p>\n<p class=\"mce\" style=\"text-align: justify;\"><strong class=\"mce\">Conciertos.<\/strong>\u00a0Europa Galante y su director (y fundador) Fabio Biondi, act\u00faan en el Palacio de Carlos V a las 22:30 horas.<\/p>\n<h2 class=\"mce\" style=\"text-align: justify;\">25 de junio<\/h2>\n<p class=\"mce\" style=\"text-align: justify;\"><strong class=\"mce\">Cantar y ta\u00f1er.<\/strong>\u00a0La agrupaci\u00f3n La Grande Chapelle y su director, Albert Recasens, llevan al Monasterio de San Jer\u00f3nimo su m\u00fasica vocal e instrumental de m\u00fasica sacra antigua. A las 12:30 horas.<\/p>\n<p class=\"mce\" style=\"text-align: justify;\"><strong class=\"mce\">Cantar y ta\u00f1er.<\/strong>\u00a0Europa Galante y su director (y fundador) Fabio Biondi, cambian de secci\u00f3n en el Festival y se trasladan al Colegio Mayor Santa Cruz la Real, a las 21:30 horas.<\/p>\n<p class=\"mce\" style=\"text-align: justify;\"><strong class=\"mce\">Danza.<\/strong>\u00a0El ballet de Malandain Ballet Biarritz cruza los Pirineos para actuar en el Teatro del Generalife con obras de los grandes ballets rusos. A las 22:30 horas.<\/p>\n<h2 class=\"mce\" style=\"text-align: justify;\">26 de junio<\/h2>\n<p class=\"mce\" style=\"text-align: justify;\"><strong class=\"mce\">Bach Modern.<\/strong>\u00a0Jean-Guihen Queyras reinterpreta al m\u00fasico alem\u00e1n en el Crucero del Hospital Real, a las 12:30 horas.<\/p>\n<p class=\"mce\" style=\"text-align: justify;\"><strong class=\"mce\">Grandes int\u00e9rpretes.<\/strong>\u00a0El pianista ruso Grigory Sokolov pone su gran talento al servicio del p\u00fablico granadino. En el Auditorio Manuel de Falla, a las 20:00 horas.<\/p>\n<p class=\"mce\" style=\"text-align: justify;\"><strong class=\"mce\">M\u00fasica de c\u00e1mara<\/strong>. El Patio de los Arrayanes se estrena como escenario de esta edici\u00f3n con un concierto de Vivica Genaux y Gigi Pinardi. A las 22:30 horas.<\/p>\n<h2 class=\"mce\" style=\"text-align: justify;\">27 de junio<\/h2>\n<p class=\"mce\" style=\"text-align: justify;\"><strong class=\"mce\">M\u00fasica de c\u00e1mara<\/strong>. El Cuarteto Cosmos act\u00faa en el Patio de los Arrayanes para interpretar obras de Claude Debussy, Mauricio Sotelo y Maurice Ravel. A las 22:30 horas.<\/p>\n<h2 class=\"mce\" style=\"text-align: justify;\"><strong class=\"mce\">28 de junio<\/strong><\/h2>\n<p class=\"mce\" style=\"text-align: justify;\"><strong class=\"mce\">Bach Modern.<\/strong>\u00a0Isabelle Faust llega al Patio de los Arrayanes para interpretar las composiciones de Bach. A las 21:00 horas.<\/p>\n<p class=\"mce\" style=\"text-align: justify;\"><strong class=\"mce\">Danza<\/strong>. La compa\u00f1\u00eda de Mar\u00eda Pag\u00e9s llega al Teatro del Generalife para ofrecer al p\u00fablico su versi\u00f3n del ballet ruso Sheherezade. A las 22:30 horas.<\/p>\n<div class=\"inset-auto\" style=\"text-align: justify;\">\n<figure class=\"image-holder\"><span class=\"obj-img hmedia\"><a class=\"fn\" href=\"https:\/\/www.granadahoy.com\/2022\/03\/02\/festival_internacional_de_musica_y_danza\/Marina-Heredia_1661544763_153032832_1200x760.jpg\" rel=\"enclosure\" type=\"image\/jpeg\">Marina Heredia<\/a><img data-recalc-dims=\"1\" loading=\"lazy\" decoding=\"async\" class=\"photo lazy\" src=\"https:\/\/i0.wp.com\/www.granadahoy.com\/2022\/03\/02\/festival_internacional_de_musica_y_danza\/Marina-Heredia_1661544763_153032832_1200x760.jpg?resize=640%2C405&#038;ssl=1\" alt=\"Marina Heredia\" width=\"640\" height=\"405\" data-src=\"\/2022\/03\/02\/festival_internacional_de_musica_y_danza\/Marina-Heredia_1661544763_153032832_1200x760.jpg\" \/><\/span><figcaption>\n<div class=\"footnote\">\n<p class=\"text\">Marina Heredia\u00a0<wbr \/>\/\u00a0<span class=\"source\">FESTIVAL DE GRANADA<\/span><\/p>\n<\/div>\n<\/figcaption><\/figure>\n<\/div>\n<h2 class=\"mce\" style=\"text-align: justify;\">29 de junio<\/h2>\n<p class=\"mce\" style=\"text-align: justify;\"><strong class=\"mce\">Grandes int\u00e9rpretes<\/strong>. El motrile\u00f1o Juan Carlos Garvayo, integrante del Tr\u00edo Arb\u00f3s, llega a la capital para actuar en el Centro Federico Garc\u00eda Lorca. A las 20:00 horas.<\/p>\n<p class=\"mce\" style=\"text-align: justify;\"><strong class=\"mce\">Conciertos<\/strong>. La Orquesta Ciudad de Granada act\u00faa en el Palacio de Carlos V bajo la direcci\u00f3n de Lucas Mac\u00edas. Se tocar\u00e1n obras de Isaac Alb\u00e9niz, Francisco Guerrero, Mauricio Sotelo y Richard Strauss. Se contar\u00e1 con la presencia de Tabea Zimmerman (viola) y Jean-Guihen Queyras (violonchello). A las 22:30 horas.<\/p>\n<h2 class=\"mce\" style=\"text-align: justify;\">30 de junio<\/h2>\n<p class=\"mce\" style=\"text-align: justify;\"><strong class=\"mce\">Grandes int\u00e9rpretes<\/strong>. Zimmermann vuelve a actuar, en esta ocasi\u00f3n junto a Javier Perianes (<a class=\"mce\" href=\"https:\/\/www.granadahoy.com\/festival_internacional_de_musica_y_danza\/Medalla-Javier-Perianes-pianista-festival-granada-musica-danza_0_1585342604.html\">medalla del Festival en su 70\u00ba edici\u00f3n<\/a>), en el Hospital Real. A las 21:30 horas.<\/p>\n<p class=\"mce\" style=\"text-align: justify;\"><strong class=\"mce\">Noches de flamenco<\/strong>. El Palacio de Carlos V acoge una nueva sesi\u00f3n de sus conciertos flamencos intergeneracionales, en esta ocasi\u00f3n con Mayte Mart\u00edn, Paco Cruzado y Jos\u00e9 Tom\u00e1s. Alas 22:30 horas.<\/p>\n<h2 class=\"mce\" style=\"text-align: justify;\">1 de julio<\/h2>\n<p class=\"mce\" style=\"text-align: justify;\"><strong class=\"mce\">Noches de flamenco<\/strong>. La Chumbera une sobre un escenario a Duquende y Carlos de Jacoba en una nueva uni\u00f3n de generaciones. A las 21:00 horas.<\/p>\n<p class=\"mce\" style=\"text-align: justify;\"><strong class=\"mce\">Conciertos<\/strong>. Desde el Atl\u00e1ntico llega la Orquesta Joven de la Sinf\u00f3nica de Galicia, con la direcci\u00f3n de V\u00edctor Pablo P\u00e9rez, para actuar en el Palacio de Carlos V. A las 22:30 horas.<\/p>\n<h2 class=\"mce\" style=\"text-align: justify;\">2 de julio<\/h2>\n<p class=\"mce\" style=\"text-align: justify;\"><strong class=\"mce\">Cantar y ta\u00f1er<\/strong>. El grupo M\u00fasica Ficta, con su director y fundadorr Ra\u00fal Mallavibarrena, llegan al Monasterio de San Jer\u00f3nimo a las 12:30 horas.<\/p>\n<p class=\"mce\" style=\"text-align: justify;\"><strong class=\"mce\">Grandes int\u00e9rpretes.<\/strong>\u00a0Frank Peter Zimmermann y Martin Helmchem llegan al Auditorio Manuel de Falla para ofrecer m\u00fasica de Brahms. A las 20:00 horas.3 de julio<\/p>\n<p class=\"mce\" style=\"text-align: justify;\"><strong class=\"mce\">Cantar y ta\u00f1er.<\/strong>\u00a0El ensemble Musica Boscareccia, creado por la soprano Alicia Amo, llega al Monasterio de San Jer\u00f3nimo dentro del ciclo Sones antiguos y barrocos. A las 12:30 horas.<\/p>\n<p class=\"mce\" style=\"text-align: justify;\"><strong class=\"mce\">Conciertos<\/strong>. La Orquesta Filarm\u00f3nica de Monte Carlo, con la direcci\u00f3n de Kazuki Yamada y la soprano V\u00e9ronique Gens, act\u00faa en el Palacio de Carlos V.A las 22:30 horas.<\/p>\n<h2 class=\"mce\" style=\"text-align: justify;\">4 de julio<\/h2>\n<p class=\"mce\" style=\"text-align: justify;\"><strong class=\"mce\">Danza<\/strong>. Teatro del Generalife. A las 22:30. Artista por confirmar.<\/p>\n<h2 class=\"mce\" style=\"text-align: justify;\">5 de julio<\/h2>\n<p class=\"mce\" style=\"text-align: justify;\"><strong class=\"mce\">Bach Modern.<\/strong>\u00a0La pianista rusa rusa Yulianna Avdeeva act\u00faa en el Patio de los M\u00e1rmoles del Hospital Real. A las 21:30 horas.<\/p>\n<p class=\"mce\" style=\"text-align: justify;\"><strong class=\"mce\">Conciertos<\/strong>. La Orquesta Filarm\u00f3nica de Monte Carlo repite actuaci\u00f3n, esta vez dirigidos por Charles Dutoit y con la colaboraci\u00f3n de la pianista Martha Argerich. En el Palacio de Carlos V, a las 22:30 horas.<\/p>\n<h2 class=\"mce\" style=\"text-align: justify;\">6 de julio<\/h2>\n<p class=\"mce\" style=\"text-align: justify;\"><strong class=\"mce\">M\u00fasica de c\u00e1mara.<\/strong>\u00a0Andr\u00e8 Schuen y Daniel Heide unen sus talentos en el Patio de los M\u00e1rmoles para interpretar a Brahms. Alas 21:30 horas.<\/p>\n<p class=\"mce\" style=\"text-align: justify;\"><strong class=\"mce\">Noches de flamenco.<\/strong>\u00a0Apenas 20 a\u00f1os y una guitarra, no se necesita m\u00e1s. Jos\u00e9 del Tomate es una de las grandes promesas del flamenco espa\u00f1ol y el p\u00fablico granadino lo podr\u00e1 comprobar en el Palacio de los C\u00f3rdova a las 22:30 horas.<\/p>\n<h2 class=\"mce\" style=\"text-align: justify;\">7 de julio<\/h2>\n<p class=\"mce\" style=\"text-align: justify;\"><strong class=\"mce\">Concierto<\/strong>. La Orquesta y Coro Nacionales de Espa\u00f1a, dirigidos por David Afkham y con las voces de Katharina Konradi (soprano) y Peter Mattei (bar\u00edtono) ofrecen un concierto en el Palacio de Carlos V. A las 22:30 horas.<\/p>\n<h2 class=\"mce\" style=\"text-align: justify;\">8 de julio<\/h2>\n<p class=\"mce\" style=\"text-align: justify;\"><strong class=\"mce\">Grandes int\u00e9rpretes.<\/strong>\u00a0Daniil Trifonov, pianista y compositor ruso, llega al Palacio de Carlos V, a las 21:00 horas.<\/p>\n<p class=\"mce\" style=\"text-align: justify;\"><strong class=\"mce\">Danza<\/strong>. La granadina Patricia Guerrero llega con su compa\u00f1\u00eda a Teatro del Generalife para mostrar a su &#8216;casa&#8217; su espect\u00e1culo\u00a0<em class=\"mce\">Deliranza<\/em>. A las 23:00 horas.<\/p>\n<h2 class=\"mce\" style=\"text-align: justify;\">9 de julio<\/h2>\n<p class=\"mce\" style=\"text-align: justify;\"><strong class=\"mce\">Cantar y ta\u00f1er.<\/strong>\u00a0Lina Tur Bonet y su grupo Musica Alchemica llegan al Monasterio de San Jer\u00f3nimo a las 22:30 horas.<\/p>\n<p class=\"mce\" style=\"text-align: justify;\"><strong class=\"mce\">Conciertos.<\/strong>\u00a0John Eliot Gardiner se pone a los mandos de la Orquesta Sinf\u00f3nica de Londres, que contar\u00e1 con la pianista Maria Joao Pires. En el Palacio de Carlos V a las 22:30 horas.<\/p>\n<h2 class=\"mce\" style=\"text-align: justify;\">10 de julio<\/h2>\n<p class=\"mce\" style=\"text-align: justify;\"><strong class=\"mce\">Cantar y ta\u00f1er.<\/strong>\u00a0El \u00faltimo concierto de este ciclo cierra con la actuaci\u00f3n, de nuevo, de Lina Tur Bonet y su grupo Musica Alchemica. En el Monasterio de San Jer\u00f3nimo a las 12:30 horas.<\/p>\n<div id=\"ads-container-1961265975\" class=\"ad-v ad-300x250\">\n<div id=\"right2\" class=\"ad bbt-adv-container\" data-google-query-id=\"COqOmMKQrfYCFQOCJwIduWYJFw\">\n<div id=\"google_ads_iframe_\/34616581,185768294\/grupojoly\/grh\/noticias\/right2_0__container__\" style=\"text-align: justify;\"><strong class=\"mce\">Conciertos<\/strong>. El Palacio de Carlos V se despide la 71\u00ba edici\u00f3n del Festival con un segundo concierto de la Orquesta Sinf\u00f3nica de Londres y Maria Joao Pires, todo ello bajo la direcci\u00f3n de John Eliot Gardiner<\/div>\n<\/div>\n<\/div>\n","protected":false},"excerpt":{"rendered":"<p>Entre el 13 de junio y el 10 de julio, en sus 28 d\u00edas de&#8230;<\/p>\n","protected":false},"author":1,"featured_media":52800,"comment_status":"closed","ping_status":"closed","sticky":false,"template":"","format":"standard","meta":{"_coblocks_attr":"","_coblocks_dimensions":"","_coblocks_responsive_height":"","_coblocks_accordion_ie_support":"","jetpack_post_was_ever_published":false,"_jetpack_newsletter_access":"","_jetpack_dont_email_post_to_subs":false,"_jetpack_newsletter_tier_id":0,"_jetpack_memberships_contains_paywalled_content":false,"_jetpack_memberships_contains_paid_content":false,"footnotes":"","jetpack_publicize_message":"","jetpack_publicize_feature_enabled":true,"jetpack_social_post_already_shared":true,"jetpack_social_options":{"image_generator_settings":{"template":"highway","default_image_id":0,"enabled":false},"version":2}},"categories":[1161,44,6937,15],"tags":[4611,129],"class_list":["post-52799","post","type-post","status-publish","format-standard","has-post-thumbnail","hentry","category-ciudadania","category-noticias-de-hoy","category-sociedad","category-ultimas-noticias","tag-festival-internacional-de-musica","tag-granada"],"jetpack_publicize_connections":[],"jetpack_featured_media_url":"https:\/\/i0.wp.com\/miradordeatarfe.es\/wp-content\/uploads\/2022\/03\/programacion-completa-Festival-aniversario_1661544671_153010214_1200x675.jpg?fit=1200%2C675&ssl=1","jetpack_likes_enabled":true,"jetpack_sharing_enabled":true,"_links":{"self":[{"href":"https:\/\/miradordeatarfe.es\/index.php?rest_route=\/wp\/v2\/posts\/52799","targetHints":{"allow":["GET"]}}],"collection":[{"href":"https:\/\/miradordeatarfe.es\/index.php?rest_route=\/wp\/v2\/posts"}],"about":[{"href":"https:\/\/miradordeatarfe.es\/index.php?rest_route=\/wp\/v2\/types\/post"}],"author":[{"embeddable":true,"href":"https:\/\/miradordeatarfe.es\/index.php?rest_route=\/wp\/v2\/users\/1"}],"replies":[{"embeddable":true,"href":"https:\/\/miradordeatarfe.es\/index.php?rest_route=%2Fwp%2Fv2%2Fcomments&post=52799"}],"version-history":[{"count":1,"href":"https:\/\/miradordeatarfe.es\/index.php?rest_route=\/wp\/v2\/posts\/52799\/revisions"}],"predecessor-version":[{"id":52801,"href":"https:\/\/miradordeatarfe.es\/index.php?rest_route=\/wp\/v2\/posts\/52799\/revisions\/52801"}],"wp:featuredmedia":[{"embeddable":true,"href":"https:\/\/miradordeatarfe.es\/index.php?rest_route=\/wp\/v2\/media\/52800"}],"wp:attachment":[{"href":"https:\/\/miradordeatarfe.es\/index.php?rest_route=%2Fwp%2Fv2%2Fmedia&parent=52799"}],"wp:term":[{"taxonomy":"category","embeddable":true,"href":"https:\/\/miradordeatarfe.es\/index.php?rest_route=%2Fwp%2Fv2%2Fcategories&post=52799"},{"taxonomy":"post_tag","embeddable":true,"href":"https:\/\/miradordeatarfe.es\/index.php?rest_route=%2Fwp%2Fv2%2Ftags&post=52799"}],"curies":[{"name":"wp","href":"https:\/\/api.w.org\/{rel}","templated":true}]}}