{"id":52802,"date":"2022-03-11T09:01:17","date_gmt":"2022-03-11T08:01:17","guid":{"rendered":"https:\/\/miradordeatarfe.es\/?p=52802"},"modified":"2022-03-09T13:09:13","modified_gmt":"2022-03-09T12:09:13","slug":"el-hospital-real-acoge-la-exposicion-zuloaga-entre-lo-gitano-y-el-flamenco","status":"publish","type":"post","link":"https:\/\/miradordeatarfe.es\/?p=52802","title":{"rendered":"El Hospital Real acoge la exposici\u00f3n &#8216;Zuloaga, entre lo gitano y el flamenco&#8217;"},"content":{"rendered":"<header class=\"single-new-header\">\n<h3 class=\"single-title\" style=\"text-align: justify;\">\u00a0La muestra est\u00e1 formada por m\u00e1s de un centenar de piezas, entre las que hay una decena de obras del pintor, algunas expuestas por primera vez<\/h3>\n<\/header>\n<section>\n<div class=\"row single-new-content\">\n<div class=\"col-md-8 content-left\">\n<div class=\"single-new-content\" style=\"text-align: justify;\">\n<p>La exposici\u00f3n &#8216;Zuloaga, entre lo gitano y el flamenco&#8217; se ha inaugurado este viernes y podr\u00e1 visitarse en el Hospital Real de Granada hasta el pr\u00f3ximo 27 de mayo. La muestra ense\u00f1a a un artista que, para quien no est\u00e9 familiarizado con su obra y su vida, podr\u00eda imaginar muy lejano al flamenco y al mundo gitano. Y, sin embargo, Ignacio Zuloaga vivi\u00f3 siempre fascinado por estas dos realidades. La exposici\u00f3n se incluye dentro de las actividades de la Universidad de Granada (UGR) de conmemoraci\u00f3n del Centenario del Concurso de Cante Jondo celebrado en Granada el 13 y 14 de junio de 1922, como se puede ver en el\u00a0v\u00eddeo que acompa\u00f1a a esta noticia, disponible en el canal de Youtube de\u00a0<strong>GranadaDigital<\/strong>. <a href=\"https:\/\/youtu.be\/1OWfDlLRn7Q\">https:\/\/youtu.be\/1OWfDlLRn7Q<\/a><img loading=\"lazy\" decoding=\"async\" src=\"https:\/\/granadadigitaladserver.granadadigital.es\/www\/delivery\/lg.php?bannerid=0&amp;campaignid=0&amp;zoneid=48&amp;loc=https%3A%2F%2Fwww.granadadigital.es%2Fhospital-real-acoge-exposicion-zuolaga-entre-gitano-flamenco-cultura-granada%2F&amp;referer=https%3A%2F%2Fwww.granadadigital.es%2F&amp;cb=1f96a708f7\" alt=\"\" width=\"0\" height=\"0\" \/><\/p>\n<p>El papel de Ignacio Zuloaga en aquel concurso fue fundamental. Es bien conocida la aportaci\u00f3n de Manuel de Falla y Federico Garc\u00eda Lorca al concurso, pero lo es menos la de Zuloaga que, finalmente, result\u00f3 fundamental. Como ha explicado Pilar Aranda, rectora de la UGR, su papel en la pacificaci\u00f3n generada por el cartel, rompedor para la \u00e9poca, de Manuel \u00c1ngeles Ortiz fue clave. \u00abAnte la pol\u00e9mica, pensaron que ser\u00eda bueno mostr\u00e1rselo a Zuloaga, que dijo de \u00e9l que era excelente. A partir de ah\u00ed, todo se qued\u00f3 mucho m\u00e1s tranquilo\u00bb, ha recordado la rectora. A Zuloaga se debe tambi\u00e9n la escenograf\u00eda del concurso, incluso la escenograf\u00eda que ambient\u00f3 la ciudad en los d\u00edas previos y, adem\u00e1s, una importante aportaci\u00f3n dineraria: 1.000 pesetas para premios. Tambi\u00e9n fue responsable de la internacionalizaci\u00f3n del concurso.<ins id=\"revive-0-5\" data-revive-zoneid=\"106\" data-revive-id=\"3675e576db6d1cc6cb6554b6e5954dc7\" data-revive-seq=\"5\" data-revive-loaded=\"1\"><\/ins><img loading=\"lazy\" decoding=\"async\" src=\"https:\/\/granadadigitaladserver.granadadigital.es\/www\/delivery\/lg.php?bannerid=2815&amp;campaignid=1820&amp;zoneid=106&amp;loc=https%3A%2F%2Fwww.granadadigital.es%2Fhospital-real-acoge-exposicion-zuolaga-entre-gitano-flamenco-cultura-granada%2F&amp;referer=https%3A%2F%2Fwww.granadadigital.es%2F&amp;cb=37cdf48d0d\" alt=\"\" width=\"0\" height=\"0\" \/><\/p>\n<p>&nbsp;<\/p>\n<p>&#8216;Zuloaga, entre lo gitano y el flamenco&#8217; es un esfuerzo conjunto de la UGR, a trav\u00e9s del Vicerrectorado de Extensi\u00f3n Universitaria y Patrimonio, y de la Fundaci\u00f3n Zuloaga, presidida por Ignacio Su\u00e1rez-Zuloaga G\u00e1ldiz, descendiente del pintor vasco. El Hospital Real acoge alrededor m\u00e1s de 110 piezas, algunas de las cuales nunca han sido vistas en p\u00fablico hasta ahora, como es el caso de &#8216;La gitana de ojos azules&#8217;. La gran mayor\u00eda de obras proceden de la Fundaci\u00f3n Zuloaga, pero tambi\u00e9n del Museo de Bellas Artes y del Museo Casa de los Tiros, del Museo de Bellas Artes de \u00c1lava, del Instituto Cervantes de Par\u00eds \u2013que ha prestado un retrato de Manuel de Falla nunca exhibido en Granada\u2013, del\u00a0<em>Centre de Documentaci\u00f3 i Museu de les Arts Esceniques<\/em>,\u00a0<em>Institut del Teatre-Fons Tortola<\/em>\u00a0Valencia, de Barcelona, y de la propia Universidad de Granada. Adem\u00e1s, colaboran coleccionistas privados de diversas partes de Espa\u00f1a.<\/p>\n<p>La rectora ha explicado que recordado que \u00abla obra de Zuloaga es especialmente interesante para la UGR porque representa la defensa de la heterogeneidad, del mestizaje y de la integraci\u00f3n de la minor\u00edas. Esta muestra recoge esos valores y nos satisface enormemente\u00bb. Las comisarias, Mar\u00eda Luisa Bellido y Margarita Ruyra de Andrade, han hecho hincapi\u00e9 tambi\u00e9n en que \u00abse trata de una exposici\u00f3n de valores: las diferentes sagas de la familia Zuloaga siempre han reivindicado el papel del pueblo gitano y de un arte que en ocasiones ha sido menospreciado. Y, por supuesto, el valor fundamental de la tolerancia\u00bb, ha comentado Ruiyra de Andrade. Bellido, por su parte, ha recordado que la muestra ha sido posible por la colaboraci\u00f3n entre instituciones y, sobre todo, \u00abpor la implicaci\u00f3n de los profesionales que han intervenido en ella\u00bb. V\u00edctor Medina, vicerrector de Extensi\u00f3n Universitaria y Patrimonio, ha mostrado su alegr\u00eda por traer a Granada una exposici\u00f3n tan relevante como esta y ha recordado que el programa va m\u00e1s all\u00e1 de la exposici\u00f3n ya que se ha dise\u00f1ado un programa paralelo de actividades que, de la mano de EducaUGR, permitir\u00e1 conocer mejor a Zuloaga y todo lo que se muestra en la exposici\u00f3n.<\/p>\n<p>La muestra, como explican sus comisarias, reflexiona \u00abacerca de &#8216;lo gitano&#8217; y &#8216;lo flamenco&#8217; en la trayectoria vital y art\u00edstica del pintor Ignacio Zuloaga Zabaleta e indaga en la importancia iconogr\u00e1fica que tuvieron estos asuntos en su obra. Tanto la implicaci\u00f3n personal de Zuloaga en esos temas como los influyentes cuadros que ejecut\u00f3 resultan fundamentales para entender el imaginario acerca del pueblo gitano en aquella \u00e9poca\u00bb. Las comisarias recuerdan que \u00abZuloaga fue, a inicios del siglo XX, uno de los artistas m\u00e1s medi\u00e1ticos y pol\u00e9micos en nuestro medio, y que era conocido en el extranjero como el mejor int\u00e9rprete de la Espa\u00f1a verdadera\u00bb.<img loading=\"lazy\" decoding=\"async\" src=\"https:\/\/granadadigitaladserver.granadadigital.es\/www\/delivery\/lg.php?bannerid=0&amp;campaignid=0&amp;zoneid=86&amp;loc=https%3A%2F%2Fwww.granadadigital.es%2Fhospital-real-acoge-exposicion-zuolaga-entre-gitano-flamenco-cultura-granada%2F&amp;referer=https%3A%2F%2Fwww.granadadigital.es%2F&amp;cb=890ec9a12f\" alt=\"\" width=\"0\" height=\"0\" \/><\/p>\n<p>La exposici\u00f3n tambi\u00e9n ofrece dos perspectivas adicionales del ambiente que rodeaba lo gitano y el flamenco. Por una parte, c\u00f3mo eran interpretados por las artistas de Granada, ciudad ic\u00f3nica y emisora de uno de los m\u00e1s potentes imaginarios acerca de la gitaner\u00eda y el flamenquismo, y por otro lado, al ser lo gitano un asunto ex\u00f3tico e \u00edntimamente vinculado a lo flamenco, generaba notable inter\u00e9s en el mercado internacional del arte y que provoc\u00f3 que muchos artistas \u2013principalmente espa\u00f1oles y franceses\u2013 pintaron sus particulares versiones acerca del mismo. Algunas de estas visiones, tan distintas de las de Zuloaga, pueden observarse en los cuadros exhibidos<\/p>\n<p>La muestra se estructura en seis secciones que establecen un hilo narrativo que comienza con los or\u00edgenes pl\u00e1sticos de Zuloaga y su contexto familiar, y termina con la presencia del flamenco en el desarrollo art\u00edstico y vital del pintor y su intervenci\u00f3n, clave, en la organizaci\u00f3n y celebraci\u00f3n del Concurso de Cante Jondo.<\/p>\n<\/div>\n<div class=\"post-tags\" style=\"text-align: justify;\">https:\/\/www.granadadigital.es\/hospital-real-acoge-exposicion-zuolaga-entre-gitano-flamenco-cultura-granada\/<\/div>\n<\/div>\n<\/div>\n<\/section>\n","protected":false},"excerpt":{"rendered":"<p>\u00a0La muestra est\u00e1 formada por m\u00e1s de un centenar de piezas, entre las que hay&#8230;<\/p>\n","protected":false},"author":1,"featured_media":52803,"comment_status":"closed","ping_status":"closed","sticky":false,"template":"","format":"standard","meta":{"_coblocks_attr":"","_coblocks_dimensions":"","_coblocks_responsive_height":"","_coblocks_accordion_ie_support":"","jetpack_post_was_ever_published":false,"_jetpack_newsletter_access":"","_jetpack_dont_email_post_to_subs":false,"_jetpack_newsletter_tier_id":0,"_jetpack_memberships_contains_paywalled_content":false,"_jetpack_memberships_contains_paid_content":false,"footnotes":"","jetpack_publicize_message":"","jetpack_publicize_feature_enabled":true,"jetpack_social_post_already_shared":true,"jetpack_social_options":{"image_generator_settings":{"template":"highway","default_image_id":0,"enabled":false},"version":2}},"categories":[1161,44,6937,15],"tags":[9012,8683],"class_list":["post-52802","post","type-post","status-publish","format-standard","has-post-thumbnail","hentry","category-ciudadania","category-noticias-de-hoy","category-sociedad","category-ultimas-noticias","tag-exxposicion","tag-zuloaga"],"jetpack_publicize_connections":[],"jetpack_featured_media_url":"https:\/\/i0.wp.com\/miradordeatarfe.es\/wp-content\/uploads\/2022\/03\/31ded63f-30cf-e930-5f03-ccc715f96818-1080x720-1.jpg?fit=1080%2C720&ssl=1","jetpack_likes_enabled":true,"jetpack_sharing_enabled":true,"_links":{"self":[{"href":"https:\/\/miradordeatarfe.es\/index.php?rest_route=\/wp\/v2\/posts\/52802","targetHints":{"allow":["GET"]}}],"collection":[{"href":"https:\/\/miradordeatarfe.es\/index.php?rest_route=\/wp\/v2\/posts"}],"about":[{"href":"https:\/\/miradordeatarfe.es\/index.php?rest_route=\/wp\/v2\/types\/post"}],"author":[{"embeddable":true,"href":"https:\/\/miradordeatarfe.es\/index.php?rest_route=\/wp\/v2\/users\/1"}],"replies":[{"embeddable":true,"href":"https:\/\/miradordeatarfe.es\/index.php?rest_route=%2Fwp%2Fv2%2Fcomments&post=52802"}],"version-history":[{"count":1,"href":"https:\/\/miradordeatarfe.es\/index.php?rest_route=\/wp\/v2\/posts\/52802\/revisions"}],"predecessor-version":[{"id":52804,"href":"https:\/\/miradordeatarfe.es\/index.php?rest_route=\/wp\/v2\/posts\/52802\/revisions\/52804"}],"wp:featuredmedia":[{"embeddable":true,"href":"https:\/\/miradordeatarfe.es\/index.php?rest_route=\/wp\/v2\/media\/52803"}],"wp:attachment":[{"href":"https:\/\/miradordeatarfe.es\/index.php?rest_route=%2Fwp%2Fv2%2Fmedia&parent=52802"}],"wp:term":[{"taxonomy":"category","embeddable":true,"href":"https:\/\/miradordeatarfe.es\/index.php?rest_route=%2Fwp%2Fv2%2Fcategories&post=52802"},{"taxonomy":"post_tag","embeddable":true,"href":"https:\/\/miradordeatarfe.es\/index.php?rest_route=%2Fwp%2Fv2%2Ftags&post=52802"}],"curies":[{"name":"wp","href":"https:\/\/api.w.org\/{rel}","templated":true}]}}