{"id":52836,"date":"2022-03-07T20:38:38","date_gmt":"2022-03-07T19:38:38","guid":{"rendered":"https:\/\/miradordeatarfe.es\/?p=52836"},"modified":"2022-03-07T20:38:38","modified_gmt":"2022-03-07T19:38:38","slug":"el-cdu-atarfe-gana-en-cartagena-y-aun-aspira-a-la-segunda-plaza","status":"publish","type":"post","link":"https:\/\/miradordeatarfe.es\/?p=52836","title":{"rendered":"El CDU Atarfe gana en Cartagena y a\u00fan aspira a la segunda plaza"},"content":{"rendered":"<h2 class=\"voc-sub-title\">El equipo granadino se impone por 0-3 ante un dif\u00edcil rival<\/h2>\n<div class=\"voc-detail\" data-voc-share-selection=\"\">\n<p class=\"voc-paragraph\">El Covir\u00e1n CDU Atarfe logr\u00f3 una victoria trabajada tras disputar un gran partido, lo que le mantiene a\u00fan con opciones de alcanzar la segunda plaza que da derecho a disputar la fase de ascenso. El equipo granadino se impuso por 0-3 en la pista del Cartagena Algar Surmenor. Domin\u00f3 todas las facetas del juego y supo sobreponerse a la ausencia de Bel\u00e9n Cabrera, una de sus jugadoras m\u00e1s determinantes.<\/p>\n<p class=\"voc-paragraph\">Con una buena defensa supo controlar el partido y con el bloqueo en la red tom\u00f3 la iniciativa desde el primer set. Supo adquirir ventajas en las otras dos mangas y no dej\u00f3 que su rival se acercara en ning\u00fan momento. La victoria no se le escap\u00f3.<\/p>\n<div class=\"voc-detail__cmp voc-detail__cmp--title voc-detail__cmp--no-margin\">\n<h3 class=\"voc-detail__title\">Ficha t\u00e9cnica<\/h3>\n<\/div>\n<p class=\"voc-paragraph\">Cartagena Algar: Laila Romero, Anna Guschina, Paula Garc\u00eda, Laura Ferrer, In\u00e9s Lagu\u00eda, Mar\u00eda Sanch\u00eds, Teresa Hern\u00e1ndez (l\u00edbero) \u2013equipo inicial\u2013, Vivancos, Cegarra, Arnau, Villalonga y Olmos.<\/p>\n<p class=\"voc-paragraph\">Covir\u00e1n CDU Atarfe: Encarna Garc\u00eda, Celia Morales, Tania Ferreira, Valentina Stenta, Carla P\u00e9rez, Marta P\u00e9rez, Laura Moya (l\u00edbero) \u2013equipo inicial\u2013, Illeras, El Amrani y Roc\u00edo C\u00f3rdoba.<\/p>\n<p class=\"voc-paragraph\">Parciales: 18-25, 17-25 y 18-25.<\/p>\n<p class=\"voc-paragraph\">\u00c1rbitro: Enrique Danvila y Mar\u00eda Jos\u00e9 Contrera<\/p>\n<p><a class=\"voc-author\" title=\"JULIO PI\u00d1ERO\"><strong>JULIO PI\u00d1ERO<\/strong> <\/a><\/p>\n<p>FOTO: <span class=\"voc-photo-caption\">Valentina Stenta trata de superar un bloqueo. \/ <\/span><span class=\"voc-photo-author\">ALFREDO AGUILAR<\/span><\/p>\n<p>https:\/\/www.ideal.es\/deportes\/provincial-granada\/atarfe-gana-cartagena-20220306212758-nt.html<\/p>\n<\/div>\n","protected":false},"excerpt":{"rendered":"<p>El equipo granadino se impone por 0-3 ante un dif\u00edcil rival El Covir\u00e1n CDU Atarfe&#8230;<\/p>\n","protected":false},"author":1,"featured_media":52837,"comment_status":"closed","ping_status":"closed","sticky":false,"template":"","format":"standard","meta":{"_coblocks_attr":"","_coblocks_dimensions":"","_coblocks_responsive_height":"","_coblocks_accordion_ie_support":"","jetpack_post_was_ever_published":false,"_jetpack_newsletter_access":"","_jetpack_dont_email_post_to_subs":false,"_jetpack_newsletter_tier_id":0,"_jetpack_memberships_contains_paywalled_content":false,"_jetpack_memberships_contains_paid_content":false,"footnotes":"","jetpack_publicize_message":"","jetpack_publicize_feature_enabled":true,"jetpack_social_post_already_shared":true,"jetpack_social_options":{"image_generator_settings":{"template":"highway","default_image_id":0,"enabled":false},"version":2}},"categories":[2,182,44,15],"tags":[81,123,727],"class_list":["post-52836","post","type-post","status-publish","format-standard","has-post-thumbnail","hentry","category-atarfe","category-deportes","category-noticias-de-hoy","category-ultimas-noticias","tag-atarfe","tag-deportes","tag-voleibol"],"jetpack_publicize_connections":[],"jetpack_featured_media_url":"https:\/\/i0.wp.com\/miradordeatarfe.es\/wp-content\/uploads\/2022\/03\/Voleibol.jpg?fit=1374%2C916&ssl=1","jetpack_likes_enabled":true,"jetpack_sharing_enabled":true,"_links":{"self":[{"href":"https:\/\/miradordeatarfe.es\/index.php?rest_route=\/wp\/v2\/posts\/52836","targetHints":{"allow":["GET"]}}],"collection":[{"href":"https:\/\/miradordeatarfe.es\/index.php?rest_route=\/wp\/v2\/posts"}],"about":[{"href":"https:\/\/miradordeatarfe.es\/index.php?rest_route=\/wp\/v2\/types\/post"}],"author":[{"embeddable":true,"href":"https:\/\/miradordeatarfe.es\/index.php?rest_route=\/wp\/v2\/users\/1"}],"replies":[{"embeddable":true,"href":"https:\/\/miradordeatarfe.es\/index.php?rest_route=%2Fwp%2Fv2%2Fcomments&post=52836"}],"version-history":[{"count":2,"href":"https:\/\/miradordeatarfe.es\/index.php?rest_route=\/wp\/v2\/posts\/52836\/revisions"}],"predecessor-version":[{"id":52839,"href":"https:\/\/miradordeatarfe.es\/index.php?rest_route=\/wp\/v2\/posts\/52836\/revisions\/52839"}],"wp:featuredmedia":[{"embeddable":true,"href":"https:\/\/miradordeatarfe.es\/index.php?rest_route=\/wp\/v2\/media\/52837"}],"wp:attachment":[{"href":"https:\/\/miradordeatarfe.es\/index.php?rest_route=%2Fwp%2Fv2%2Fmedia&parent=52836"}],"wp:term":[{"taxonomy":"category","embeddable":true,"href":"https:\/\/miradordeatarfe.es\/index.php?rest_route=%2Fwp%2Fv2%2Fcategories&post=52836"},{"taxonomy":"post_tag","embeddable":true,"href":"https:\/\/miradordeatarfe.es\/index.php?rest_route=%2Fwp%2Fv2%2Ftags&post=52836"}],"curies":[{"name":"wp","href":"https:\/\/api.w.org\/{rel}","templated":true}]}}