{"id":5287,"date":"2015-12-12T14:52:32","date_gmt":"2015-12-12T13:52:32","guid":{"rendered":"http:\/\/miradordeatarfe.es\/?p=5287"},"modified":"2017-10-30T20:43:52","modified_gmt":"2017-10-30T19:43:52","slug":"ceip-atalayarecibe-el-primer-premio-de-innovacion-stem-con-conciencia-y-en-comunidad-de-telefonica","status":"publish","type":"post","link":"https:\/\/miradordeatarfe.es\/?p=5287","title":{"rendered":"CEIP Atalaya: recibe el primer premio de Innovaci\u00f3n STEM con conciencia y en comunidad de TELEFONICA"},"content":{"rendered":"<div class=\"row\">\n<div class=\"small-12 columns\">\n<div class=\"row collapse\">\n<div class=\"small-12 medium-12 caja-texto \">\n<h3 class=\"subheader\"><em>\u201cNuestro objetivo primordial de centro se asienta en la necesidad de enriquecer el entorno de nuestro alumnado ya que, si la educaci\u00f3n no lo remedia, \u00e9ste se encuentra m\u00e1s cerca del abandono y el fracaso escolar y social, que del \u00e9xito y la excelencia\u201d (Cecilio Mart\u00edn, Director). <\/em><\/h3>\n<p><!--more--><\/p>\n<p>El d\u00eda <strong>10 de diciembre<\/strong>, en el programa \u2018<a href=\"http:\/\/www.fundaciontelefonica.com\/2015\/12\/09\/los-ganadores-de-los-premios-escuela-para-la-sociedad-digital-2015-se-conoceran-en-directo-en-el-matinal-de-gestiona-radio\/\">Primera hora\u2019 de Gestiona Radio<\/a>, se dieron a conocer finalmente los <strong>seis centros educativos vencedores\u00a0del Premio<\/strong>.Desde Fundaci\u00f3n Telef\u00f3nica <strong>queremos felicitar a los ganadores y finalistas<\/strong> y animar a todos los centros que se han presentado a seguir trabajando por la mejora de la educaci\u00f3n. Los ganadores del primer y segundo premio en cada categor\u00eda han sido premiados respectivamente con 9.000\u20ac y 4.000\u20ac (adem\u00e1s de los 1.000 recibidos como finalistas) para invertir en la mejora y fortalecimiento de los proyectos presentados.<\/p>\n<table class=\"table \" width=\"100%\">\n<tbody>\n<tr>\n<td>\n<h2><strong>CONOCE A LOS GANADORES<\/strong><\/h2>\n<p>&nbsp;<\/p>\n<h2>Categor\u00eda I: CEIP P\u00fablicos<\/h2>\n<article>\n<div class=\"row\">\n<div class=\"small-12 medium-6 columns botmargmedio\"><a href=\"http:\/\/innovacioneducativa.fundaciontelefonica.com\/blog\/2015\/11\/02\/innovacion-stem-con-conciencia-y-en-comunidad-ceip-atalaya\/\" target=\"_blank\"><img data-recalc-dims=\"1\" decoding=\"async\" class=\"alignnone\" src=\"https:\/\/i0.wp.com\/www.fundaciontelefonica.com\/wp-content\/uploads\/2015\/12\/escuela_atalaya-ganador.jpg?w=640\" alt=\"ceip atalaya\" \/><\/a><\/div>\n<div class=\"small-12 medium-6 columns botmargmedio\"><a href=\"http:\/\/innovacioneducativa.fundaciontelefonica.com\/blog\/2015\/10\/16\/ceip-bartolome-cossio-la-innovacion-educativa-espanola-en-pasado-presente-y-futuro\/\" target=\"_blank\"><img data-recalc-dims=\"1\" decoding=\"async\" class=\"alignnone\" src=\"https:\/\/i0.wp.com\/www.fundaciontelefonica.com\/wp-content\/uploads\/2015\/12\/escuela_bartolome_cossio-ganador-premios.jpg?w=640\" alt=\"escuela bartolome Cossio\" \/><\/a><\/div>\n<\/div>\n<\/article>\n<article>\n<div class=\"row collapse\">\n<div class=\"small-12 medium-12 large-12 caja-texto\">\n<header>\n<h2 class=\"entry-title\">CEIP Atalaya<\/h2>\n<\/header>\n<\/div>\n<div class=\"small-12 columns\">\n<div class=\"row collapse\">\n<div class=\"small-12 medium-12 large-12 columns\">\n<figure class=\"imagen_cabecera\"><img data-recalc-dims=\"1\" loading=\"lazy\" decoding=\"async\" class=\"sin_menos_70px wp-post-image\" src=\"https:\/\/i0.wp.com\/innovacioneducativa.fundaciontelefonica.com\/wp-content\/uploads\/2015\/11\/2-11-2015-11.11.5-32.jpg?resize=560%2C289\" alt=\"2-11-2015 11.11.5 3\" width=\"560\" height=\"289\" \/>\u00a0<\/figure>\n<\/div>\n<h3 class=\"subheader\"><em> \u201cNuestro objetivo primordial de centro se asienta en la necesidad de enriquecer el entorno de nuestro alumnado ya que, si la educaci\u00f3n no lo remedia, \u00e9ste se encuentra m\u00e1s cerca del abandono y el fracaso escolar y social, que del \u00e9xito y la excelencia\u201d (Cecilio Mart\u00edn, Director). <\/em><\/h3>\n<div class=\"small-12 medium-12 large-12 columns left no-float\">\n<div class=\"entry-content ficha\">\n<p><strong>Innovaci\u00f3n STEM con conciencia y en comunidad: CEIP Atalaya<\/strong><\/p>\n<figure><a href=\"https:\/\/i0.wp.com\/innovacioneducativa.fundaciontelefonica.com\/wp-content\/uploads\/2015\/11\/2-11-2015-11.11.28-1.jpg\"><img data-recalc-dims=\"1\" height=\"200\" width=\"300\" decoding=\"async\" class=\"aligncenter\" src=\"https:\/\/i0.wp.com\/innovacioneducativa.fundaciontelefonica.com\/wp-content\/uploads\/2015\/11\/2-11-2015-11.11.28-1-300x200.jpg?resize=300%2C200\" alt=\"2-11-2015 11.11.28 1\" \/><\/a><\/figure>\n<p><a href=\"https:\/\/i0.wp.com\/innovacioneducativa.fundaciontelefonica.com\/wp-content\/uploads\/2015\/11\/2-11-2015-11.11.6-21.jpg\"><img data-recalc-dims=\"1\" decoding=\"async\" class=\" alignright\" src=\"https:\/\/i0.wp.com\/innovacioneducativa.fundaciontelefonica.com\/wp-content\/uploads\/2015\/11\/2-11-2015-11.11.6-21.jpg?w=640\" alt=\"2-11-2015 11.11.6 2\" \/><\/a><\/p>\n<p><strong>Proyectando el Futuro<\/strong><\/p>\n<p>El CEIP Atalaya un centro de Educaci\u00f3n Infantil y Primaria sito en\u00a0Atarfe, Granada, es el ejemplo de hacia d\u00f3nde habr\u00e1n de ir las escuelas de Educaci\u00f3n Compensatoria en el futuro. Con 660 alumnos, un porcentaje aproximado al 20% se encuentran en situaci\u00f3n de desventaja socio- cultural.<\/p>\n<figure><a href=\"https:\/\/i0.wp.com\/innovacioneducativa.fundaciontelefonica.com\/wp-content\/uploads\/2015\/11\/2-11-2015-11.11.5-31.jpg\"><img data-recalc-dims=\"1\" decoding=\"async\" class=\"aligncenter\" src=\"https:\/\/i0.wp.com\/innovacioneducativa.fundaciontelefonica.com\/wp-content\/uploads\/2015\/11\/2-11-2015-11.11.5-31.jpg?w=640\" alt=\"2-11-2015 11.11.5 3\" \/><\/a><\/figure>\n<p>El liderazgo de la innovaci\u00f3n en el centro reside en el equipo docente, capitaneado por Esther Di\u00e1\u00f1ez y Jos\u00e9 Alberto Mart\u00edn, y cimentado en el apoyo incondicional del equipo directivo (Cecilio Mart\u00edn) y la implicaci\u00f3n activa de la comunidad educativa.<\/p>\n<p>Con objeto de motivar al alumnado por los aprendizajes, de ofrecerles conocimientos para su vida futura y de poner freno a la falta de referentes en el alumnado respecto de la formaci\u00f3n STEM, se puso en marcha desde el centro una iniciativa espectacular: <strong><em>Proyectando futuro: ciencia y tecnolog\u00eda para emprender en el s. XXI.<\/em><\/strong><\/p>\n<p>Veamos cu\u00e1les son sus objetivos:<\/p>\n<p>-Implementar planteamientos de innovaci\u00f3n educativa de amplias miras en Educaci\u00f3n Infantil y Primaria.<\/p>\n<p>-Concienciar sobre la importancia de la ciencia y la tecnolog\u00eda en la mejora del entorno en el que vivimos, mostrando a la sociedad la aplicabilidad de la ciencia en su d\u00eda a d\u00eda.<\/p>\n<p>-Construir estructuras permanentes de innovaci\u00f3n en el centro, generalizando las experiencias y buenas pr\u00e1cticas que se desarrollan a todos los niveles y aulas.<\/p>\n<p>-Internacionalizar el centro a partir de la red de trabajo europea y del desarrollo de una comunidad de aprendizaje que emplea e-learning y et-twinning.<\/p>\n<p>-Favorecer la implicaci\u00f3n activa de la comunidad educativa en proyectos de emprendimiento social, en y para su comunidad, donde la ciencia y la tecnolog\u00eda representen\u00a0un papel protagonista.<\/p>\n<p>-Mejorar las condiciones de vida y el entorno social del alumnado gracias a la contribuci\u00f3n de la ciencia y la tecnolog\u00eda.<\/p>\n<p>-Impulsar los principios de la Investigaci\u00f3n e Innovaci\u00f3n Responsables (Responsible Research and Innovation, RRI): compromiso con los retos sociales, mejora de la ense\u00f1anza de la ciencia, generaci\u00f3n de conocimiento de acceso abierto, respeto a los principios \u00e9ticos e igualdad de g\u00e9nero.<\/p>\n<figure><a href=\"https:\/\/i0.wp.com\/innovacioneducativa.fundaciontelefonica.com\/wp-content\/uploads\/2015\/11\/2-11-2015-11.11.26-4.jpg\"><img data-recalc-dims=\"1\" decoding=\"async\" class=\"aligncenter\" src=\"https:\/\/i0.wp.com\/innovacioneducativa.fundaciontelefonica.com\/wp-content\/uploads\/2015\/11\/2-11-2015-11.11.26-4.jpg?w=640\" alt=\"2-11-2015 11.11.26 4\" \/><\/a><\/figure>\n<p>Como hemos visto, el proyecto integra diferentes iniciativas en distintos niveles: aula, centro, inter-centro y, m\u00e1s en especial, comunitarias; todas ellas orientadas a la mejora en el desarrollo y la adquisici\u00f3n de las competencias necesarias para desenvolverse y contribuir activamente, a trav\u00e9s de la cultura del emprendimiento, al desarrollo de la sociedad del siglo XXI.<\/p>\n<p>Los pilares centrales de <strong><em>Proyectando Futuro<\/em><\/strong>\u00a0se fundamentan en las disciplinas STEM (Science, Technology, Engineering Mathematics) y se gestionan desde un plan sistem\u00e1tico y una visi\u00f3n compartida tanto a trav\u00e9s de aprendizaje basado en proyectos como del aprendizaje en red.<\/p>\n<p>Un breve resumen de sus aspectos fundamentales de su trabajo:<\/p>\n<p><strong><em>Modelos de referencia en ciencia y tecnolog\u00eda<\/em><\/strong><\/p>\n<p>La orientaci\u00f3n estrat\u00e9gica del centro para abordar tal desaf\u00edo residi\u00f3 en superar las t\u00edpicas din\u00e1micas centradas en referencias indirectas y suced\u00e1neos tecno-cient\u00edficos, acudiendo directamente a las fuentes, protagonistas y l\u00edderes que hoy d\u00eda est\u00e1n transformando el mundo actual.<\/p>\n<p>El proyecto <em>Ciencia a la carta<\/em> y <em>Cartas a mujeres cient\u00edficas<\/em> es resultado de tal iniciativa. Desde el centro se escribieron cartas a reconocidas entidades del sector y, muy especialmente a mujeres cient\u00edficas relevantes a nivel nacional e internacional. El prop\u00f3sito \u00faltimo\u00a0residi\u00f3 en conseguir que trasmitieran su entusiasmo por la ciencia, para que los ni\u00f1os y ni\u00f1as del centro iniciaran un acercamiento ameno y motivador a estas disciplinas.<\/p>\n<p>El resultado fue mucho mejor de lo esperado: decenas de repuestas de entidades y mujeres de todo el mundo (Granada, Espa\u00f1a, Estados Unidos, Malasia, la Ant\u00e1rtida\u2026.) que les ha servido como punto de partida del proceso educativo tecno-cienct\u00edfico\u00a0y les ha llevado, entre otras actividades, a organizar una feria STEM en su localidad.<\/p>\n<figure><a href=\"https:\/\/feriadelacienciadeatarfe.wordpress.com\/\" target=\"_blank\"><img data-recalc-dims=\"1\" decoding=\"async\" class=\"aligncenter\" src=\"https:\/\/i0.wp.com\/innovacioneducativa.fundaciontelefonica.com\/wp-content\/uploads\/2015\/11\/2-11-2015-11.11.41-6.jpg?w=640\" alt=\"2-11-2015 11.11.41 6\" \/><\/a><\/figure>\n<figure><a href=\"https:\/\/feriadelacienciadeatarfe.wordpress.com\/\">https:\/\/feriadelacienciadeatarfe.wordpress.com\/<\/a><strong><em>Cultura y proyectos de investigaci\u00f3n<\/em><\/strong>La palanca de motivaci\u00f3n e impulso en el centro ya estaba activada. Ahora hab\u00eda de responder a la pregunta de c\u00f3mo aplicar esta cultura cient\u00edfica al d\u00eda a d\u00eda del aula. La respuesta radic\u00f3 en la activaci\u00f3n de grupos y din\u00e1micas de investigaci\u00f3n: los alumnos son dise\u00f1adores, arquitectos o ingenieros y aprenden a trabajar por proyectos desde tales roles.Se activaron todo tipo de grupos: comisiones de docentes, de docente-alumnos, de docentes- alumnos-familias y docentes-alumnos-familias y especialistas. El objetivo radic\u00f3 en organizarse para preparar, curar y participar de las tem\u00e1ticas de trabajo que\u00a0<strong><em>Proyectando Futuro<\/em><\/strong> desarrolla en cada uno de los cursos y niveles. Como indicador relevante, en la actualidad en m\u00e1s de un 70% de las clases las familias colaboran en su desarrollo de forma complementaria.Uno de los aspectos m\u00e1s destacados que se aborda en todo este proceso es <em>Factor E<\/em>. En palabras de la profesora Esther Di\u00e1\u00f1ez: \u201cCuando en un aula se ense\u00f1a al ni\u00f1o a trabajar por proyectos, se cuida el aprendizaje de la atenci\u00f3n voluntaria, se le ense\u00f1a a saber aplazar la recompensa y a mantener el esfuerzo, se le ayuda a organizar su memoria y a saber usarla y se le entrena en lo que llamamos habilidades metacognitivas. En suma, se est\u00e1 educando el Factor E\u201d.<\/p>\n<p><a href=\"https:\/\/proyectandofuturoenlaescuela.wordpress.com\/\" target=\"_blank\"><img data-recalc-dims=\"1\" decoding=\"async\" class=\"aligncenter\" src=\"https:\/\/i0.wp.com\/innovacioneducativa.fundaciontelefonica.com\/wp-content\/uploads\/2015\/11\/2-11-2015-11.11.2-71.jpg?w=640\" alt=\"2-11-2015 11.11.2 7\" \/><\/a><\/p>\n<\/figure>\n<figure><a href=\"https:\/\/proyectandofuturoenlaescuela.wordpress.com\/\">https:\/\/proyectandofuturoenlaescuela.wordpress.com\/<\/a><strong><em><br \/>\n<\/em><\/strong><strong><em>Actividades de emprendimiento comunitario<\/em><\/strong>Como se ha mencionado, uno de los elementos destacables del proyecto es la colaboraci\u00f3n e interacci\u00f3n con el entorno. Para ello se han puesto en marcha comunidades de aprendizaje, investigaci\u00f3n y acci\u00f3n que implican a las familias y a expertos externos (especialmente cient\u00edficos y referentes en diferentes ramas tecnol\u00f3gicas) para la formaci\u00f3n del alumnado y del propio profesorado.Las iniciativas <em>Somos diversidad<\/em> o <em>CRECE\u00a0<\/em>son dos de las m\u00e1s destacadas en este \u00e1mbito.<a href=\"http:\/\/somosbiodiversidadatarfe.blogspot.com.es\/\" target=\"_blank\"><img data-recalc-dims=\"1\" decoding=\"async\" class=\"aligncenter\" src=\"https:\/\/i0.wp.com\/innovacioneducativa.fundaciontelefonica.com\/wp-content\/uploads\/2015\/11\/2-11-2015-11.11.16-81.jpg?w=640\" alt=\"2-11-2015 11.11.16 8\" \/><\/a><\/p>\n<\/figure>\n<figure><a href=\"http:\/\/somosbiodiversidadatarfe.blogspot.com.es\/\">http:\/\/somosbiodiversidadatarfe.blogspot.com.es\/<\/a><a href=\"https:\/\/i0.wp.com\/innovacioneducativa.fundaciontelefonica.com\/wp-content\/uploads\/2015\/11\/2-11-2015-11.11.34-9.jpg\"><img data-recalc-dims=\"1\" decoding=\"async\" class=\"aligncenter\" src=\"https:\/\/i0.wp.com\/innovacioneducativa.fundaciontelefonica.com\/wp-content\/uploads\/2015\/11\/2-11-2015-11.11.34-9.jpg?w=640\" alt=\"2-11-2015 11.11.34 9\" \/><\/a><\/figure>\n<figure><a href=\"https:\/\/proyectocreece.wordpress.com\/\">https:\/\/proyectocreece.wordpress.com\/<\/a>Respecto del proyecto CRECE, involucra a todos los niveles educativos del centro, y en \u00e9l est\u00e1n implicados:<\/p>\n<ul>\n<li>las familias del centro<\/li>\n<li>la red de escuelas pr\u00f3ximas: seis centros de Educaci\u00f3n Infantil y Primaria; dos centros de Educaci\u00f3n Secundaria y Bachillerato; y un centro de Educaci\u00f3n de adultos<\/li>\n<li>el Ayuntamiento de Atarfe<\/li>\n<li>la Universidad de Granada<\/li>\n<li>el Centro de Profesorado de Granada<\/li>\n<li>Otras entidades privadas sin \u00e1nimo de lucro y colectivos del municipio.<\/li>\n<\/ul>\n<p>&nbsp;<\/p>\n<p>Para concluir qu\u00e9 mejor que el resumen aspiracional de la direcci\u00f3n del centro: \u201cNuestro proyecto tiene un objetivo \u00faltimo muy relacionado con el emprendimiento, la orientaci\u00f3n profesional y el mundo laboral, por lo que las medidas de innovaci\u00f3n van claramente encaminadas a un menor fracaso y abandono escolar, a la mejora de los rendimientos escolares y a la consecuci\u00f3n de competencias futuras.\u201d<\/p>\n<p>Es por ello por lo que todas las actividades de <strong><em>Proyectando Futuro<\/em><\/strong>\u00a0se impregnan de metodolog\u00edas activas centradas en el alumno, fundamentadas en el aprendizaje basado en proyectos (ABP), en la cultura digital, en la inteligencia emocional y en las funciones ejecutivas (el porqu\u00e9 se hacen las cosas, c\u00f3mo y con qui\u00e9n) en todos los niveles del centro.<\/p>\n<p><a href=\"https:\/\/i0.wp.com\/innovacioneducativa.fundaciontelefonica.com\/wp-content\/uploads\/2015\/11\/2-11-2015-11.11.53-101.jpg\"><img data-recalc-dims=\"1\" decoding=\"async\" class=\"aligncenter\" src=\"https:\/\/i0.wp.com\/innovacioneducativa.fundaciontelefonica.com\/wp-content\/uploads\/2015\/11\/2-11-2015-11.11.53-101.jpg?w=640\" alt=\"2-11-2015 11.11.53 10\" \/><\/a><\/p>\n<\/figure>\n<figure><a href=\"http:\/\/www.juntadeandalucia.es\/averroes\/centros-tic\/18601989\/helvia\/sitio\/index.cgi?wid_seccion=6\">http:\/\/www.juntadeandalucia.es\/averroes\/centros-tic\/18601989\/helvia\/sitio\/index.cgi?wid_seccion=6<\/a>Sigue las novedades de los<strong> <a href=\"http:\/\/www.fundaciontelefonica.com\/educacion_innovacion\/premio-escuelas-para-la-sociedad-digital-2015\/\" target=\"_blank\">Premios Escuelas para la Sociedad Digital <\/a><\/strong><a href=\"https:\/\/i0.wp.com\/innovacioneducativa.fundaciontelefonica.com\/wp-content\/uploads\/2015\/08\/6-8-2015-12.8.46-1.jpg\"><img data-recalc-dims=\"1\" height=\"119\" width=\"300\" decoding=\"async\" class=\"aligncenter\" src=\"https:\/\/i0.wp.com\/innovacioneducativa.fundaciontelefonica.com\/wp-content\/uploads\/2015\/08\/6-8-2015-12.8.46-1-300x119.jpg?resize=300%2C119\" alt=\"6-8-2015 12.8.46 1\" \/><\/a><\/figure>\n<div class=\"ratingblock \">\n<div class=\"ratingheader \"><\/div>\n<div class=\"ratingstars \"><\/div>\n<div class=\"ratingtext \">\n<div id=\"gdr_text_a6100\">Rating: 7.7\/<strong>10<\/strong> (3 votes cast)<\/div>\n<\/div>\n<\/div>\n<p><span class=\"hreview-aggregate\"><span class=\"item\"><span class=\"fn\">Innovaci\u00f3n STEM con conciencia y en comunidad: CEIP Atalaya<\/span><\/span>, <span class=\"rating\"><span class=\"average\">7.7<\/span> out of <span class=\"best\">10<\/span> based on <span class=\"votes\">3<\/span> ratings <\/span><\/span><\/p>\n<\/div>\n<footer>\n<p class=\"entry-tags\">Etiquetas: <a href=\"http:\/\/innovacioneducativa.fundaciontelefonica.com\/blog\/tag\/bachillerato\/\" rel=\"tag\">Bachillerato<\/a>, <a href=\"http:\/\/innovacioneducativa.fundaciontelefonica.com\/blog\/tag\/creatividad\/\" rel=\"tag\">Creatividad<\/a>, <a href=\"http:\/\/innovacioneducativa.fundaciontelefonica.com\/blog\/tag\/infantil\/\" rel=\"tag\">Infantil<\/a>, <a href=\"http:\/\/innovacioneducativa.fundaciontelefonica.com\/blog\/tag\/integracion-de-la-tecnologia\/\" rel=\"tag\">Integraci\u00f3n de la Tecnolog\u00eda<\/a>, <a href=\"http:\/\/innovacioneducativa.fundaciontelefonica.com\/blog\/tag\/liderazgo-docente\/\" rel=\"tag\">Liderazgo docente<\/a>, <a href=\"http:\/\/innovacioneducativa.fundaciontelefonica.com\/blog\/tag\/madurez-digital\/\" rel=\"tag\">Madurez digital<\/a>, <a href=\"http:\/\/innovacioneducativa.fundaciontelefonica.com\/blog\/tag\/modelos\/\" rel=\"tag\">Modelos<\/a>, <a href=\"http:\/\/innovacioneducativa.fundaciontelefonica.com\/blog\/tag\/premio-escuelas\/\" rel=\"tag\">Premio Escuelas<\/a>, <a href=\"http:\/\/innovacioneducativa.fundaciontelefonica.com\/blog\/tag\/profesorado\/\" rel=\"tag\">Profesorado<\/a>, <a href=\"http:\/\/innovacioneducativa.fundaciontelefonica.com\/blog\/tag\/secundaria\/\" rel=\"tag\">Secundaria<\/a>, <a href=\"http:\/\/innovacioneducativa.fundaciontelefonica.com\/blog\/tag\/tendencias\/\" rel=\"tag\">Tendencias<\/a>, <a href=\"http:\/\/innovacioneducativa.fundaciontelefonica.com\/blog\/tag\/universidad\/\" rel=\"tag\">Universidad<\/a><\/p>\n<\/footer>\n<\/div>\n<\/div>\n<\/div>\n<\/div>\n<\/article>\n<div class=\"row collapse\"><\/div>\n<aside id=\"sidebar\" class=\"small-12 medium-3 large-3 columns small-centered medium-uncentered\">\n<article id=\"text-10\" class=\"panel widget widget_text\">\n<div class=\"textwidget\">\n<p><b><a href=\"http:\/\/www.fundaciontelefonica.com\/educacion_innovacion\/premio-escuelas-para-la-sociedad-digital-2015\/\">Premiamos a los centros educativos m\u00e1s innovadores de Espa\u00f1a <\/a><\/b><\/p>\n<\/div>\n<\/article>\n<article id=\"text-6\" class=\"panel widget widget_text\">\n<h4>Maestros Digitales: formaci\u00f3n del futuro<\/h4>\n<div class=\"textwidget\"><a href=\"http:\/\/innovacioneducativa.fundaciontelefonica.com\/blog\/2015\/07\/03\/maestros-digitales-formacion-del-futuro\/\"><img data-recalc-dims=\"1\" decoding=\"async\" class=\" alignleft\" src=\"https:\/\/i0.wp.com\/innovacioneducativa.fundaciontelefonica.com\/wp-content\/uploads\/2015\/08\/13-8-2015-15.8.29-9.jpg?w=640\" alt=\"13-8-2015 15.8.29 9\" \/><\/a><\/div>\n<\/article>\n<article id=\"text-9\" class=\"panel widget widget_text\">\n<h4>Escuela de Educaci\u00f3n Disruptiva<\/h4>\n<div class=\"textwidget\"><a href=\"http:\/\/eed.fundaciontelefonica.com\/\"><img data-recalc-dims=\"1\" height=\"187\" width=\"300\" decoding=\"async\" class=\"alignleft\" src=\"https:\/\/i0.wp.com\/innovacioneducativa.fundaciontelefonica.com\/wp-content\/uploads\/2015\/06\/escuela_educacion_disruptiva4-300x187.jpg?resize=300%2C187\" alt=\"escuela_educacion_disruptiva4\" \/><\/a><\/div>\n<\/article>\n<article id=\"wpcirrus\" class=\"panel widget wpcirrusWidgetInit\">\n<h4>Etiquetas<\/h4>\n<div id=\"cirrusCloudWidget\"><a class=\"tag-link-285\" title=\"90 temas\" href=\"http:\/\/innovacioneducativa.fundaciontelefonica.com\/blog\/tag\/bachillerato\/\">Bachillerato<\/a> <a class=\"tag-link-290\" title=\"23 temas\" href=\"http:\/\/innovacioneducativa.fundaciontelefonica.com\/blog\/tag\/comunidades-de-aprendizaje\/\">Comunidades de Aprendizaje<\/a> <a class=\"tag-link-288\" title=\"60 temas\" href=\"http:\/\/innovacioneducativa.fundaciontelefonica.com\/blog\/tag\/creatividad\/\">Creatividad<\/a> <a class=\"tag-link-281\" title=\"41 temas\" href=\"http:\/\/innovacioneducativa.fundaciontelefonica.com\/blog\/tag\/diversidad\/\">Diversidad<\/a> <a class=\"tag-link-287\" title=\"22 temas\" href=\"http:\/\/innovacioneducativa.fundaciontelefonica.com\/blog\/tag\/educacion-global\/\">Educaci\u00f3n Global<\/a> <a class=\"tag-link-279\" title=\"22 temas\" href=\"http:\/\/innovacioneducativa.fundaciontelefonica.com\/blog\/tag\/emprendimiento\/\">Emprendimiento<\/a> <a class=\"tag-link-301\" title=\"38 temas\" href=\"http:\/\/innovacioneducativa.fundaciontelefonica.com\/blog\/tag\/escenarios\/\">Escenarios<\/a> <a class=\"tag-link-286\" title=\"55 temas\" href=\"http:\/\/innovacioneducativa.fundaciontelefonica.com\/blog\/tag\/formacion-profesional\/\">Formaci\u00f3n profesional<\/a> <a class=\"tag-link-306\" title=\"86 temas\" href=\"http:\/\/innovacioneducativa.fundaciontelefonica.com\/blog\/tag\/infantil\/\">Infantil<\/a> <a class=\"tag-link-322\" title=\"25 temas\" href=\"http:\/\/innovacioneducativa.fundaciontelefonica.com\/blog\/tag\/integracion-de-la-tecnologia\/\">Integraci\u00f3n de la Tecnolog\u00eda<\/a> <a class=\"tag-link-294\" title=\"24 temas\" href=\"http:\/\/innovacioneducativa.fundaciontelefonica.com\/blog\/tag\/mobile-learning\/\">Mobile Learning<\/a> <a class=\"tag-link-300\" title=\"37 temas\" href=\"http:\/\/innovacioneducativa.fundaciontelefonica.com\/blog\/tag\/modelos\/\">Modelos<\/a> <a class=\"tag-link-289\" title=\"26 temas\" href=\"http:\/\/innovacioneducativa.fundaciontelefonica.com\/blog\/tag\/pensamiento-critico\/\">Pensamiento cr\u00edtico<\/a> <a class=\"tag-link-283\" title=\"160 temas\" href=\"http:\/\/innovacioneducativa.fundaciontelefonica.com\/blog\/tag\/primaria\/\">Primaria<\/a> <a class=\"tag-link-383\" title=\"39 temas\" href=\"http:\/\/innovacioneducativa.fundaciontelefonica.com\/blog\/tag\/profesorado\/\">Profesorado<\/a> <a class=\"tag-link-296\" title=\"37 temas\" href=\"http:\/\/innovacioneducativa.fundaciontelefonica.com\/blog\/tag\/redes\/\">Redes<\/a> <a class=\"tag-link-284\" title=\"169 temas\" href=\"http:\/\/innovacioneducativa.fundaciontelefonica.com\/blog\/tag\/secundaria\/\">Secundaria<\/a> <a class=\"tag-link-280\" title=\"34 temas\" href=\"http:\/\/innovacioneducativa.fundaciontelefonica.com\/blog\/tag\/steam\/\">STEAM<\/a> <a class=\"tag-link-302\" title=\"40 temas\" href=\"http:\/\/innovacioneducativa.fundaciontelefonica.com\/blog\/tag\/tendencias\/\">Tendencias<\/a> <a class=\"tag-link-390\" title=\"29 temas\" href=\"http:\/\/innovacioneducativa.fundaciontelefonica.com\/blog\/tag\/universidad\/\">Universidad<\/a><\/div>\n<\/article>\n<\/aside>\n<h2>Categor\u00eda II: IES P\u00fablicos<\/h2>\n<article>\n<div class=\"row\">\n<div class=\"small-12 medium-6 columns botmargmedio\"><a href=\"http:\/\/innovacioneducativa.fundaciontelefonica.com\/blog\/2015\/10\/26\/innovar-desde-la-inclusividad-ies-cartima\/\" target=\"_blank\"><img data-recalc-dims=\"1\" decoding=\"async\" class=\"alignnone\" src=\"https:\/\/i0.wp.com\/www.fundaciontelefonica.com\/wp-content\/uploads\/2015\/12\/ies_cartima-ganadores-premios.jpg?w=640\" alt=\"ies Cartima\" \/><\/a><\/div>\n<div class=\"small-12 medium-6 columns botmargmedio\"><a href=\"http:\/\/innovacioneducativa.fundaciontelefonica.com\/blog\/2015\/10\/21\/innovar-como-necesidad-ies-sin-cardener\/\" target=\"_blank\"><img data-recalc-dims=\"1\" decoding=\"async\" class=\"alignnone\" src=\"https:\/\/i0.wp.com\/www.fundaciontelefonica.com\/wp-content\/uploads\/2015\/12\/sins-cardener-ganador.jpg?w=640\" alt=\"sins cardener\" \/><\/a><\/div>\n<\/div>\n<\/article>\n<p>&nbsp;<\/p>\n<h2>Categor\u00eda III: Concertados y privados<\/h2>\n<article>\n<div class=\"row\">\n<div class=\"small-12 medium-6 columns botmargmedio\"><a href=\"http:\/\/innovacioneducativa.fundaciontelefonica.com\/blog\/2015\/10\/19\/co-educar-innovar-desde-la-pausa-escuela-sadako\/\" target=\"_blank\"><img data-recalc-dims=\"1\" decoding=\"async\" class=\"alignnone\" src=\"https:\/\/i0.wp.com\/www.fundaciontelefonica.com\/wp-content\/uploads\/2015\/12\/escuela_sadako-ganadores-premio.jpg?w=640\" alt=\"escuela sadako\" \/><\/a><\/div>\n<div class=\"small-12 medium-6 columns botmargmedio\"><a href=\"http:\/\/innovacioneducativa.fundaciontelefonica.com\/blog\/2015\/10\/09\/actitud-innovadora-escuela-virolai\/\" target=\"_blank\"><img data-recalc-dims=\"1\" decoding=\"async\" class=\"alignnone\" src=\"https:\/\/i0.wp.com\/www.fundaciontelefonica.com\/wp-content\/uploads\/2015\/12\/escuela_virolai-ganadores.jpg?w=640\" alt=\"escuela virolai\" \/><\/a><\/div>\n<\/div>\n<\/article>\n<\/td>\n<\/tr>\n<\/tbody>\n<\/table>\n<p>154 centros educativos de toda Espa\u00f1a presentaron sus proyectos al \u2018<a href=\"http:\/\/www.fundaciontelefonica.com\/educacion_innovacion\/premio-escuelas-para-la-sociedad-digital-2015\/\">Premio Escuelas para la Sociedad Digital 2015<\/a>\u2018. Institutos, colegios, centros de FP\u2026 Todos ellos mostraban su apuesta para mejorar los procesos de ense\u00f1anza y aprendizaje.<\/p>\n<p>El 4 de septiembre <strong>se fallaron los 12 finalistas<\/strong>, a los que pudimos conocer m\u00e1s a fondo en los tres <strong>Encuentros de Estudio y Evaluaci\u00f3n<\/strong> celebrados el mes de noviembre en <a href=\"http:\/\/www.fundaciontelefonica.com\/educacion_innovacion\/premio-escuelas-para-la-sociedad-digital-2015\/eee-sevilla\/\">Sevilla<\/a>, <a href=\"http:\/\/www.fundaciontelefonica.com\/educacion_innovacion\/premio-escuelas-para-la-sociedad-digital-2015\/eee-valencia\/\">Valencia<\/a> y <a href=\"http:\/\/www.fundaciontelefonica.com\/educacion_innovacion\/premio-escuelas-para-la-sociedad-digital-2015\/eee-bilbao\/\">Bilbao<\/a>. En estos eventos, la <a href=\"http:\/\/www.fundaciontelefonica.com\/educacion_innovacion\/premio-escuelas-para-la-sociedad-digital-2015\/jurado\/\">Comisi\u00f3n de Evaluaci\u00f3n<\/a> valor\u00f3 cada proyecto y tom\u00f3 una decisi\u00f3n para elegir el Primer y Segundo premio de cada categor\u00eda.<\/p>\n<blockquote class=\"left\"><p>Fomentar una comunidad educativa que integre en sus aulas el mundo digital<\/p><\/blockquote>\n<p>El objetivo de Fundaci\u00f3n Telef\u00f3nica es el de fomentar una comunidad educativa que integre en sus aulas el mundo digital en la mejora de los procesos de ense\u00f1anza y aprendizaje. \u2018El Premio Escuelas para la Sociedad Digital 2015\u2032 supone una apuesta por la transformaci\u00f3n del entorno educativo en Espa\u00f1a, ante el reto de una sociedad cada vez m\u00e1s digitalizada.<\/p>\n<p>En estos encuentros, un espacio de intercambio y conocimiento sobre innovaci\u00f3n educativa, se ha llevado a cabo un an\u00e1lisis cr\u00edtico de la situaci\u00f3n actual de la educaci\u00f3n en Espa\u00f1a, de hacia d\u00f3nde se debe caminar y se ha elaborado un <strong>dec\u00e1logo con las claves de transformaci\u00f3n<\/strong> y de c\u00f3mo gestionar este proceso. Estas son las diez claves de este camino de la digitalizaci\u00f3n a las que han llegado los expertos y profesores.<\/p>\n<\/div>\n<\/div>\n<\/div>\n<\/div>\n<p>&nbsp;<\/p>\n","protected":false},"excerpt":{"rendered":"<p>\u201cNuestro objetivo primordial de centro se asienta en la necesidad de enriquecer el entorno de&#8230;<\/p>\n","protected":false},"author":1,"featured_media":5312,"comment_status":"closed","ping_status":"closed","sticky":false,"template":"","format":"standard","meta":{"_coblocks_attr":"","_coblocks_dimensions":"","_coblocks_responsive_height":"","_coblocks_accordion_ie_support":"","jetpack_post_was_ever_published":false,"_jetpack_newsletter_access":"","_jetpack_dont_email_post_to_subs":false,"_jetpack_newsletter_tier_id":0,"_jetpack_memberships_contains_paywalled_content":false,"_jetpack_memberships_contains_paid_content":false,"footnotes":"","jetpack_publicize_message":"","jetpack_publicize_feature_enabled":true,"jetpack_social_post_already_shared":false,"jetpack_social_options":{"image_generator_settings":{"template":"highway","default_image_id":0,"enabled":false},"version":2}},"categories":[2,187,15],"tags":[468,161,1806,1807,1808,1809,1810,1811,1482,1391,1812,20],"class_list":["post-5287","post","type-post","status-publish","format-standard","has-post-thumbnail","hentry","category-atarfe","category-centros-educativos","category-ultimas-noticias","tag-bachillerato","tag-creatividad","tag-infantil","tag-integracion-de-la-tecnologia","tag-liderazgo-docente","tag-madurez-digital","tag-modelos","tag-premio-escuelas","tag-profesorado","tag-secundaria","tag-tendencias","tag-universidad"],"jetpack_publicize_connections":[],"jetpack_featured_media_url":"https:\/\/i0.wp.com\/miradordeatarfe.es\/wp-content\/uploads\/2015\/12\/escuelas-banner-730x390.jpg?fit=730%2C390&ssl=1","jetpack_likes_enabled":true,"jetpack_sharing_enabled":true,"_links":{"self":[{"href":"https:\/\/miradordeatarfe.es\/index.php?rest_route=\/wp\/v2\/posts\/5287","targetHints":{"allow":["GET"]}}],"collection":[{"href":"https:\/\/miradordeatarfe.es\/index.php?rest_route=\/wp\/v2\/posts"}],"about":[{"href":"https:\/\/miradordeatarfe.es\/index.php?rest_route=\/wp\/v2\/types\/post"}],"author":[{"embeddable":true,"href":"https:\/\/miradordeatarfe.es\/index.php?rest_route=\/wp\/v2\/users\/1"}],"replies":[{"embeddable":true,"href":"https:\/\/miradordeatarfe.es\/index.php?rest_route=%2Fwp%2Fv2%2Fcomments&post=5287"}],"version-history":[{"count":5,"href":"https:\/\/miradordeatarfe.es\/index.php?rest_route=\/wp\/v2\/posts\/5287\/revisions"}],"predecessor-version":[{"id":19112,"href":"https:\/\/miradordeatarfe.es\/index.php?rest_route=\/wp\/v2\/posts\/5287\/revisions\/19112"}],"wp:featuredmedia":[{"embeddable":true,"href":"https:\/\/miradordeatarfe.es\/index.php?rest_route=\/wp\/v2\/media\/5312"}],"wp:attachment":[{"href":"https:\/\/miradordeatarfe.es\/index.php?rest_route=%2Fwp%2Fv2%2Fmedia&parent=5287"}],"wp:term":[{"taxonomy":"category","embeddable":true,"href":"https:\/\/miradordeatarfe.es\/index.php?rest_route=%2Fwp%2Fv2%2Fcategories&post=5287"},{"taxonomy":"post_tag","embeddable":true,"href":"https:\/\/miradordeatarfe.es\/index.php?rest_route=%2Fwp%2Fv2%2Ftags&post=5287"}],"curies":[{"name":"wp","href":"https:\/\/api.w.org\/{rel}","templated":true}]}}