{"id":52887,"date":"2022-03-10T11:16:19","date_gmt":"2022-03-10T10:16:19","guid":{"rendered":"https:\/\/miradordeatarfe.es\/?p=52887"},"modified":"2022-05-26T10:04:48","modified_gmt":"2022-05-26T08:04:48","slug":"apurando-la-temporada-invernal-en-atletismo-y-duatlon-por-manuel-jimenez","status":"publish","type":"post","link":"https:\/\/miradordeatarfe.es\/?p=52887","title":{"rendered":"\u00abAPURANDO LA TEMPORADA INVERNAL EN ATLETISMO Y DUATLON\u00bb por Manuel Jim\u00e9nez"},"content":{"rendered":"<h3 align=\"JUSTIFY\">Con la temporada invernal en atletismo a punto de echar el cierre habi\u00e9ndose celebrado ya los campeonatos nacionales absolutos tanto de cross como de pista cubierta estamos a la espera de los \u00faltimos campeonatos indoor en grupos de edad y los eventos internacionales como el mundial universitario de cross y el esperado Mundial de Belgrado de pista cubierta el finde del 18 al 20 de marzo.<\/h3>\n<p align=\"JUSTIFY\">En duatl\u00f3n la temporada aun est\u00e1 en pleno apogeo pues falta m\u00e1s de un mes para el nacional de la especialidad a celebrar en Avil\u00e9s. La localidad sevillana de Herrera ha acogido la segunda etapa del Circuito Andaluz con la celebraci\u00f3n de su XVIII edici\u00f3n de su duatl\u00f3n en la que Paula Jim\u00e9nez L\u00f3pez (8\u00aa y 2\u00aa sub 23) y Ana Bel\u00e9n Rodr\u00edguez S\u00e1nchez (9\u00aa y 3\u00aa senior) obtienen doble premio, de un lado a\u00fapan a su club, el Triclub Baby School, a la tercera plaza por conjuntos tras las sevillanas ADS y las cordobesas del Montilla; de otro, suben al p\u00f3dium en sus respectivas categor\u00edas y acumulan un buen pu\u00f1ado de puntos para la clasificaci\u00f3n del circuito.<\/p>\n<p align=\"JUSTIFY\">Entre tanto la pista cubierta est\u00e1 dando sus \u00faltimos coletazos y el control federativo de Antequera ha permitido al Ciudad Atarfe presentar once actuaciones entre las que destacan tanto Antonio Pe\u00f1a (7.23) como Celia Mart\u00edn (8.21) que alcanzan las finales de 60 m, destacar tambi\u00e9n el interesante crono de Jorge Luis Torres en 400 (54.64).<\/p>\n<p align=\"JUSTIFY\">Los atletas m\u00e1s j\u00f3venes del citado club (Ciudad Atarfe) bajan a Motril para tomar parte en un control federativo, en este caso, al aire libre, que demuestra con muchas MMP la buena evoluci\u00f3n de los m\u00e1s j\u00f3venes.<\/p>\n<p align=\"JUSTIFY\">Por su parte, la ruta sigue avanzando con una nueva etapa del Gran Premio de Fondo que se traslada hasta Iznalloz con 22 corredores\/as representando a clubes de Atarfe (Triatarfe 4, Ciudad Atarfe 14 y Atletismo y Monta\u00f1a 4) con mejores prestaciones para Alberto Alc\u00e1ntara del Monta\u00f1a 21\u00ba absoluto con 37.03 y Mar\u00eda del Mar D\u00edaz Palomino del Ciudad Atarfe 99\u00aa con 57.58.<\/p>\n<p align=\"JUSTIFY\">El buscando a Willy de la semana nos lleva hasta Lucena donde otro Lucena, Carlos, del Ciudad Atarfe se clasifica 4\u00ba de su categor\u00eda en la media marat\u00f3n de la localidad de la subb\u00e9tica.<\/p>\n<p align=\"JUSTIFY\"><a href=\"https:\/\/i0.wp.com\/miradordeatarfe.es\/wp-content\/uploads\/2022\/03\/Podium-fem-Herrera-22.jpg?ssl=1\"><img data-recalc-dims=\"1\" loading=\"lazy\" decoding=\"async\" class=\"wp-image-52892 size-large alignleft\" src=\"https:\/\/i0.wp.com\/miradordeatarfe.es\/wp-content\/uploads\/2022\/03\/Podium-fem-Herrera-22.jpg?resize=618%2C600&#038;ssl=1\" alt=\"\" width=\"618\" height=\"600\" srcset=\"https:\/\/i0.wp.com\/miradordeatarfe.es\/wp-content\/uploads\/2022\/03\/Podium-fem-Herrera-22.jpg?resize=1024%2C994&amp;ssl=1 1024w, https:\/\/i0.wp.com\/miradordeatarfe.es\/wp-content\/uploads\/2022\/03\/Podium-fem-Herrera-22.jpg?resize=300%2C291&amp;ssl=1 300w, https:\/\/i0.wp.com\/miradordeatarfe.es\/wp-content\/uploads\/2022\/03\/Podium-fem-Herrera-22.jpg?resize=768%2C745&amp;ssl=1 768w, https:\/\/i0.wp.com\/miradordeatarfe.es\/wp-content\/uploads\/2022\/03\/Podium-fem-Herrera-22.jpg?w=1125&amp;ssl=1 1125w\" sizes=\"auto, (max-width: 618px) 100vw, 618px\" \/><\/a><\/p>\n<p align=\"JUSTIFY\">\u00a0 <a href=\"https:\/\/i0.wp.com\/miradordeatarfe.es\/wp-content\/uploads\/2022\/03\/jorge-luis-torres-Antequera-400.jpg?ssl=1\"><img data-recalc-dims=\"1\" loading=\"lazy\" decoding=\"async\" class=\"alignnone wp-image-52890 size-large\" src=\"https:\/\/i0.wp.com\/miradordeatarfe.es\/wp-content\/uploads\/2022\/03\/jorge-luis-torres-Antequera-400.jpg?resize=618%2C540&#038;ssl=1\" alt=\"\" width=\"618\" height=\"540\" srcset=\"https:\/\/i0.wp.com\/miradordeatarfe.es\/wp-content\/uploads\/2022\/03\/jorge-luis-torres-Antequera-400.jpg?resize=1024%2C894&amp;ssl=1 1024w, https:\/\/i0.wp.com\/miradordeatarfe.es\/wp-content\/uploads\/2022\/03\/jorge-luis-torres-Antequera-400.jpg?resize=300%2C262&amp;ssl=1 300w, https:\/\/i0.wp.com\/miradordeatarfe.es\/wp-content\/uploads\/2022\/03\/jorge-luis-torres-Antequera-400.jpg?resize=768%2C670&amp;ssl=1 768w, https:\/\/i0.wp.com\/miradordeatarfe.es\/wp-content\/uploads\/2022\/03\/jorge-luis-torres-Antequera-400.jpg?w=1125&amp;ssl=1 1125w\" sizes=\"auto, (max-width: 618px) 100vw, 618px\" \/><\/a> <a href=\"https:\/\/i0.wp.com\/miradordeatarfe.es\/wp-content\/uploads\/2022\/03\/Paula-bici-Herrera-22.jpg?ssl=1\"><img data-recalc-dims=\"1\" loading=\"lazy\" decoding=\"async\" class=\"alignnone wp-image-52891 size-large\" src=\"https:\/\/i0.wp.com\/miradordeatarfe.es\/wp-content\/uploads\/2022\/03\/Paula-bici-Herrera-22.jpg?resize=618%2C802&#038;ssl=1\" alt=\"\" width=\"618\" height=\"802\" srcset=\"https:\/\/i0.wp.com\/miradordeatarfe.es\/wp-content\/uploads\/2022\/03\/Paula-bici-Herrera-22.jpg?resize=789%2C1024&amp;ssl=1 789w, https:\/\/i0.wp.com\/miradordeatarfe.es\/wp-content\/uploads\/2022\/03\/Paula-bici-Herrera-22.jpg?resize=231%2C300&amp;ssl=1 231w, https:\/\/i0.wp.com\/miradordeatarfe.es\/wp-content\/uploads\/2022\/03\/Paula-bici-Herrera-22.jpg?resize=768%2C997&amp;ssl=1 768w, https:\/\/i0.wp.com\/miradordeatarfe.es\/wp-content\/uploads\/2022\/03\/Paula-bici-Herrera-22.jpg?w=1125&amp;ssl=1 1125w\" sizes=\"auto, (max-width: 618px) 100vw, 618px\" \/><\/a>\u00a0<\/p>\n<p align=\"JUSTIFY\">\u00a0<\/p>\n","protected":false},"excerpt":{"rendered":"<p>Con la temporada invernal en atletismo a punto de echar el cierre habi\u00e9ndose celebrado ya&#8230;<\/p>\n","protected":false},"author":1,"featured_media":52893,"comment_status":"closed","ping_status":"closed","sticky":false,"template":"","format":"standard","meta":{"_coblocks_attr":"","_coblocks_dimensions":"","_coblocks_responsive_height":"","_coblocks_accordion_ie_support":"","jetpack_post_was_ever_published":false,"_jetpack_newsletter_access":"","_jetpack_dont_email_post_to_subs":false,"_jetpack_newsletter_tier_id":0,"_jetpack_memberships_contains_paywalled_content":false,"_jetpack_memberships_contains_paid_content":false,"footnotes":"","jetpack_publicize_message":"","jetpack_publicize_feature_enabled":true,"jetpack_social_post_already_shared":true,"jetpack_social_options":{"image_generator_settings":{"template":"highway","default_image_id":0,"enabled":false},"version":2}},"categories":[2,1161,182,186,6915,44,15],"tags":[81,85,322],"class_list":["post-52887","post","type-post","status-publish","format-standard","has-post-thumbnail","hentry","category-atarfe","category-ciudadania","category-deportes","category-instituciones","category-opinion-de-manuel-jimenez","category-noticias-de-hoy","category-ultimas-noticias","tag-atarfe","tag-atletismo","tag-deporte"],"jetpack_publicize_connections":[],"jetpack_featured_media_url":"https:\/\/i0.wp.com\/miradordeatarfe.es\/wp-content\/uploads\/2022\/03\/velolista-motril-marzo-22c.jpg?fit=1125%2C1057&ssl=1","jetpack_likes_enabled":true,"jetpack_sharing_enabled":true,"_links":{"self":[{"href":"https:\/\/miradordeatarfe.es\/index.php?rest_route=\/wp\/v2\/posts\/52887","targetHints":{"allow":["GET"]}}],"collection":[{"href":"https:\/\/miradordeatarfe.es\/index.php?rest_route=\/wp\/v2\/posts"}],"about":[{"href":"https:\/\/miradordeatarfe.es\/index.php?rest_route=\/wp\/v2\/types\/post"}],"author":[{"embeddable":true,"href":"https:\/\/miradordeatarfe.es\/index.php?rest_route=\/wp\/v2\/users\/1"}],"replies":[{"embeddable":true,"href":"https:\/\/miradordeatarfe.es\/index.php?rest_route=%2Fwp%2Fv2%2Fcomments&post=52887"}],"version-history":[{"count":3,"href":"https:\/\/miradordeatarfe.es\/index.php?rest_route=\/wp\/v2\/posts\/52887\/revisions"}],"predecessor-version":[{"id":52896,"href":"https:\/\/miradordeatarfe.es\/index.php?rest_route=\/wp\/v2\/posts\/52887\/revisions\/52896"}],"wp:featuredmedia":[{"embeddable":true,"href":"https:\/\/miradordeatarfe.es\/index.php?rest_route=\/wp\/v2\/media\/52893"}],"wp:attachment":[{"href":"https:\/\/miradordeatarfe.es\/index.php?rest_route=%2Fwp%2Fv2%2Fmedia&parent=52887"}],"wp:term":[{"taxonomy":"category","embeddable":true,"href":"https:\/\/miradordeatarfe.es\/index.php?rest_route=%2Fwp%2Fv2%2Fcategories&post=52887"},{"taxonomy":"post_tag","embeddable":true,"href":"https:\/\/miradordeatarfe.es\/index.php?rest_route=%2Fwp%2Fv2%2Ftags&post=52887"}],"curies":[{"name":"wp","href":"https:\/\/api.w.org\/{rel}","templated":true}]}}