{"id":52897,"date":"2022-03-10T10:35:57","date_gmt":"2022-03-10T09:35:57","guid":{"rendered":"https:\/\/miradordeatarfe.es\/?p=52897"},"modified":"2022-03-11T16:08:17","modified_gmt":"2022-03-11T15:08:17","slug":"aviso-de-la-ocu-por-la-compra-compulsiva-de-aceite-de-girasol-y-cuando-llegaria-la-escasez","status":"publish","type":"post","link":"https:\/\/miradordeatarfe.es\/?p=52897","title":{"rendered":"Aviso de la OCU por la compra compulsiva de aceite de girasol y cu\u00e1ndo llegar\u00eda la \u00abescasez\u00bb"},"content":{"rendered":"<div class=\"voc-article-container\">\n<article class=\"voc-article voc-article--detail voc-article--detail--base voc-article--photo-bottom\">\n<div class=\"voc-info-container\">\n<h3 class=\"voc-sub-title\" style=\"text-align: justify;\">La organizaci\u00f3n lamenta la restricci\u00f3n de las ventas de este producto que est\u00e1n practicando algunas cadenas de supermercados<\/h3>\n<\/div>\n<\/article>\n<\/div>\n<div class=\"voc-detail\" data-voc-share-selection=\"\">\n<p class=\"voc-paragraph\" style=\"text-align: justify;\">Advertencia de importancia de <a href=\"https:\/\/www.ideal.es\/temas\/entidades\/ocu-organizacion-de-consumidores-y-usuarios.html\" data-voc-vtm-id=\"in-text-traffic\">la OCU<\/a> con respecto al aceite de girasol. La Organizaci\u00f3n de Consumidores y Usuarios (OCU) ha advertido este lunes contra la compra compulsiva de aceite de girasol <a title=\"www.ideal.es\" href=\"https:\/\/www.ideal.es\/granada\/vladimir-inicia-ruta-granada-ucrania-20220308095927-nt.html\" data-voc-vtm-id=\"in-text-traffic\">procedente de Ucrania<\/a> y ha aclarado que la posible falta del mismo no se concretar\u00e1 hasta la cosecha de este verano. Este aviso llega despu\u00e9s de que la OCU haya ampliado la alerta alimentaria por <a href=\"https:\/\/www.ideal.es\/sociedad\/amplia-alerta-alimentaria-listeria-quesos-20220307155730-nt.html\" data-voc-vtm-id=\"in-text-traffic\">la presencia de listeria<\/a> en algunos quesos vendidos en Andaluc\u00eda.<\/p>\n<p class=\"voc-paragraph\" style=\"text-align: justify;\">Ante la alarma generada por la posible falta de aceite de girasol procedente de Ucrania, la OCU ha transmitido en un comunicado, recogido por Europa Press, que <strong>\u00abhoy por hoy\u00bb no deber\u00eda existir d\u00e9ficit de este producto en los supermercados, ya que el que se est\u00e1 vendiendo ahora en los supermercados es de la cosecha del a\u00f1o pasado, antes de la guerra.<\/strong><\/p>\n<p class=\"voc-paragraph\" style=\"text-align: justify;\">Adem\u00e1s, la organizaci\u00f3n ha recalcado que para entonces podr\u00eda impulsarse la producci\u00f3n nacional o la comercializaci\u00f3n de otros aceites vegetales asequibles como el de soja, el de colza o el de orujo de oliva.<\/p>\n<p class=\"voc-paragraph\" style=\"text-align: justify;\">Al hilo, OCU ha lamentado la restricci\u00f3n de las ventas de este producto que est\u00e1n practicando algunas cadenas de supermercados ya que \u00abgenera una creciente alarma entre los consumidores y favorece la subida de su precio\u00bb.<\/p>\n<p class=\"voc-paragraph\" style=\"text-align: justify;\">Asimismo, ha recordado que el aceite de girasol, incluso conservado en condiciones ideales tiene una fecha de consumo preferente de alrededor de un a\u00f1o desde su envasado, por lo que, pasada dicha fecha, pierde calidad y \u00abempieza a enraciarse\u00bb.<\/p>\n<p style=\"text-align: justify;\"><strong><a class=\"voc-author\" title=\"IDEAL | EUROPA PRESS\">IDEAL | EUROPA PRESS\u00a0<\/a><\/strong><\/p>\n<p>https:\/\/www.ideal.es\/sociedad\/aviso-compra-compulsiva-aceite-girasol-ocu-20220308111116-nt.html#vca=modulos&#038;vso=ideal&#038;vmc=noticias-rel-1-cmp&#038;vli=sociedad<\/p>\n<\/div>\n","protected":false},"excerpt":{"rendered":"<p>La organizaci\u00f3n lamenta la restricci\u00f3n de las ventas de este producto que est\u00e1n practicando algunas&#8230;<\/p>\n","protected":false},"author":1,"featured_media":52898,"comment_status":"closed","ping_status":"closed","sticky":false,"template":"","format":"standard","meta":{"_coblocks_attr":"","_coblocks_dimensions":"","_coblocks_responsive_height":"","_coblocks_accordion_ie_support":"","jetpack_post_was_ever_published":false,"_jetpack_newsletter_access":"","_jetpack_dont_email_post_to_subs":false,"_jetpack_newsletter_tier_id":0,"_jetpack_memberships_contains_paywalled_content":false,"_jetpack_memberships_contains_paid_content":false,"footnotes":"","jetpack_publicize_message":"","jetpack_publicize_feature_enabled":true,"jetpack_social_post_already_shared":true,"jetpack_social_options":{"image_generator_settings":{"template":"highway","default_image_id":0,"enabled":false},"version":2}},"categories":[1161,44,7671,6937,15],"tags":[2129,1153,7232],"class_list":["post-52897","post","type-post","status-publish","format-standard","has-post-thumbnail","hentry","category-ciudadania","category-noticias-de-hoy","category-politica","category-sociedad","category-ultimas-noticias","tag-aceite-de-oliva","tag-ocu","tag-reservas"],"jetpack_publicize_connections":[],"jetpack_featured_media_url":"https:\/\/i0.wp.com\/miradordeatarfe.es\/wp-content\/uploads\/2022\/03\/aceite-girasol-kdGI-U1601238378741XDE-624x385%40Ideal.jpg?fit=624%2C385&ssl=1","jetpack_likes_enabled":true,"jetpack_sharing_enabled":true,"_links":{"self":[{"href":"https:\/\/miradordeatarfe.es\/index.php?rest_route=\/wp\/v2\/posts\/52897","targetHints":{"allow":["GET"]}}],"collection":[{"href":"https:\/\/miradordeatarfe.es\/index.php?rest_route=\/wp\/v2\/posts"}],"about":[{"href":"https:\/\/miradordeatarfe.es\/index.php?rest_route=\/wp\/v2\/types\/post"}],"author":[{"embeddable":true,"href":"https:\/\/miradordeatarfe.es\/index.php?rest_route=\/wp\/v2\/users\/1"}],"replies":[{"embeddable":true,"href":"https:\/\/miradordeatarfe.es\/index.php?rest_route=%2Fwp%2Fv2%2Fcomments&post=52897"}],"version-history":[{"count":1,"href":"https:\/\/miradordeatarfe.es\/index.php?rest_route=\/wp\/v2\/posts\/52897\/revisions"}],"predecessor-version":[{"id":52899,"href":"https:\/\/miradordeatarfe.es\/index.php?rest_route=\/wp\/v2\/posts\/52897\/revisions\/52899"}],"wp:featuredmedia":[{"embeddable":true,"href":"https:\/\/miradordeatarfe.es\/index.php?rest_route=\/wp\/v2\/media\/52898"}],"wp:attachment":[{"href":"https:\/\/miradordeatarfe.es\/index.php?rest_route=%2Fwp%2Fv2%2Fmedia&parent=52897"}],"wp:term":[{"taxonomy":"category","embeddable":true,"href":"https:\/\/miradordeatarfe.es\/index.php?rest_route=%2Fwp%2Fv2%2Fcategories&post=52897"},{"taxonomy":"post_tag","embeddable":true,"href":"https:\/\/miradordeatarfe.es\/index.php?rest_route=%2Fwp%2Fv2%2Ftags&post=52897"}],"curies":[{"name":"wp","href":"https:\/\/api.w.org\/{rel}","templated":true}]}}