{"id":52900,"date":"2022-03-10T11:46:57","date_gmt":"2022-03-10T10:46:57","guid":{"rendered":"https:\/\/miradordeatarfe.es\/?p=52900"},"modified":"2022-03-09T13:50:59","modified_gmt":"2022-03-09T12:50:59","slug":"mariola-cantarero-representa-norma-de-bellini-en-una-actuacion-a-beneficio-de-la-asociacion-cris-contra-el-cancer","status":"publish","type":"post","link":"https:\/\/miradordeatarfe.es\/?p=52900","title":{"rendered":"ATARFE: Mariola Cantarero representa &#8216;Norma&#8217; de Bellini en una actuaci\u00f3n a beneficio de la asociaci\u00f3n Cris Contra el C\u00e1ncer"},"content":{"rendered":"<h3>En la ma\u00f1ana de este mi\u00e9rcoles se ha presentado en el Centro Cultural Medina Elvira de Atarfe la \u00d3pera NORMA de Bellini, que se representar\u00e1 el pr\u00f3ximo s\u00e1bado, d\u00eda 12 de Marzo a las 19:00 horas, en el Centro Cultural Medina Elvira, y cuya recaudaci\u00f3n ir\u00e1 \u00edntegra para la Asociaci\u00f3n Cris Contra el C\u00e1ncer.<\/h3>\n<p>Se trata del debut en el papel principal de la soprano granadina Mariola Cantarero que estar\u00e1 acompa\u00f1ada en el escenario por figuras de primer nivel, como Eric Halfvarson, Mois\u00e9s Mar\u00edn, Andrea Ni\u00f1o, Beatriz G\u00e1lvez, y Luis Arance, junto al Coro de \u00d3pera de Juventudes Musicales de Granada. Se trata de una \u00d3pera Concierto en versi\u00f3n para dos pianos, coro y solistas, dirigida por el maestro Carlos Arag\u00f3n, quien quiso destacar en la presentaci\u00f3n \u201cla grata sorpresa que me ha producido la fant\u00e1stica ac\u00fastica del Centro Cultural Medina Elvira, que est\u00e1 al nivel de los mejores auditorios del mundo\u201d.<\/p>\n<p>Mois\u00e9s Mar\u00edn, -tenor granadino y responsable de esta iniciativa que la asociaci\u00f3n sin \u00e1nimo de lucro Alma L\u00edrica ha puesto en marcha con el objetivo de aunar un evento cultural de primer orden, con la concienciaci\u00f3n y recaudaci\u00f3n de fondos para la asociaci\u00f3n Cris Contra el C\u00e1ncer, volcada en la investigaci\u00f3n para luchar contra esta temible enfermedad- quiso agradecer en primer lugar a todos los artistas que participan en este evento musical de primer orden, ya que han renunciado al 100% de su cach\u00e9 para conseguir sacar adelante una producci\u00f3n poco habitual fuera de los circuitos establecidos. Tambi\u00e9n quiso mencionar a los patrocinadores y colaboradores sin los que no habr\u00eda sido posible poder poner en marcha esta especial\u00edsima versi\u00f3n de Norma.<\/p>\n<p>Mariola Cantarero por su parte, quiso reivindicar en un d\u00eda tan especial como el 8 de Marzo, el papel de Norma, que pone en escena todo el abanico de las emociones femeninas. De la misma manera, quiso llamar la atenci\u00f3n sobre la pieza Casta Diva \u201cun aut\u00e9ntico canto a la paz, que cobra especial importancia en estos d\u00edas tan complicados que estamos viviendo\u201d. La soprano granadina quiso hacer tambi\u00e9n un llamamiento a la ciudadan\u00eda para que colabore con su presencia el s\u00e1bado en el Centro Cultural Medina Elvira o aportando su granito de arena, a trav\u00e9s de la fila cero habilitada en la p\u00e1gina de venta de entradas.<\/p>\n<p>Finalmente el alcalde de Atarfe, Pedro Mart\u00ednez Parra, destac\u00f3 la predisposici\u00f3n de su corporaci\u00f3n para colaborar en este tipo de proyectos, as\u00ed como la satisfacci\u00f3n que le supone poder ser anfitriones para un espect\u00e1culo de la calidad de esta versi\u00f3n de la \u00d3pera Norma, que podr\u00eda disfrutarse en cualquiera de los festivales de las principales ciudades europeas.<\/p>\n<p><strong>AYUNTAMIENTO DE ATARFE<\/strong><\/p>\n","protected":false},"excerpt":{"rendered":"<p>En la ma\u00f1ana de este mi\u00e9rcoles se ha presentado en el Centro Cultural Medina Elvira&#8230;<\/p>\n","protected":false},"author":1,"featured_media":52901,"comment_status":"closed","ping_status":"closed","sticky":false,"template":"","format":"standard","meta":{"_coblocks_attr":"","_coblocks_dimensions":"","_coblocks_responsive_height":"","_coblocks_accordion_ie_support":"","jetpack_post_was_ever_published":false,"_jetpack_newsletter_access":"","_jetpack_dont_email_post_to_subs":false,"_jetpack_newsletter_tier_id":0,"_jetpack_memberships_contains_paywalled_content":false,"_jetpack_memberships_contains_paid_content":false,"footnotes":"","jetpack_publicize_message":"","jetpack_publicize_feature_enabled":true,"jetpack_social_post_already_shared":true,"jetpack_social_options":{"image_generator_settings":{"template":"highway","default_image_id":0,"enabled":false},"version":2}},"categories":[2,12,6916,1161,44,15],"tags":[6393,9020,2744],"class_list":["post-52900","post","type-post","status-publish","format-standard","has-post-thumbnail","hentry","category-atarfe","category-cultura","category-ayuntamiento-de-atarfe","category-ciudadania","category-noticias-de-hoy","category-ultimas-noticias","tag-centro-cultural-medina-elvira","tag-mariola","tag-opera"],"jetpack_publicize_connections":[],"jetpack_featured_media_url":"https:\/\/i0.wp.com\/miradordeatarfe.es\/wp-content\/uploads\/2022\/03\/MARIOLA.jpg?fit=600%2C400&ssl=1","jetpack_likes_enabled":true,"jetpack_sharing_enabled":true,"_links":{"self":[{"href":"https:\/\/miradordeatarfe.es\/index.php?rest_route=\/wp\/v2\/posts\/52900","targetHints":{"allow":["GET"]}}],"collection":[{"href":"https:\/\/miradordeatarfe.es\/index.php?rest_route=\/wp\/v2\/posts"}],"about":[{"href":"https:\/\/miradordeatarfe.es\/index.php?rest_route=\/wp\/v2\/types\/post"}],"author":[{"embeddable":true,"href":"https:\/\/miradordeatarfe.es\/index.php?rest_route=\/wp\/v2\/users\/1"}],"replies":[{"embeddable":true,"href":"https:\/\/miradordeatarfe.es\/index.php?rest_route=%2Fwp%2Fv2%2Fcomments&post=52900"}],"version-history":[{"count":2,"href":"https:\/\/miradordeatarfe.es\/index.php?rest_route=\/wp\/v2\/posts\/52900\/revisions"}],"predecessor-version":[{"id":52903,"href":"https:\/\/miradordeatarfe.es\/index.php?rest_route=\/wp\/v2\/posts\/52900\/revisions\/52903"}],"wp:featuredmedia":[{"embeddable":true,"href":"https:\/\/miradordeatarfe.es\/index.php?rest_route=\/wp\/v2\/media\/52901"}],"wp:attachment":[{"href":"https:\/\/miradordeatarfe.es\/index.php?rest_route=%2Fwp%2Fv2%2Fmedia&parent=52900"}],"wp:term":[{"taxonomy":"category","embeddable":true,"href":"https:\/\/miradordeatarfe.es\/index.php?rest_route=%2Fwp%2Fv2%2Fcategories&post=52900"},{"taxonomy":"post_tag","embeddable":true,"href":"https:\/\/miradordeatarfe.es\/index.php?rest_route=%2Fwp%2Fv2%2Ftags&post=52900"}],"curies":[{"name":"wp","href":"https:\/\/api.w.org\/{rel}","templated":true}]}}