{"id":52904,"date":"2022-03-11T10:52:12","date_gmt":"2022-03-11T09:52:12","guid":{"rendered":"https:\/\/miradordeatarfe.es\/?p=52904"},"modified":"2022-03-09T13:54:58","modified_gmt":"2022-03-09T12:54:58","slug":"el-coliseo-de-atarfe-inaugura-el-proximo-sabado-el-campeonato-de-andalucia-de-freestyle","status":"publish","type":"post","link":"https:\/\/miradordeatarfe.es\/?p=52904","title":{"rendered":"El Coliseo de Atarfe inaugura el pr\u00f3ximo s\u00e1bado el Campeonato de Andaluc\u00eda de Freestyle"},"content":{"rendered":"<h3 style=\"text-align: justify;\">El Coliseo de Atarfe acoge el pr\u00f3ximo s\u00e1bado, 12 de marzo, la exhibici\u00f3n de freestyle \u2018Crazy of the jumps\u2019.<\/h3>\n<p style=\"text-align: justify;\">Prueba computable para el Campeonato de Andaluc\u00eda de la Federaci\u00f3n Andaluza de Motociclismo, que va a contar con los mejores riders nacionales e internacionales: Maikel Melero (cinco veces campe\u00f3n del mundo), Pedro Moreno (cuatro veces campe\u00f3n de Espa\u00f1a), Abraham Parra, Xavi Idols y Pedro Torres. Contar\u00e1n tambi\u00e9n con cuatro riders de bicicleta de gran nivel nacional e internacional.<\/p>\n<p>Atarfe marca el inicio de la Copa de Andaluc\u00eda de Freestyle, que se compondr\u00e1 de cuatro pruebas. La localidad acoge el evento por primera vez, pero con la intenci\u00f3n de darle continuidad en los pr\u00f3ximos a\u00f1os, como ha explicado el alcalde, Pedro Mart\u00ednez Parra, en la presentaci\u00f3n de esta ma\u00f1ana, ante el Coliseo. <\/p>\n<p>\u201cAgradezco a la organizaci\u00f3n que cuente con Atarfe, con estas magn\u00edficas instalaciones que ponemos a su disposici\u00f3n. Espero que en pr\u00f3ximos a\u00f1os podamos ir renovando esta apuesta\u201d, ha comentado el alcalde, que ha presentado el evento junto a los organizadores Dani Torres y Miguel Espada, de \u2018Crazy of the jumps\u2019.<\/p>\n<p>Ser\u00e1n dos horas de freestyle de motos y bicis, desde las ocho de la tarde, adem\u00e1s de una exhibici\u00f3n de moto de trial y bici de trial. \u201cEs un evento para todo tipo de p\u00fablicos, que es tambi\u00e9n espectacular en iluminaci\u00f3n y sonido. Esperamos que salga bien la prueba, y volver otro a\u00f1o m\u00e1s\u201d, ha comentado Dani Torres, organizador. <\/p>\n<p>Las entradas (anticipada 15 euros, taquilla 20 euros) est\u00e1n a la venta en el Centro Cultural Medina Elvira de Atarfe, y en otros puntos de Granada, Albolote, Hu\u00e9tor Vega, Montefr\u00edo y Loja. Tambi\u00e9n se pueden comprar online, en la web <a href=\"http:\/\/www.dtsportshop.com\">www.dtsportshop.com<\/a><\/p>\n<p style=\"text-align: justify;\"><strong>AYUNTAMIENTO DE ATARFE<\/strong><\/p>\n","protected":false},"excerpt":{"rendered":"<p>El Coliseo de Atarfe acoge el pr\u00f3ximo s\u00e1bado, 12 de marzo, la exhibici\u00f3n de freestyle&#8230;<\/p>\n","protected":false},"author":1,"featured_media":52905,"comment_status":"closed","ping_status":"closed","sticky":false,"template":"","format":"standard","meta":{"_coblocks_attr":"","_coblocks_dimensions":"","_coblocks_responsive_height":"","_coblocks_accordion_ie_support":"","jetpack_post_was_ever_published":false,"_jetpack_newsletter_access":"","_jetpack_dont_email_post_to_subs":false,"_jetpack_newsletter_tier_id":0,"_jetpack_memberships_contains_paywalled_content":false,"_jetpack_memberships_contains_paid_content":false,"footnotes":"","jetpack_publicize_message":"","jetpack_publicize_feature_enabled":true,"jetpack_social_post_already_shared":true,"jetpack_social_options":{"image_generator_settings":{"template":"highway","default_image_id":0,"enabled":false},"version":2}},"categories":[2,6916,1161,44,15],"tags":[81,9021,9022],"class_list":["post-52904","post","type-post","status-publish","format-standard","has-post-thumbnail","hentry","category-atarfe","category-ayuntamiento-de-atarfe","category-ciudadania","category-noticias-de-hoy","category-ultimas-noticias","tag-atarfe","tag-freestyle","tag-motociclismo"],"jetpack_publicize_connections":[],"jetpack_featured_media_url":"https:\/\/i0.wp.com\/miradordeatarfe.es\/wp-content\/uploads\/2022\/03\/presentacion-campeonato-de-freestyle-web.jpg?fit=600%2C400&ssl=1","jetpack_likes_enabled":true,"jetpack_sharing_enabled":true,"_links":{"self":[{"href":"https:\/\/miradordeatarfe.es\/index.php?rest_route=\/wp\/v2\/posts\/52904","targetHints":{"allow":["GET"]}}],"collection":[{"href":"https:\/\/miradordeatarfe.es\/index.php?rest_route=\/wp\/v2\/posts"}],"about":[{"href":"https:\/\/miradordeatarfe.es\/index.php?rest_route=\/wp\/v2\/types\/post"}],"author":[{"embeddable":true,"href":"https:\/\/miradordeatarfe.es\/index.php?rest_route=\/wp\/v2\/users\/1"}],"replies":[{"embeddable":true,"href":"https:\/\/miradordeatarfe.es\/index.php?rest_route=%2Fwp%2Fv2%2Fcomments&post=52904"}],"version-history":[{"count":1,"href":"https:\/\/miradordeatarfe.es\/index.php?rest_route=\/wp\/v2\/posts\/52904\/revisions"}],"predecessor-version":[{"id":52906,"href":"https:\/\/miradordeatarfe.es\/index.php?rest_route=\/wp\/v2\/posts\/52904\/revisions\/52906"}],"wp:featuredmedia":[{"embeddable":true,"href":"https:\/\/miradordeatarfe.es\/index.php?rest_route=\/wp\/v2\/media\/52905"}],"wp:attachment":[{"href":"https:\/\/miradordeatarfe.es\/index.php?rest_route=%2Fwp%2Fv2%2Fmedia&parent=52904"}],"wp:term":[{"taxonomy":"category","embeddable":true,"href":"https:\/\/miradordeatarfe.es\/index.php?rest_route=%2Fwp%2Fv2%2Fcategories&post=52904"},{"taxonomy":"post_tag","embeddable":true,"href":"https:\/\/miradordeatarfe.es\/index.php?rest_route=%2Fwp%2Fv2%2Ftags&post=52904"}],"curies":[{"name":"wp","href":"https:\/\/api.w.org\/{rel}","templated":true}]}}