{"id":52915,"date":"2022-03-13T09:59:09","date_gmt":"2022-03-13T08:59:09","guid":{"rendered":"https:\/\/miradordeatarfe.es\/?p=52915"},"modified":"2022-03-09T17:07:09","modified_gmt":"2022-03-09T16:07:09","slug":"calderilla-historica-por-juanjo-millas","status":"publish","type":"post","link":"https:\/\/miradordeatarfe.es\/?p=52915","title":{"rendered":"\u00abCALDERILLA HISTORICA\u00bb por Juanjo Millas"},"content":{"rendered":"<h3 dir=\"auto\" style=\"text-align: justify;\">Para la contabilidad de la guerra, como para la de cualquier negocio, hay un Libro Mayor y un Libro Menor.<\/h3>\n<div dir=\"auto\" style=\"text-align: justify;\">\u00a0<\/div>\n<div dir=\"auto\" style=\"text-align: justify;\">En realidad, hay libros mayores y menores para todo, tambi\u00e9n para la Historia. El Libro Mayor de la Historia incluir\u00eda las transcripciones de las sesiones del Congreso, mientras que el menor bucear\u00eda en las actas de las reuniones de las comunidades de vecinos. Personalmente, soy m\u00e1s dado al estudio de los libros menores.<\/div>\n<div dir=\"auto\" style=\"text-align: justify;\">\u00a0<\/div>\n<div dir=\"auto\" style=\"text-align: justify;\">El Libro Menor de esta guerra, por ejemplo, incluir\u00eda el n\u00famero de brazos y piernas amputados en cada bombardeo, as\u00ed como el de ni\u00f1as y ni\u00f1os cegados por la metralla, es decir, el n\u00famero de ojos j\u00f3venes tirados a la basura en tal o cual ciudad para la consecuci\u00f3n de los objetivos geoestrat\u00e9gicos dise\u00f1ados por las autoridades militares. Se registrar\u00edan en \u00e9l la cantidad de v\u00edsceras humanas halladas fuera de los cuerpos, al reventar estos debido a las ondas expansivas de los obuses. Convendr\u00eda precisar qu\u00e9 alimentos conten\u00edan esas v\u00edsceras y hasta qu\u00e9 punto estaban digeridos a fin de averiguar el tiempo que llevaban sus due\u00f1os sin comer o aliment\u00e1ndose de mierda.<\/div>\n<div dir=\"auto\" style=\"text-align: justify;\">\u00a0<\/div>\n<div dir=\"auto\" style=\"text-align: justify;\">En el Libro Menor de la guerra en curso deber\u00edan registrarse los litros de l\u00e1grimas derramadas por la poblaci\u00f3n civil estableciendo, a ser posible, la diferencia entre las provocadas por la muerte de los hijos enviados al frente y las suscitadas por la muerte de los padres o hermanos peque\u00f1os asfixiados bajo los escombros de su propia vivienda. El hambre y el fr\u00edo son dif\u00edciles de cuantificar. No obstante, un Libro Menor que se precie deber\u00eda dar cuenta del grado medio de raquitismo alcanzado por los habitantes del pa\u00eds invadido y del peso, expresado en kilos, de la masa muscular desaparecida de sus cuerpos. Los dedos inflamados, amoratados, y con frecuencia agrietados, indicar\u00edan la cuant\u00eda del n\u00famero de saba\u00f1ones padecidos por las bajas temperaturas y la falta de le\u00f1a o de carb\u00f3n.<\/div>\n<div dir=\"auto\" style=\"text-align: justify;\">\u00a0<\/div>\n<div dir=\"auto\" style=\"text-align: justify;\">El Libro Menor, en fin, se ocupa de la calderilla de los grandes sucesos hist\u00f3ricos, es decir, del valor estimado de los dientes perdidos por el escorbuto y de los pies de los beb\u00e9s devorados por las ratas (que en los conflictos b\u00e9licos abandonan las alcantarillas en busca de carne fresca y sonrosada), y de las orejas humanas cortadas por los vencedores y exhibidas como trofeos en sus guerreras. A no olvidar, por supuesto, las mujeres y ni\u00f1as violadas, ya que sus cuerpos, en las guerras, suelen formar parte del campo de batalla.<\/div>\n<div dir=\"auto\" style=\"text-align: justify;\">\u00a0<\/div>\n<div dir=\"auto\"><strong>J.J.Mill\u00e1s<\/strong><\/div>\n<div dir=\"auto\">FOTO: EL ORDEN MUNDIAL<\/div>\n","protected":false},"excerpt":{"rendered":"<p>Para la contabilidad de la guerra, como para la de cualquier negocio, hay un Libro&#8230;<\/p>\n","protected":false},"author":1,"featured_media":52916,"comment_status":"closed","ping_status":"closed","sticky":false,"template":"","format":"standard","meta":{"_coblocks_attr":"","_coblocks_dimensions":"","_coblocks_responsive_height":"","_coblocks_accordion_ie_support":"","jetpack_post_was_ever_published":false,"_jetpack_newsletter_access":"","_jetpack_dont_email_post_to_subs":false,"_jetpack_newsletter_tier_id":0,"_jetpack_memberships_contains_paywalled_content":false,"_jetpack_memberships_contains_paid_content":false,"footnotes":"","jetpack_publicize_message":"","jetpack_publicize_feature_enabled":true,"jetpack_social_post_already_shared":true,"jetpack_social_options":{"image_generator_settings":{"template":"highway","default_image_id":0,"enabled":false},"version":2}},"categories":[1161,44,7671,6937,15],"tags":[9000,9025],"class_list":["post-52915","post","type-post","status-publish","format-standard","has-post-thumbnail","hentry","category-ciudadania","category-noticias-de-hoy","category-politica","category-sociedad","category-ultimas-noticias","tag-la-guerra","tag-males-colaterales"],"jetpack_publicize_connections":[],"jetpack_featured_media_url":"https:\/\/i0.wp.com\/miradordeatarfe.es\/wp-content\/uploads\/2022\/03\/ucrania-conflicto-donbas-kiev-maidan-rusia-europa-este-geopolitica.jpg?fit=1909%2C1243&ssl=1","jetpack_likes_enabled":true,"jetpack_sharing_enabled":true,"_links":{"self":[{"href":"https:\/\/miradordeatarfe.es\/index.php?rest_route=\/wp\/v2\/posts\/52915","targetHints":{"allow":["GET"]}}],"collection":[{"href":"https:\/\/miradordeatarfe.es\/index.php?rest_route=\/wp\/v2\/posts"}],"about":[{"href":"https:\/\/miradordeatarfe.es\/index.php?rest_route=\/wp\/v2\/types\/post"}],"author":[{"embeddable":true,"href":"https:\/\/miradordeatarfe.es\/index.php?rest_route=\/wp\/v2\/users\/1"}],"replies":[{"embeddable":true,"href":"https:\/\/miradordeatarfe.es\/index.php?rest_route=%2Fwp%2Fv2%2Fcomments&post=52915"}],"version-history":[{"count":1,"href":"https:\/\/miradordeatarfe.es\/index.php?rest_route=\/wp\/v2\/posts\/52915\/revisions"}],"predecessor-version":[{"id":52917,"href":"https:\/\/miradordeatarfe.es\/index.php?rest_route=\/wp\/v2\/posts\/52915\/revisions\/52917"}],"wp:featuredmedia":[{"embeddable":true,"href":"https:\/\/miradordeatarfe.es\/index.php?rest_route=\/wp\/v2\/media\/52916"}],"wp:attachment":[{"href":"https:\/\/miradordeatarfe.es\/index.php?rest_route=%2Fwp%2Fv2%2Fmedia&parent=52915"}],"wp:term":[{"taxonomy":"category","embeddable":true,"href":"https:\/\/miradordeatarfe.es\/index.php?rest_route=%2Fwp%2Fv2%2Fcategories&post=52915"},{"taxonomy":"post_tag","embeddable":true,"href":"https:\/\/miradordeatarfe.es\/index.php?rest_route=%2Fwp%2Fv2%2Ftags&post=52915"}],"curies":[{"name":"wp","href":"https:\/\/api.w.org\/{rel}","templated":true}]}}