{"id":52918,"date":"2022-03-13T10:08:27","date_gmt":"2022-03-13T09:08:27","guid":{"rendered":"https:\/\/miradordeatarfe.es\/?p=52918"},"modified":"2022-03-11T17:16:37","modified_gmt":"2022-03-11T16:16:37","slug":"supo-alimentar-la-curiosidad","status":"publish","type":"post","link":"https:\/\/miradordeatarfe.es\/?p=52918","title":{"rendered":"ERNESTO P\u00c1RAMO \u00abSupo alimentar la curiosidad\u00bb"},"content":{"rendered":"<h3>Hoy hablo con Ernesto P\u00e1ramo, divulgador cient\u00edfico, creador y, hasta hace poco, director del Parque de las Ciencias de Granada,<\/h3>\n<p class=\"voc-sub-title\" style=\"text-align: justify;\">Se empe\u00f1\u00f3 en demostrar que los museos pod\u00edan funcionar como un atractivo en favor del conocimiento.Y lo consigui\u00f3. La muerte. Si hay algo que tenemos en com\u00fan todos los seres humanos es la muerte, sin embargo, nos resulta inconcebible pensar que un d\u00eda dejaremos de existir. As\u00ed, de forma esquiva, usando como sujeto a la humanidad, me ha lanzado su respuesta. \u00bfMi pregunta? La de siempre: \u00bfQu\u00e9 es la muerte para ti? Cuando insisto, me ofrece algo parecido a una definici\u00f3n: \u00abDesde el punto de vista agn\u00f3stico, es s\u00f3lo el final de la vida\u00bb. Y me confiesa que para \u00e9l ser\u00eda un enorme consuelo saber que las pir\u00e1mides de Egipto sirvieron de algo a los faraones. Significar\u00eda que est\u00e1 equivocado, que \u00f3bito no es sin\u00f3nimo de fin. \u00bfY qu\u00e9 hay de la vida? \u00bfQu\u00e9 es la vida para \u00e9l? Al contrario que en el caso de la muerte, cuya certeza es indiscutible, me habla de la vida como algo altamente improbable, como un capricho del azar. Por eso la vida tiene tanto valor: \u00abPara una persona, su vida es todo. Desde que naces hasta que te mueres lo \u00fanico que tienes es tu vida y la vida de las personas que te acompa\u00f1an\u00bb, me dice.<\/p>\n<p class=\"voc-paragraph\" style=\"text-align: justify;\">Si este fuese su \u00faltimo d\u00eda, le gustar\u00eda disfrutarlo sumido en un mosaico de buenas experiencias: gozando con la compa\u00f1\u00eda de personas a las que aprecia, siendo part\u00edcipe de conversaciones inteligentes, devorando alg\u00fan gran libro y perdi\u00e9ndose en un paisaje de esos que quitan el hipo. \u00bfY despu\u00e9s? \u00bfC\u00f3mo imagina la escena instantes antes de desaparecer? Para ese momento no hay libros ni paisajes ni conversaciones que valgan. Para ese momento en lo \u00fanico en lo que puede pensar es en su familia. Su mujer. Sus hijos.<\/p>\n<p class=\"voc-paragraph\" style=\"text-align: justify;\">Hoy hablo con Ernesto P\u00e1ramo, divulgador cient\u00edfico, creador y, hasta hace poco, director del Parque de las Ciencias de Granada, un museo interactivo que naci\u00f3 con aspiraciones locales y que a d\u00eda de hoy es todo un referente internacional. Nuestro nuevo idealista no fallecido me recibe en su casa, una especie de burbuja en la que la ciencia, el arte y la cultura en general campan a sus anchas. Libros hasta en las escaleras, murales y cuadros salpicando las paredes, libretos de museos y exposiciones sobre cualquier superficie y objetos con aroma a f\u00edsica y a qu\u00edmica por todos los rincones. Todo ello, incluso el paisaje que nos rodea \u2014campos y acequias, Sierra Nevada en el horizonte\u2014 me atrapan sin remedio. No me cabe la menor duda de que voy a disfrutar de lo lindo con este encuentro.<\/p>\n<div class=\"voc-detail__cmp voc-detail__cmp--title voc-detail__cmp--no-margin\" style=\"text-align: justify;\">\n<h3 class=\"voc-detail__title\">EL JOVEN QUE LE\u00cdA A KIERKEGAARD<\/h3>\n<\/div>\n<p class=\"voc-paragraph\" style=\"text-align: justify;\">Octavo de once hermanos, lo que significa que P\u00e1ramo se cri\u00f3 en una casa repleta de ni\u00f1os en la que, adem\u00e1s, nunca faltaron primos y t\u00edos. Cuatro, cuatro y tres, as\u00ed era la distribuci\u00f3n por habitaciones. En la suya, dos literas que los hermanos mov\u00edan a su antojo para jugar a los pasadizos o convertir, a golpe de imaginaci\u00f3n y papel pintado, en un castillo. Indios y vaqueros, y fortalezas con romanos. Es lo que le viene a la cabeza cuando le pregunto por juguetes, unos mu\u00f1ecos diminutos a los que apenas da importancia. Lo que s\u00ed guarda como un tesoro entre sus recuerdos es aquella ma\u00f1ana de Reyes en la que recibieron un radiocasete de segunda mano para compartir entre todos. \u00abEstuvimos todo el d\u00eda grabando, probando\u2026 Fue un juguete maravilloso\u00bb, me cuenta con un repentino brote de ilusi\u00f3n que envuelve sus palabras y le ilumina la mirada.<\/p>\n<p class=\"voc-paragraph\" style=\"text-align: justify;\">Libros. Tuvo una infancia y una adolescencia llena de libros. Cuando era peque\u00f1o fue muy enfermizo: ten\u00eda asma y estrabismo y alguna que otra dolencia m\u00e1s que iba y ven\u00eda, as\u00ed que pas\u00f3 mucho tiempo en cama, algo que, supone \u00e9l, influy\u00f3 de manera decisiva en su futura pasi\u00f3n por la lectura. Mientras lo cuenta, imagino a un chiquillo menudo y delgado en pijama, recostado sobre el colch\u00f3n, rodeado de indios y vaqueros, escapando del aburrimiento a trav\u00e9s de las p\u00e1ginas de alguna historia de aventuras. Le pido el nombre de alg\u00fan libro, pero no recuerda ninguno de aquella \u00e9poca. Para eso debemos dejar pasar unos a\u00f1os y aterrizar en su adolescencia, una etapa en la que desarroll\u00f3 una inquietud, digamos, peculiar. \u00abLo que m\u00e1s le\u00ed, ya en la juventud, que es una cosa muy rara, era filosof\u00eda\u00bb, me cuenta. Spinoza, Kierkegaard, Nietzsche o Descartes estaban entre sus preferencias y, sobre lo que le\u00eda, depart\u00eda luego con su grupo de amigos. Una afici\u00f3n adolescente como cualquier otra, \u00bfno?<\/p>\n<p class=\"voc-paragraph\" style=\"text-align: justify;\">Ernesto fue un chico afortunado. Su padre era inspector de Hacienda y su familia goz\u00f3 siempre de una vida acomodada. Sin embargo, muy pronto descubri\u00f3 que no todo el mundo ten\u00eda tanta suerte como \u00e9l. A los diecis\u00e9is a\u00f1os se involucr\u00f3 con la comunidad cristiana en un proyecto cuyo objetivo era sacar a los ni\u00f1os de la calle de un barrio chabolista y crear para ellos un espacio donde poder desarrollarse f\u00edsica y mentalmente. El resultado, la Ciudad de los Muchachos de Agarimo. Aquella experiencia en el \u00e1mbito social, junto a su creciente inter\u00e9s por la ciencia, el medio ambiente y la pedagog\u00eda, marcar\u00eda el rumbo de su vida.<\/p>\n<div class=\"voc-detail__cmp voc-detail__cmp--title voc-detail__cmp--no-margin\" style=\"text-align: justify;\">\n<h3 class=\"voc-detail__title\">COMO ANZUELO, LA CURIOSIDAD<\/h3>\n<\/div>\n<p class=\"voc-paragraph\" style=\"text-align: justify;\">Ernesto se traslad\u00f3 a Granada para estudiar Derecho y, mientras devoraba asignaturas y cuatrimestres, se interes\u00f3 por la educaci\u00f3n ambiental, un tema al que siempre hab\u00eda sido muy sensible. \u00abLos primeros seres humanos tuvieron que tener la sensaci\u00f3n de que todo era infinito: los oc\u00e9anos, las monta\u00f1as, los animales\u2026 Hace muy poco que sabemos que eso no es as\u00ed, que el planeta es limitado, que los recursos son finitos\u2026\u00bb, me explica. Y esa certeza ya lo acompa\u00f1aba a finales de los setenta del siglo veinte. Cuando termin\u00f3 Derecho, y estudiando ya Pedagog\u00eda, se embarc\u00f3, junto a un grupo de amigos, en la creaci\u00f3n de un centro de innovaci\u00f3n educativa, el primero en Andaluc\u00eda. La premisa del proyecto era clara: para generar conciencia medioambiental real hab\u00eda que ir m\u00e1s all\u00e1 del sentimentalismo, hab\u00eda que educar usando una base cient\u00edfica. El centro se llam\u00f3 Huerto Alegre y se convirti\u00f3 en un referente en educaci\u00f3n y formaci\u00f3n del profesorado en muchos temas relacionados con el medio ambiente.<\/p>\n<p class=\"voc-paragraph\" style=\"text-align: justify;\">Podr\u00edamos decir que aquel fue el ensayo definitivo antes del gran salto de P\u00e1ramo. En el a\u00f1o 87 tuvo su primer contacto con un museo interactivo en Eindhoven, Holanda, y desde entonces qued\u00f3 atrapado por un gran sue\u00f1o. En su mente: un museo lleno de vida transmitiendo vida, un lugar donde usar la curiosidad como anzuelo y el conocimiento como recompensa. Ernesto me cuenta que, cuando presentaron por primera vez en el Ayuntamiento de Granada el proyecto del Parque de las Ciencias, all\u00e1 por el a\u00f1o 90, tras exponer su detallado plan de viabilidad, alguien se le acerc\u00f3 y le dijo: \u00abEst\u00e1 muy bien, me parece fant\u00e1stico, es muy bonito hacer un museo de ciencia, pero, qu\u00e9 ingenuidad pensar que van a venir cien mil personas a un museo as\u00ed en Granada, y encima pagando.\u00bb Cu\u00e1n equivocada estaba esa persona, cuyo nombre Ernesto no pronuncia, cuyo rostro seguro que recuerda.<\/p>\n<div class=\"voc-detail__cmp voc-detail__cmp--title voc-detail__cmp--no-margin\" style=\"text-align: justify;\">\n<h3 class=\"voc-detail__title\">UN LENGUAJE<\/h3>\n<\/div>\n<p class=\"voc-paragraph\" style=\"text-align: justify;\">La luz es intensa. No s\u00f3lo por el enorme ventanal que nos separa del exterior. Creo que es su cabeza, lo que lleva dentro: tantas experiencias, tantos sue\u00f1os por cumplir, tantas posibilidades en el horizonte\u2026<\/p>\n<p class=\"voc-paragraph\" style=\"text-align: justify;\">Ernesto abandon\u00f3 la direcci\u00f3n del Parque de las Ciencias hace algo m\u00e1s de un a\u00f1o. Dos motivos lo llevaron a tomar la decisi\u00f3n. En primer lugar, su salud. Los s\u00edntomas de que algo no iba bien llegaron con la pandemia y, por culpa de la pandemia, tanto el diagn\u00f3stico como la operaci\u00f3n se retrasaron. En segundo lugar, una realidad con la que ha convivido demasiado tiempo: \u00e9l quer\u00eda dirigir el parque, pero no gestionarlo. La gesti\u00f3n ha robado demasiado tiempo a su verdadera pasi\u00f3n: la divulgaci\u00f3n cient\u00edfica.<\/p>\n<p class=\"voc-paragraph\" style=\"text-align: justify;\">\u00bfY qu\u00e9 va a hacer ahora tras haber hecho realidad un proyecto inimaginable? \u00bfQu\u00e9 tiene en mente, despu\u00e9s de haber convertido al Parque de las Ciencias en un \u00e9xito, no s\u00f3lo local, sino internacional? Lo primero, por supuesto, recuperarse. \u00abYa no soy un chaval, pero me quedan algunas batallas por dar\u00bb, me dice. Despu\u00e9s, volver a disfrutar de su trabajo escogiendo meticulosamente los proyectos, saboreando cada etapa de cada nuevo sue\u00f1o. Para Ernesto los museos son un medio de comunicaci\u00f3n fant\u00e1stico, tanto que han acabado convirti\u00e9ndose en su lenguaje preferido.<\/p>\n<p class=\"voc-paragraph\" style=\"text-align: justify;\">Cuando muera quiere ser recordado con la frase \u00abSupo alimentar la curiosidad\u00bb y a m\u00ed no me cabe duda de que as\u00ed ser\u00e1. Mientras tanto, viva en paz.<\/p>\n","protected":false},"excerpt":{"rendered":"<p>Hoy hablo con Ernesto P\u00e1ramo, divulgador cient\u00edfico, creador y, hasta hace poco, director del Parque&#8230;<\/p>\n","protected":false},"author":1,"featured_media":52919,"comment_status":"closed","ping_status":"closed","sticky":false,"template":"","format":"standard","meta":{"_coblocks_attr":"","_coblocks_dimensions":"","_coblocks_responsive_height":"","_coblocks_accordion_ie_support":"","jetpack_post_was_ever_published":false,"_jetpack_newsletter_access":"","_jetpack_dont_email_post_to_subs":false,"_jetpack_newsletter_tier_id":0,"_jetpack_memberships_contains_paywalled_content":false,"_jetpack_memberships_contains_paid_content":false,"footnotes":"","jetpack_publicize_message":"","jetpack_publicize_feature_enabled":true,"jetpack_social_post_already_shared":true,"jetpack_social_options":{"image_generator_settings":{"template":"highway","default_image_id":0,"enabled":false},"version":2}},"categories":[1161,44,6937,6920,15],"tags":[1920,7844,9026],"class_list":["post-52918","post","type-post","status-publish","format-standard","has-post-thumbnail","hentry","category-ciudadania","category-noticias-de-hoy","category-sociedad","category-tecnologia","category-ultimas-noticias","tag-cientifico","tag-ernesto-paramo","tag-investigador"],"jetpack_publicize_connections":[],"jetpack_featured_media_url":"https:\/\/i0.wp.com\/miradordeatarfe.es\/wp-content\/uploads\/2022\/03\/granada-ernesto-paramo-k14C-U1601210244405Bl-984x750%40Ideal.jpg?fit=984%2C750&ssl=1","jetpack_likes_enabled":true,"jetpack_sharing_enabled":true,"_links":{"self":[{"href":"https:\/\/miradordeatarfe.es\/index.php?rest_route=\/wp\/v2\/posts\/52918","targetHints":{"allow":["GET"]}}],"collection":[{"href":"https:\/\/miradordeatarfe.es\/index.php?rest_route=\/wp\/v2\/posts"}],"about":[{"href":"https:\/\/miradordeatarfe.es\/index.php?rest_route=\/wp\/v2\/types\/post"}],"author":[{"embeddable":true,"href":"https:\/\/miradordeatarfe.es\/index.php?rest_route=\/wp\/v2\/users\/1"}],"replies":[{"embeddable":true,"href":"https:\/\/miradordeatarfe.es\/index.php?rest_route=%2Fwp%2Fv2%2Fcomments&post=52918"}],"version-history":[{"count":2,"href":"https:\/\/miradordeatarfe.es\/index.php?rest_route=\/wp\/v2\/posts\/52918\/revisions"}],"predecessor-version":[{"id":52962,"href":"https:\/\/miradordeatarfe.es\/index.php?rest_route=\/wp\/v2\/posts\/52918\/revisions\/52962"}],"wp:featuredmedia":[{"embeddable":true,"href":"https:\/\/miradordeatarfe.es\/index.php?rest_route=\/wp\/v2\/media\/52919"}],"wp:attachment":[{"href":"https:\/\/miradordeatarfe.es\/index.php?rest_route=%2Fwp%2Fv2%2Fmedia&parent=52918"}],"wp:term":[{"taxonomy":"category","embeddable":true,"href":"https:\/\/miradordeatarfe.es\/index.php?rest_route=%2Fwp%2Fv2%2Fcategories&post=52918"},{"taxonomy":"post_tag","embeddable":true,"href":"https:\/\/miradordeatarfe.es\/index.php?rest_route=%2Fwp%2Fv2%2Ftags&post=52918"}],"curies":[{"name":"wp","href":"https:\/\/api.w.org\/{rel}","templated":true}]}}