{"id":5292,"date":"2015-12-13T08:10:06","date_gmt":"2015-12-13T08:10:06","guid":{"rendered":"http:\/\/miradordeatarfe.es\/?p=5292"},"modified":"2015-12-23T08:31:39","modified_gmt":"2015-12-23T08:31:39","slug":"atarfe-participa-en-un-ambicioso-proyecto-de-inversion","status":"publish","type":"post","link":"https:\/\/miradordeatarfe.es\/?p=5292","title":{"rendered":"Atarfe participa en un ambicioso proyecto de inversi\u00f3n con la Diputaci\u00f3n Provincial"},"content":{"rendered":"<p class=\"wp-caption-text\">Cerca de una veintena de municipios del &#8216;Cintur\u00f3n&#8217; aspiran a 56 millones de euros para su desarrollo urbano-Esta iniciativa de la Uni\u00f3n Europea est\u00e1 coordinada por la Diputaci\u00f3n de Granada<!--more-->La delegada del \u00e1rea de Desarrollo Sostenible y Empleo, Ana Mu\u00f1oz, ha presentado este viernes en la sede de la Diputaci\u00f3n de Granada, junto a los alcaldes o representantes de los municipios implicados en el proyecto. Foto: R. Mart\u00ednez | Dipgra<\/p>\n<div class=\"contenedor\">\n<p>Un total de 17 municipios ubicados en el \u00c1rea Metropolitana granadina van a presentar sus proyectos para formar parte de la Estrategia de Desarrollo Urbano Sostenible e Integral (EDUSI) y acuden, por tanto, a la convocatoria de un proyecto europeo que supondr\u00eda la captaci\u00f3n de fondos Feder para el crecimiento integral y sostenible de los n\u00facleos urbanos.<\/p>\n<p>La delegada del \u00e1rea de Desarrollo Sostenible y Empleo, Ana Mu\u00f1oz, ha presentado este viernes en la sede de la Diputaci\u00f3n de <strong>Granada<\/strong>, junto a los alcaldes o representantes de los municipios implicados, las estrategias de las tres zonas del \u00c1rea Metropolitana que aspiran a ser incluidas en esta selecci\u00f3n: zona metropolitana Sur-Este (C\u00e1jar, Cenes de la Vega, G\u00f3jar, Hu\u00e9tor Vega, Monachil, Og\u00edjares y la Zubia); <strong>zona metropolitana Norte (Albolote, Atarfe, Jun, Peligros y Pulianas)<\/strong>; y zona metropolitana Sur-Oeste (Churriana de la Vega, C\u00fallar Vega, Las Gabias, Santa Fe y Vegas del Genil).<\/p>\n<p>Esta iniciativa de la Uni\u00f3n Europea prev\u00e9 15 millones de euros de inversi\u00f3n m\u00e1xima por cada estrategia de desarrollo, m\u00e1s un 20% que aportar\u00eda la Diputaci\u00f3n si sale adelante el proyecto. En total, en caso de que las tres estrategias superaran la convocatoria, la inversi\u00f3n se elevar\u00eda a 56 millones de euros, destinados al crecimiento sostenible e integral de buena parte del \u00e1rea metropolitana granadina,\u00a0seg\u00fan ha precisado Diputaci\u00f3n en un comunicado.<\/p>\n<p>Entre los aspectos que abordan estas estrategias urbanas est\u00e1 mejorar el acceso, el uso y la calidad de las tecnolog\u00edas de la informaci\u00f3n y la comunicaci\u00f3n; favorecer el paso a una econom\u00eda de bajo nivel de emisi\u00f3n de carbono en todos los sectores; conservar y proteger el medio ambiente y promover la eficiencia de los recursos; y promover la inclusi\u00f3n social y luchar contra la pobreza.<\/p>\n<p>Hay que subrayar que la Diputaci\u00f3n de<strong> Granada<\/strong> est\u00e1 encabezando este proyecto como parte de sus objetivos en materia de cohesi\u00f3n territorial y asistencia a los municipios de menor tama\u00f1o. De hecho, varios municipios de la provincia, mayores de 20.000 habitantes, est\u00e1n preparando sus estrategias de manera independiente, lo que abre la posibilidad de que la inversi\u00f3n sea m\u00e1s elevada en el conjunto de la provincia.<\/p>\n<p>La diputada ha informado que los ayuntamientos han delegado en la Diputaci\u00f3n la redacci\u00f3n de las Edusi pero que \u201cdesde el primer momento se est\u00e1 implicando a los municipios en todas las decisiones\u201d. \u201cEsta Diputaci\u00f3n cuenta con la capacidad t\u00e9cnica y financiera para poder abordar estos proyectos y ayudar a los municipios que no cuentan con ella\u201d, ha apuntado.<\/p>\n<p>Una de las novedades de esta convocatoria es que no se trata, seg\u00fan la responsable del \u00e1rea, \u201cde solicitar subvenciones para proyectos concretos y aislados sino de estrategias de desarrollo urbano\u201d.<\/p>\n<p>Mu\u00f1oz ha insistido en que \u201cestas estrategias deben ser muy participativas\u201d. De hecho, durante la rueda de prensa ha presentado tambi\u00e9n la web donde la ciudadan\u00eda puede participar (estrategiasdusi-gr.es) y hacer sugerencias. \u201cNo es posible dise\u00f1ar una estrategia de desarrollo urbano que va m\u00e1s all\u00e1 del 2022, desde un despacho: es fundamental contar con la ciudadan\u00eda y los agentes sociales\u201d, ha explicado. Adem\u00e1s, se han organizado unas jornadas de car\u00e1cter informativo, que se celebrar\u00e1n la semana del 14 al 18 de diciembre.<\/p>\n<p>La Diputaci\u00f3n ha puesto en marcha un equipo interdisciplinar de todas las \u00e1reas de la instituci\u00f3n (m\u00e1s de 50 t\u00e9cnicos) para llevar adelante el proyecto aunque est\u00e1 dirigido y coordinado, desde el punto de vista t\u00e9cnico, desde el \u00e1rea de Empleo y Desarrollo Sostenible.<\/p>\n<\/div>\n","protected":false},"excerpt":{"rendered":"<p>Cerca de una veintena de municipios del &#8216;Cintur\u00f3n&#8217; aspiran a 56 millones de euros para&#8230;<\/p>\n","protected":false},"author":1,"featured_media":5340,"comment_status":"closed","ping_status":"closed","sticky":false,"template":"","format":"standard","meta":{"_coblocks_attr":"","_coblocks_dimensions":"","_coblocks_responsive_height":"","_coblocks_accordion_ie_support":"","jetpack_post_was_ever_published":false,"_jetpack_newsletter_access":"","_jetpack_dont_email_post_to_subs":false,"_jetpack_newsletter_tier_id":0,"_jetpack_memberships_contains_paywalled_content":false,"_jetpack_memberships_contains_paid_content":false,"footnotes":"","jetpack_publicize_message":"","jetpack_publicize_feature_enabled":true,"jetpack_social_post_already_shared":false,"jetpack_social_options":{"image_generator_settings":{"template":"highway","default_image_id":0,"enabled":false},"version":2}},"categories":[2,187,186,15],"tags":[81,722,1053,757,257],"class_list":["post-5292","post","type-post","status-publish","format-standard","has-post-thumbnail","hentry","category-atarfe","category-centros-educativos","category-instituciones","category-ultimas-noticias","tag-atarfe","tag-diputacion","tag-europa","tag-inversion","tag-municipios"],"jetpack_publicize_connections":[],"jetpack_featured_media_url":"https:\/\/i0.wp.com\/miradordeatarfe.es\/wp-content\/uploads\/2015\/12\/1446_1752_20151211185055.jpg?fit=442%2C332&ssl=1","jetpack_likes_enabled":true,"jetpack_sharing_enabled":true,"_links":{"self":[{"href":"https:\/\/miradordeatarfe.es\/index.php?rest_route=\/wp\/v2\/posts\/5292","targetHints":{"allow":["GET"]}}],"collection":[{"href":"https:\/\/miradordeatarfe.es\/index.php?rest_route=\/wp\/v2\/posts"}],"about":[{"href":"https:\/\/miradordeatarfe.es\/index.php?rest_route=\/wp\/v2\/types\/post"}],"author":[{"embeddable":true,"href":"https:\/\/miradordeatarfe.es\/index.php?rest_route=\/wp\/v2\/users\/1"}],"replies":[{"embeddable":true,"href":"https:\/\/miradordeatarfe.es\/index.php?rest_route=%2Fwp%2Fv2%2Fcomments&post=5292"}],"version-history":[{"count":2,"href":"https:\/\/miradordeatarfe.es\/index.php?rest_route=\/wp\/v2\/posts\/5292\/revisions"}],"predecessor-version":[{"id":5294,"href":"https:\/\/miradordeatarfe.es\/index.php?rest_route=\/wp\/v2\/posts\/5292\/revisions\/5294"}],"wp:featuredmedia":[{"embeddable":true,"href":"https:\/\/miradordeatarfe.es\/index.php?rest_route=\/wp\/v2\/media\/5340"}],"wp:attachment":[{"href":"https:\/\/miradordeatarfe.es\/index.php?rest_route=%2Fwp%2Fv2%2Fmedia&parent=5292"}],"wp:term":[{"taxonomy":"category","embeddable":true,"href":"https:\/\/miradordeatarfe.es\/index.php?rest_route=%2Fwp%2Fv2%2Fcategories&post=5292"},{"taxonomy":"post_tag","embeddable":true,"href":"https:\/\/miradordeatarfe.es\/index.php?rest_route=%2Fwp%2Fv2%2Ftags&post=5292"}],"curies":[{"name":"wp","href":"https:\/\/api.w.org\/{rel}","templated":true}]}}