{"id":52959,"date":"2022-03-12T08:11:07","date_gmt":"2022-03-12T07:11:07","guid":{"rendered":"https:\/\/miradordeatarfe.es\/?p=52959"},"modified":"2022-03-11T17:14:43","modified_gmt":"2022-03-11T16:14:43","slug":"el-pp-de-feijoo-capitula-ante-vox","status":"publish","type":"post","link":"https:\/\/miradordeatarfe.es\/?p=52959","title":{"rendered":"El PP de Feij\u00f3o capitula ante Vox"},"content":{"rendered":"<article class=\"a _g _g-lg _g-o\">\n<header class=\"a_e _g _g-xs\">\n<div class=\"a_e_txt _df\">\n<h3 class=\"a_st\">La extrema derecha de Abascal sienta un precedente y entra por primera vez en un Gobierno al ceder el popular Ma\u00f1ueco ante todas sus exigencias en Castilla y Le\u00f3n<\/h3>\n<p>&nbsp;<\/p>\n<\/div>\n<\/header>\n<div class=\"a_md _g _g-xs \">\n<div class=\"a_md_txt\">\n<div class=\"w_rs\">\n<div class=\"w_rs_i\">\u00a0<\/div>\n<\/div>\n<\/div>\n<\/div>\n<div class=\"a_c clearfix\">\n<figure class=\"a_m a_m-h\"><span class=\"a_m_w _db\"><img data-recalc-dims=\"1\" loading=\"lazy\" decoding=\"async\" class=\"_re a_m-h\" src=\"https:\/\/i0.wp.com\/imagenes.elpais.com\/resizer\/h37EybrG1K-pVOJP38cmx_QG-9U%3D\/414x0\/cloudfront-eu-central-1.images.arcpublishing.com\/prisa\/5SYMCKE3J75WGEQMDCCPT7MX64.jpg?resize=414%2C275&#038;ssl=1\" srcset=\"https:\/\/imagenes.elpais.com\/resizer\/h37EybrG1K-pVOJP38cmx_QG-9U=\/414x0\/cloudfront-eu-central-1.images.arcpublishing.com\/prisa\/5SYMCKE3J75WGEQMDCCPT7MX64.jpg 414w,https:\/\/imagenes.elpais.com\/resizer\/sMKaH-J86ayDHX8wNeN2fwLYlS4=\/828x0\/cloudfront-eu-central-1.images.arcpublishing.com\/prisa\/5SYMCKE3J75WGEQMDCCPT7MX64.jpg 640w,https:\/\/imagenes.elpais.com\/resizer\/hFN9yiUGp_kajTq-OlhajMUwWlA=\/980x0\/cloudfront-eu-central-1.images.arcpublishing.com\/prisa\/5SYMCKE3J75WGEQMDCCPT7MX64.jpg 1000w,https:\/\/imagenes.elpais.com\/resizer\/s-FcIt7b2-Pvyz_3KJeuKaUx_DA=\/1960x0\/cloudfront-eu-central-1.images.arcpublishing.com\/prisa\/5SYMCKE3J75WGEQMDCCPT7MX64.jpg 1960w\" alt=\"El l\u00edder de Vox, Santiago Abascal, en el patio del Congreso.\" width=\"414\" height=\"275\" \/><\/span><figcaption class=\"a_m_p\">El l\u00edder de Vox, Santiago Abascal, en el patio del Congreso.<span class=\"a_m_m\">Eduardo Parra (Europa Press)<\/span><\/figcaption><\/figure>\n<p class=\"\">El nuevo PP de <a href=\"https:\/\/elpais.com\/espana\/2022-03-10\/manueco-anuncia-un-acuerdo-de-legislatura-con-vox.html\" target=\"_blank\" rel=\"noopener\" data-link-track-dtm=\"\">Alberto N\u00fa\u00f1ez Feij\u00f3o ha claudicado ante Vox<\/a> a las primeras de cambio. El cord\u00f3n sanitario y pol\u00edtico aplicado en Europa a la extrema derecha para evitar su intromisi\u00f3n en los Gobiernos y las instituciones se ha roto en Castilla y Le\u00f3n el mismo d\u00eda en el que el dirigente gallego fue proclamado candidato a relevar a Pablo Casado al frente del PP nacional casi por aclamaci\u00f3n.<\/p>\n<p class=\"\">Casualidad o no, Casado estaba este jueves en Par\u00eds en su despedida de las citas del Partido Popular Europeo, cuyo <a href=\"https:\/\/elpais.com\/espana\/2022-03-10\/el-jefe-de-los-populares-europeos-considera-una-capitulacion-el-pacto-de-pp-y-vox-en-castilla-y-leon.html\" target=\"_blank\" rel=\"noopener\" data-link-track-dtm=\"\">m\u00e1ximo responsable, Donald Tusk, <\/a>tach\u00f3 de \u201ctriste sorpresa\u201d esa \u201ccapitulaci\u00f3n\u201d ante la extrema derecha. Y a\u00f1adi\u00f3: \u201cEspero que sea solo un incidente o accidente y no una tendencia en la pol\u00edtica espa\u00f1ola\u201d.<\/p>\n<p class=\"\">El futuro l\u00edder del PP, <a href=\"https:\/\/elpais.com\/espana\/2022-03-10\/feijoo-bendice-el-pacto-del-pp-con-vox-para-gobernar-castilla-y-leon-manueco-evita-un-adelanto-electoral.html\" target=\"_blank\" rel=\"noopener\" data-link-track-dtm=\"\">Alberto N\u00fa\u00f1ez Feij\u00f3o,<\/a> intent\u00f3 este jueves a\u00fan desde Galicia justificar ese brusco giro del PP, que en Castilla y Le\u00f3n concedi\u00f3 al final a Vox todas sus exigencias de cargos para mantenerse tras 35 a\u00f1os en el poder. Feij\u00f3o explic\u00f3 que al presidente popular en esa autonom\u00eda, Alfonso Fern\u00e1ndez Ma\u00f1ueco, la anterior ejecutiva nacional le hab\u00eda dado \u201cmanos libres\u201d para negociar. El dirigente gallego tambi\u00e9n argument\u00f3 que el PSOE no quiso permitir gobernar a la lista m\u00e1s votada. Y record\u00f3 los pactos del PSOE de Pedro S\u00e1nchez con Unidas Podemos y sus acuerdos con ERC y EH Bildu.<\/p>\n<p class=\"\">El primer Gobierno del PP y Vox en Castilla y Le\u00f3n, donde<a href=\"https:\/\/elpais.com\/espana\/2022-03-10\/las-claves-del-pacto-de-pp-y-vox-en-castilla-y-leon-una-ley-de-violencia-intrafamiliar-y-silencio-sobre-la-memoria-historica.html\" target=\"_blank\" rel=\"noopener\" data-link-track-dtm=\"\"> los populares ceder\u00e1n adem\u00e1s a la formaci\u00f3n ultra la presidencia del Parlamento <\/a>regional \u2014m\u00e1s otro puesto en la mesa de ese \u00f3rgano\u2014, la vicepresidencia de la Junta y tres consejer\u00edas, retumb\u00f3 en las direcciones de todos los partidos pese a que era previsible. Por su significado internacional, al navegar contra corriente en el aislamiento a la ultraderecha en Europa incluso donde gobiernan partidos conservadores, pero tambi\u00e9n por lo que pueda significar de precedente ante pr\u00f3ximas elecciones nacionales, justo cuando el PP acaba de mudar de liderazgo.<\/p>\n<p class=\"\">El presidente del Gobierno, Pedro S\u00e1nchez, tambi\u00e9n desde Par\u00eds, d\u00f3nde acudi\u00f3 en Versalles a una cumbre europea, etiquet\u00f3 la noticia como \u201cp\u00e9sima para la democracia espa\u00f1ola y para el PP\u201d. S\u00e1nchez augur\u00f3 que esa decisi\u00f3n de \u201cabrir la puerta de los gobiernos a la ultraderecha\u201d la acabar\u00e1n pagando los populares en t\u00e9rminos pol\u00edticos. Lo repitieron en el Congreso otros l\u00edderes socialistas y de <a href=\"https:\/\/elpais.com\/espana\/2022-03-10\/la-izquierda-cs-y-el-pnv-cargan-contra-feijoo-tras-el-acuerdo-con-vox-en-castilla-y-leon.html\" target=\"_blank\" rel=\"noopener\" data-link-track-dtm=\"\">otros partidos aliados del Ejecutivo<\/a>, como Unidas Podemos, M\u00e1s Pa\u00eds y ERC. Tambi\u00e9n fue la alerta que emitieron portavoces de partidos de centro o conservadores tradicionales, como el representante del PNV, Aitor Esteban, que lament\u00f3 el \u201cgrav\u00edsimo error\u201d del \u201cnuevo PP de Feij\u00f3o\u201d al legitimar con ese pacto \u201ca un partido que es antidemocr\u00e1tico, que es antisistema y, adem\u00e1s, le est\u00e1 facilitando \u00e1reas de poder para que puedan avanzar en pol\u00edticas regresivas\u201d. El portavoz de Ciudadanos, Guillermo D\u00edaz, reproch\u00f3 a Feij\u00f3o que \u201cdiga una cosa\u201d, sobre sus intenciones de redirigir al nuevo PP hacia un centro moderado, \u201cy haga otra\u201d. Tambi\u00e9n barrunt\u00f3 que \u201cmuchos votantes del PP no lo van a entender\u201d.<\/p>\n<p class=\"\">En el actual PP, enfrascado en la transici\u00f3n del liderazgo de Casado a Feij\u00f3o en solo 20 d\u00edas, optaron por <a href=\"https:\/\/elpais.com\/espana\/2022-03-10\/moreno-bonilla-trata-de-desmarcarse-del-pacto-entre-pp-y-vox-en-castilla-y-leon-y-asegura-que-no-va-a-marcar-a-andalucia.html\" target=\"_blank\" rel=\"noopener\" data-link-track-dtm=\"\">intentar encapsular el blanqueo institucional a Vox en un hecho aislado<\/a> de Ma\u00f1ueco en Castilla y Le\u00f3n, al que no le habr\u00eda quedado otra opci\u00f3n. Feij\u00f3o habl\u00f3 desde Galicia, antes de ser entronizado como el candidato de los avales r\u00e9cord y en la jornada previa a comenzar en Valencia su campa\u00f1a de promoci\u00f3n, para sintetizar en dos sus argumentos.<\/p>\n<p class=\"\">El presidente gallego ya hab\u00eda avanzado en los \u00faltimos d\u00edas que era Ma\u00f1ueco el que deb\u00eda encontrar la mejor soluci\u00f3n al embrollo, pero le apur\u00f3 para que lo desatascase cuanto antes para alejar la crisis del congreso extraordinario del PP del 1 y 2 de abril en Sevilla. Feij\u00f3o defiende que la anterior ejecutiva del PP de Casado encomend\u00f3 esa labor a Ma\u00f1ueco y recuerda que \u00e9l lleva varios mandatos proponiendo sin \u00e9xito que se extienda a nivel nacional su propuesta de que ante estos casos gobierne siempre la lista m\u00e1s votada. En Galicia esa opci\u00f3n no se cumpli\u00f3, por ejemplo, en Ourense, capital donde el PP permiti\u00f3 que sea alcalde el <a href=\"https:\/\/elpais.com\/espana\/2020-09-09\/jacome-el-extravagante-alcalde-de-ourense-quiere-gobernar-la-ciudad-con-un-solo-concejal.html\" target=\"_blank\" rel=\"noopener\" data-link-track-dtm=\"\">incontrolable empresario Gonzalo P\u00e9rez J\u00e1come<\/a> a cambio de que el clan de los Baltar se perpet\u00fae al frente de la poderosa Diputaci\u00f3n pese a que el PSOE fue el que gan\u00f3.<\/p>\n<p class=\"\">Feij\u00f3o y otros responsables populares se afanaron, adem\u00e1s, en responsabilizar al PSOE de vetar al PP en Castilla y Le\u00f3n por no regalar la Junta a Ma\u00f1ueco. En el entorno del pr\u00f3ximo l\u00edder popular se esperaban los ataques contra Feij\u00f3o para debilitarle y equipararle a Vox, pero elevaron la r\u00e9plica contra S\u00e1nchez: \u201cTemen a nuestro candidato porque es mejor, m\u00e1s solvente, nunca ha perdido y lleva gobernando m\u00e1s\u201d.<\/p>\n<p class=\"\">El l\u00edder de Vox, Santiago Abascal, que ha dirigido personalmente esta negociaci\u00f3n, entr\u00f3 a primera hora en el Congreso y se mostr\u00f3 premeditadamente pesimista sobre la posibilidad del acuerdo, aunque inflexible a rebajarlo. Llevaba varios d\u00edas hablando con Ma\u00f1ueco. Con el pacto sellado, en su entorno se explic\u00f3 que todo formaba parte de una t\u00e1ctica: \u201cEl PP cre\u00eda que \u00edbamos de farol, que nuestras exigencias eran un \u00f3rdago que luego rebajar\u00edamos y cuando se han dado cuenta de que eso no iba a pasar lo han tenido que asumir\u201d. A Vox y Abascal la jugada le sali\u00f3 tan bien que ni siquiera ten\u00edan pensados los nombres de las personas que ocupar\u00e1n ahora los cargos logrados. Y sobre su relaci\u00f3n futura a nivel nacional con el nuevo PP se recurri\u00f3 a una pregunta ret\u00f3rica: \u201c\u00bfCon cu\u00e1l Feij\u00f3o?\u201d<\/p>\n<figure class=\"a_md_i a_m-h\"><strong><span class=\"a_m_w _db\">\u00a0<\/span><a class=\"a_md_a_n\" title=\"Ver todas las noticias de Javier Casqueiro\" href=\"https:\/\/elpais.com\/autor\/javier-casqueiro\/#?rel=author_top\">Javier Casqueiro<\/a><\/strong><\/figure>\n<div class=\"a_md_txt\">\n<div class=\"w_rs\">\n<div class=\"w_rs_i\">FOTO: El l\u00edder de Vox, Santiago Abascal, en el patio del Congreso.<span class=\"a_m_m\">Eduardo Parra (Europa Press<\/span>)<\/div>\n<div>https:\/\/elpais.com\/espana\/2022-03-11\/el-pp-de-feijoo-capitula-ante-vox.html<\/div>\n<\/div>\n<\/div>\n<\/div>\n<\/article>\n","protected":false},"excerpt":{"rendered":"<p>La extrema derecha de Abascal sienta un precedente y entra por primera vez en un&#8230;<\/p>\n","protected":false},"author":1,"featured_media":52960,"comment_status":"closed","ping_status":"closed","sticky":false,"template":"","format":"standard","meta":{"_coblocks_attr":"","_coblocks_dimensions":"","_coblocks_responsive_height":"","_coblocks_accordion_ie_support":"","jetpack_post_was_ever_published":false,"_jetpack_newsletter_access":"","_jetpack_dont_email_post_to_subs":false,"_jetpack_newsletter_tier_id":0,"_jetpack_memberships_contains_paywalled_content":false,"_jetpack_memberships_contains_paid_content":false,"footnotes":"","jetpack_publicize_message":"","jetpack_publicize_feature_enabled":true,"jetpack_social_post_already_shared":true,"jetpack_social_options":{"image_generator_settings":{"template":"highway","default_image_id":0,"enabled":false},"version":2}},"categories":[1161,44,7671,6937,15],"tags":[5871,9034,1731],"class_list":["post-52959","post","type-post","status-publish","format-standard","has-post-thumbnail","hentry","category-ciudadania","category-noticias-de-hoy","category-politica","category-sociedad","category-ultimas-noticias","tag-abascal","tag-feijoo","tag-pacto"],"jetpack_publicize_connections":[],"jetpack_featured_media_url":"https:\/\/i0.wp.com\/miradordeatarfe.es\/wp-content\/uploads\/2022\/03\/5SYMCKE3J75WGEQMDCCPT7MX64.webp?fit=1960%2C1301&ssl=1","jetpack_likes_enabled":true,"jetpack_sharing_enabled":true,"_links":{"self":[{"href":"https:\/\/miradordeatarfe.es\/index.php?rest_route=\/wp\/v2\/posts\/52959","targetHints":{"allow":["GET"]}}],"collection":[{"href":"https:\/\/miradordeatarfe.es\/index.php?rest_route=\/wp\/v2\/posts"}],"about":[{"href":"https:\/\/miradordeatarfe.es\/index.php?rest_route=\/wp\/v2\/types\/post"}],"author":[{"embeddable":true,"href":"https:\/\/miradordeatarfe.es\/index.php?rest_route=\/wp\/v2\/users\/1"}],"replies":[{"embeddable":true,"href":"https:\/\/miradordeatarfe.es\/index.php?rest_route=%2Fwp%2Fv2%2Fcomments&post=52959"}],"version-history":[{"count":1,"href":"https:\/\/miradordeatarfe.es\/index.php?rest_route=\/wp\/v2\/posts\/52959\/revisions"}],"predecessor-version":[{"id":52961,"href":"https:\/\/miradordeatarfe.es\/index.php?rest_route=\/wp\/v2\/posts\/52959\/revisions\/52961"}],"wp:featuredmedia":[{"embeddable":true,"href":"https:\/\/miradordeatarfe.es\/index.php?rest_route=\/wp\/v2\/media\/52960"}],"wp:attachment":[{"href":"https:\/\/miradordeatarfe.es\/index.php?rest_route=%2Fwp%2Fv2%2Fmedia&parent=52959"}],"wp:term":[{"taxonomy":"category","embeddable":true,"href":"https:\/\/miradordeatarfe.es\/index.php?rest_route=%2Fwp%2Fv2%2Fcategories&post=52959"},{"taxonomy":"post_tag","embeddable":true,"href":"https:\/\/miradordeatarfe.es\/index.php?rest_route=%2Fwp%2Fv2%2Ftags&post=52959"}],"curies":[{"name":"wp","href":"https:\/\/api.w.org\/{rel}","templated":true}]}}