{"id":52982,"date":"2022-03-13T11:26:34","date_gmt":"2022-03-13T10:26:34","guid":{"rendered":"https:\/\/miradordeatarfe.es\/?p=52982"},"modified":"2022-03-12T12:25:12","modified_gmt":"2022-03-12T11:25:12","slug":"atarfe-aprueba-sus-presupuestos-que-contemplan-la-vuelta-progresiva-a-la-normalidad","status":"publish","type":"post","link":"https:\/\/miradordeatarfe.es\/?p=52982","title":{"rendered":"ATARFE aprueba sus presupuestos, que contemplan la vuelta progresiva a la normalidad"},"content":{"rendered":"<h3 style=\"text-align: justify;\">Las cuentas para este a\u00f1o han salido adelante con los votos a favor de PSOE, PASI e IU y el rechazo de PP, Ciudadanos y Vox<\/h3>\n<div id=\"content\" class=\"fw\">\n<div class=\"w66 pr7 left col1\">\n<article class=\"fw main hentry post-199003 noticias type-noticias status-publish has-post-thumbnail hentry secciones-atarfe etiquetas-area-metropolitana etiquetas-atarfe etiquetas-ayuntamiento-de-atarfe etiquetas-presupuestos-atarfe etiquetas-presupuestos-municipales\">\n<section class=\"fw\">La localidad metropolitana de <strong>Atarfe<\/strong> ha aprobado el proyecto de sus <strong>presupuestos <\/strong>para este a\u00f1o. El documento, con <strong>20.831.829 euros <\/strong>de ingresos y gastos, contempla la vuelta progresiva a la normalidad y la consiguiente celebraci\u00f3n de eventos culturales y festivos.<\/p>\n<p style=\"text-align: justify;\">Las cuentas han sido aprobadas con los votos a favor de PSOE, PASI e IU y el rechazo de PP, Cs y Vox. Se trata, en palabras del alcalde, Pedro Mart\u00ednez, de un presupuesto \u00abelaborado desde el rigor y la prudencia que la situaci\u00f3n de incertidumbre aconseja\u201d.<\/p>\n<p style=\"text-align: justify;\">Mart\u00ednez ha destacado en su exposici\u00f3n ante el Pleno la puesta en valor del <strong>yacimiento arqueol\u00f3gico de Medina Elvira<\/strong>, al que se destinar\u00e1n los remanentes del presupuesto anterior para \u201cdar un giro contundente a su gesti\u00f3n\u201d, ejecutando la nave de la Lastra y sus alrededores y exponiendo los restos arqueol\u00f3gicos \u201ca todos los niveles: acad\u00e9mico, social, educativo, de investigaci\u00f3n\u201d.<\/p>\n<p style=\"text-align: justify;\">\u201cNuestra intenci\u00f3n es potenciar el municipio de <strong>Atarfe <\/strong>como uno de los m\u00e1s importantes del \u00c1rea Metropolitana, ya que se ha situado como uno de los pueblos con enclave privilegiado\u00bb, ha defendido el regidor, que considera parte de la labor del equipo de Gobierno \u00abapoyar y promover el desarrollo socioecon\u00f3mico\u00bb.<\/p>\n<h3 style=\"text-align: justify;\">Participaci\u00f3n ciudadana<\/h3>\n<p style=\"text-align: justify;\">El alcalde tambi\u00e9n ha destacado la <strong>participaci\u00f3n ciudadana<\/strong> en la elaboraci\u00f3n de estos presupuestos, que incluyen las propuestas aportadas por los vecinos, como la adecuaci\u00f3n de parques, espacios espec\u00edficos para mascotas y rotondas; la instalaci\u00f3n de medidas de correcci\u00f3n para evitar las inundaciones, la intervenci\u00f3n de zonas dirigidas a la infancia o la mejora del alumbrado p\u00fablico.<\/p>\n<p style=\"text-align: justify;\">Los <strong>ingresos<\/strong>, que incluyen los habituales tributos, programas y subvenciones de la Diputaci\u00f3n y de la Junta de Andaluc\u00eda de las que se tiene seguridad, han sido \u201cestimados desde la prudencia, no incrementados arbitrariamente\u201d, seg\u00fan Mart\u00ednez.<\/p>\n<p style=\"text-align: justify;\">En el cap\u00edtulo de gastos, el presupuesto contempla la implantaci\u00f3n y ejecuci\u00f3n de la RPT (Relaci\u00f3n de Puestos de Trabajo) elaborada y aprobada en Pleno en 2018, que va a suponer un <strong>incremento en los salarios <\/strong>de los empleados p\u00fablicos, as\u00ed como la eliminaci\u00f3n de las diferencias salariales y una mejor gesti\u00f3n de los recursos humanos del Ayuntamiento.<\/p>\n<p style=\"text-align: justify;\">En el cap\u00edtulo de <strong>gastos <\/strong>se incluyen ya el convenio para la mejora del transporte metropolitano, la licitaci\u00f3n del servicio de limpieza y recogida de residuos conjunta, que entrar\u00e1 en vigor con el nuevo presupuesto y que supone un 38,66% del total.<\/p>\n<p style=\"text-align: justify;\">En cuanto a <strong>subvenciones<\/strong>, las cuentas recogen <strong>1.424.705 euros<\/strong>, para cumplir con \u201clas necesidades sociales y de asociaciones culturales, deportivas, empresariales, grupos pol\u00edticos, promoci\u00f3n del asociacionismo o escuelas infantiles\u00bb, ha recordado el alcalde.<\/p>\n<h3 style=\"text-align: justify;\">Inversiones<\/h3>\n<p style=\"text-align: justify;\">Las <strong>inversiones<\/strong>, que el equipo de Gobierno estima como \u00abejecutables\u00bb por la mejora de la situaci\u00f3n pand\u00e9mica, supondr\u00e1n este a\u00f1o una disposici\u00f3n de <strong>2.328.185 euros<\/strong>, un 11%del total.<\/p>\n<p style=\"text-align: justify;\">Son, seg\u00fan la concejala de Econom\u00eda, Hacienda y Recursos Humanos, Mar\u00eda Jos\u00e9 Maldonado, \u00abfruto de las demandas de colectivos y ciudadan\u00eda en particular\u00bb y dan respuestas concretas \u00aba problem\u00e1ticas que son prioritarias para la mejora de vida de toda la poblaci\u00f3n\u201d<\/p>\n<p style=\"text-align: justify;\">Se trata de un presupuesto \u00abque viene a dar respuesta a una nueva situaci\u00f3n en la que se prev\u00e9 la progresiva normalizaci\u00f3n de la situaci\u00f3n de pandemia, promueve el desarrollo y puesta en marcha de las actuaciones necesarias para el mantenimiento, mejora e implantaci\u00f3n de nuevos recursos\u00bb, ha manifestado el alcalde.<\/p>\n<p style=\"text-align: justify;\"><span class=\"section-name\"><span class=\"autor\"> Redacci\u00f3n aG <\/span> <\/span><\/p>\n<figure class=\"wp-block-image size-full\"><figcaption>FOTO: Pleno celebrado en el Ayuntamiento de Atarfe. Foto: Ayuntamiento de Atarfe<br \/>\nhttps:\/\/www.ahoragranada.com\/noticias\/atarfe-aprueba-sus-presupuestos-que-contemplan-la-vuelta-progresiva-a-la-normalidad\/<\/figcaption><\/figure>\n<p>&nbsp;<\/p>\n<\/section>\n<\/article>\n<\/div>\n<\/div>\n","protected":false},"excerpt":{"rendered":"<p>Las cuentas para este a\u00f1o han salido adelante con los votos a favor de PSOE,&#8230;<\/p>\n","protected":false},"author":1,"featured_media":52983,"comment_status":"closed","ping_status":"closed","sticky":false,"template":"","format":"standard","meta":{"_coblocks_attr":"","_coblocks_dimensions":"","_coblocks_responsive_height":"","_coblocks_accordion_ie_support":"","jetpack_post_was_ever_published":false,"_jetpack_newsletter_access":"","_jetpack_dont_email_post_to_subs":false,"_jetpack_newsletter_tier_id":0,"_jetpack_memberships_contains_paywalled_content":false,"_jetpack_memberships_contains_paid_content":false,"footnotes":"","jetpack_publicize_message":"","jetpack_publicize_feature_enabled":true,"jetpack_social_post_already_shared":true,"jetpack_social_options":{"image_generator_settings":{"template":"highway","default_image_id":0,"enabled":false},"version":2}},"categories":[2,6916,186,44,7671,15],"tags":[81,979],"class_list":["post-52982","post","type-post","status-publish","format-standard","has-post-thumbnail","hentry","category-atarfe","category-ayuntamiento-de-atarfe","category-instituciones","category-noticias-de-hoy","category-politica","category-ultimas-noticias","tag-atarfe","tag-presupuestos"],"jetpack_publicize_connections":[],"jetpack_featured_media_url":"https:\/\/i0.wp.com\/miradordeatarfe.es\/wp-content\/uploads\/2022\/03\/Pleno-Ayuntamiento-Atarfe.jpeg?fit=970%2C545&ssl=1","jetpack_likes_enabled":true,"jetpack_sharing_enabled":true,"_links":{"self":[{"href":"https:\/\/miradordeatarfe.es\/index.php?rest_route=\/wp\/v2\/posts\/52982","targetHints":{"allow":["GET"]}}],"collection":[{"href":"https:\/\/miradordeatarfe.es\/index.php?rest_route=\/wp\/v2\/posts"}],"about":[{"href":"https:\/\/miradordeatarfe.es\/index.php?rest_route=\/wp\/v2\/types\/post"}],"author":[{"embeddable":true,"href":"https:\/\/miradordeatarfe.es\/index.php?rest_route=\/wp\/v2\/users\/1"}],"replies":[{"embeddable":true,"href":"https:\/\/miradordeatarfe.es\/index.php?rest_route=%2Fwp%2Fv2%2Fcomments&post=52982"}],"version-history":[{"count":2,"href":"https:\/\/miradordeatarfe.es\/index.php?rest_route=\/wp\/v2\/posts\/52982\/revisions"}],"predecessor-version":[{"id":52985,"href":"https:\/\/miradordeatarfe.es\/index.php?rest_route=\/wp\/v2\/posts\/52982\/revisions\/52985"}],"wp:featuredmedia":[{"embeddable":true,"href":"https:\/\/miradordeatarfe.es\/index.php?rest_route=\/wp\/v2\/media\/52983"}],"wp:attachment":[{"href":"https:\/\/miradordeatarfe.es\/index.php?rest_route=%2Fwp%2Fv2%2Fmedia&parent=52982"}],"wp:term":[{"taxonomy":"category","embeddable":true,"href":"https:\/\/miradordeatarfe.es\/index.php?rest_route=%2Fwp%2Fv2%2Fcategories&post=52982"},{"taxonomy":"post_tag","embeddable":true,"href":"https:\/\/miradordeatarfe.es\/index.php?rest_route=%2Fwp%2Fv2%2Ftags&post=52982"}],"curies":[{"name":"wp","href":"https:\/\/api.w.org\/{rel}","templated":true}]}}