{"id":52986,"date":"2022-03-13T09:31:15","date_gmt":"2022-03-13T08:31:15","guid":{"rendered":"https:\/\/miradordeatarfe.es\/?p=52986"},"modified":"2022-03-12T11:34:29","modified_gmt":"2022-03-12T10:34:29","slug":"el-archivo-de-juan-carlos-i-2","status":"publish","type":"post","link":"https:\/\/miradordeatarfe.es\/?p=52986","title":{"rendered":"El archivo de Juan Carlos I"},"content":{"rendered":"<h3>El rey em\u00e9rito no se sentar\u00e1 en el banquillo, pero la Fiscal\u00eda del Supremo describe un comportamiento impropio de un jefe de Estado<\/h3>\n<p>Los decretos que hizo p\u00fablicos el mi\u00e9rcoles la Fiscal\u00eda del Supremo <a title=\"https:\/\/elpais.com\/espana\/2022-03-02\/la-fiscalia-archiva-la-investigacion-a-juan-carlos-i-pese-a-constatar-numerosas-irregularidades-fiscales.html\" href=\"http:\/\/t.newsletter.elpais.com\/r\/?id=h38af3ae5,7f2e555,48b27ed\" target=\"_blank\" rel=\"noopener noreferrer\" data-saferedirecturl=\"https:\/\/www.google.com\/url?q=http:\/\/t.newsletter.elpais.com\/r\/?id%3Dh38af3ae5,7f2e555,48b27ed&amp;source=gmail&amp;ust=1647165910177000&amp;usg=AOvVaw3tOtRwZNas6sHcyCiyjt94\"> archivan las tres investigaciones abiertas a Juan Carlos I,<\/a> pero a la vez contienen un minucioso recuento de las irregularidades fiscales cometidas por el rey em\u00e9rito. La inviolabilidad que concede la Constituci\u00f3n a cualquier acto del Rey, la prescripci\u00f3n y otras reglas b\u00e1sicas del Estado de derecho impiden procesar penalmente a Juan Carlos I y consagran una impunidad que ning\u00fan otro ciudadano podr\u00eda disfrutar en semejantes condiciones. Los hechos probados arrojan un resultado descorazonador y profundamente decepcionante al dar la raz\u00f3n a <a title=\"https:\/\/elpais.com\/noticias\/juan-carlos-i\/\" href=\"http:\/\/t.newsletter.elpais.com\/r\/?id=h38af3ae5,7f2e555,48b27ee\" target=\"_blank\" rel=\"noopener noreferrer\" data-saferedirecturl=\"https:\/\/www.google.com\/url?q=http:\/\/t.newsletter.elpais.com\/r\/?id%3Dh38af3ae5,7f2e555,48b27ee&amp;source=gmail&amp;ust=1647165910177000&amp;usg=AOvVaw3Zjc1jHs5VvW7q-Ktui446\"> lo que este peri\u00f3dico ha contado durante a\u00f1os<\/a> sobre las irregularidades contables y los fraudes a la Hacienda p\u00fablica de quien durante 39 a\u00f1os fue el jefe de Estado de Espa\u00f1a. La conducta del rey em\u00e9rito es una devastadora noticia para la democracia espa\u00f1ola por saltarse las obligaciones fiscales y actuar de forma premeditada para sortear las leyes que rigen para todos los dem\u00e1s. La imposibilidad de abrir una causa penal a\u00f1ade sal a la herida democr\u00e1tica que describen con crudeza los informes de la Fiscal\u00eda.<\/p>\n<p>Seg\u00fan la descripci\u00f3n de hechos que ha podido constatar la Fiscal\u00eda del Supremo <a title=\"https:\/\/elpais.com\/espana\/politica\/2022-03-02\/video-las-tres-investigaciones-sobre-juan-carlos-i.html\" href=\"http:\/\/t.newsletter.elpais.com\/r\/?id=h38af3ae5,7f2e555,48b27ef\" target=\"_blank\" rel=\"noopener noreferrer\" data-saferedirecturl=\"https:\/\/www.google.com\/url?q=http:\/\/t.newsletter.elpais.com\/r\/?id%3Dh38af3ae5,7f2e555,48b27ef&amp;source=gmail&amp;ust=1647165910177000&amp;usg=AOvVaw18LhgSOcQdgey_OMlGr2hu\"> durante los dos a\u00f1os de la investigaci\u00f3n,<\/a> Juan Carlos I disfrut\u00f3, hasta su abdicaci\u00f3n el 18 de junio de 2014, de <a title=\"https:\/\/elpais.com\/espana\/2022-03-02\/77-millones-en-regalos-ocultos-en-el-extranjero-que-juan-carlos-i-nunca-declaro-a-hacienda.html\" href=\"http:\/\/t.newsletter.elpais.com\/r\/?id=h38af3ae5,7f2e555,48b27f0\" target=\"_blank\" rel=\"noopener noreferrer\" data-saferedirecturl=\"https:\/\/www.google.com\/url?q=http:\/\/t.newsletter.elpais.com\/r\/?id%3Dh38af3ae5,7f2e555,48b27f0&amp;source=gmail&amp;ust=1647165910177000&amp;usg=AOvVaw3eiBPmTI9uJpoSxkccgX93\"> varias fortunas en el extranjero<\/a> que le regalaron varias personas en distintas etapas de su reinado y de las que nunca dio cuenta a la Hacienda espa\u00f1ola. Entre 1995 y 2004, se constituyeron <a title=\"https:\/\/elpais.com\/espana\/2022-03-03\/juan-carlos-i-se-salio-de-un-trust-en-jersey-porque-si-se-descubria-podria-ser-embarazoso-para-la-monarquia.html\" href=\"http:\/\/t.newsletter.elpais.com\/r\/?id=h38af3ae5,7f2e555,48b27f1\" target=\"_blank\" rel=\"noopener noreferrer\" data-saferedirecturl=\"https:\/\/www.google.com\/url?q=http:\/\/t.newsletter.elpais.com\/r\/?id%3Dh38af3ae5,7f2e555,48b27f1&amp;source=gmail&amp;ust=1647165910177000&amp;usg=AOvVaw2guvK0Gsw6Mb0BzlBmOPIW\"> dos trust en Jersey<\/a> (islas del Canal) con unos fondos de casi 15 millones de euros. El empresario y amigo del monarca Manuel Prado y Col\u00f3n de Carvajal, condenado en 2002 por apropiaci\u00f3n indebida a dos a\u00f1os de c\u00e1rcel, hab\u00eda fundado los trust de Jersey y fue quien aconsej\u00f3 a finales de 2003 a Juan Carlos I liquidar ese trust. Si se descubr\u00eda su existencia habr\u00eda que dar explicaciones y se producir\u00eda una situaci\u00f3n \u201cembarazosa\u201d, seg\u00fan consta literalmente en las diligencias de la Fiscal\u00eda. Solo cuatro a\u00f1os m\u00e1s tarde, el entonces rey de Espa\u00f1a recibi\u00f3 <a title=\"https:\/\/elpais.com\/espana\/2021-12-13\/la-fiscalia-suiza-cierra-la-investigacion-sobre-los-100-millones-que-juan-carlos-i-recibio-de-arabia-saudi.html\" href=\"http:\/\/t.newsletter.elpais.com\/r\/?id=h38af3ae5,7f2e555,48b27f2\" target=\"_blank\" rel=\"noopener noreferrer\" data-saferedirecturl=\"https:\/\/www.google.com\/url?q=http:\/\/t.newsletter.elpais.com\/r\/?id%3Dh38af3ae5,7f2e555,48b27f2&amp;source=gmail&amp;ust=1647165910177000&amp;usg=AOvVaw1rsjxMQXZ_0rA4ZQS4b-e-\"> un regalo de 100 millones de d\u00f3lares<\/a> de su \u201chermano\u201d el rey de Arabia Saud\u00ed, cuyo motivo a\u00fan se desconoce. Nuevamente, Juan Carlos I prefiri\u00f3 ocultar esa fortuna, en este caso en un banco suizo a nombre de una fundaci\u00f3n domiciliada en Panam\u00e1, llamada Lucum, de la que era principal beneficiario. Durante cuatro a\u00f1os (2008-2012) mantuvo ese dinero oculto a la Hacienda espa\u00f1ola. Cuando las autoridades bancarias suizas alertaron a Juan Carlos I del peligro de mantener esos fondos a su nombre en la entidad financiera, cerr\u00f3 la cuenta y traspas\u00f3 la fortuna a quien fue <a title=\"https:\/\/elpais.com\/noticias\/corinna-zu-sayn-wittgenstein\/\" href=\"http:\/\/t.newsletter.elpais.com\/r\/?id=h38af3ae5,7f2e555,48b27f3\" target=\"_blank\" rel=\"noopener noreferrer\" data-saferedirecturl=\"https:\/\/www.google.com\/url?q=http:\/\/t.newsletter.elpais.com\/r\/?id%3Dh38af3ae5,7f2e555,48b27f3&amp;source=gmail&amp;ust=1647165910177000&amp;usg=AOvVaw07u0nn6-rFjq6vrNPdjjXG\"> su amante durante algunos a\u00f1os, Corinna Larsen,<\/a> como una \u201cdonaci\u00f3n irrevocable\u201d.<\/p>\n<p>La Fiscal\u00eda ha llegado a la conclusi\u00f3n de que no puede perseguir los delitos cometidos por el rey em\u00e9rito. Adem\u00e1s, Juan Carlos I tuvo la habilidad de pagar deudas fiscales de los a\u00f1os en que ya no le proteg\u00eda la inviolabilidad. La Fiscal\u00eda acepta tambi\u00e9n que <a title=\"https:\/\/elpais.com\/espana\/2022-03-03\/el-aviso-que-salvo-a-juan-carlos-de-borbon-del-banquillo.html\" href=\"http:\/\/t.newsletter.elpais.com\/r\/?id=h38af3ae5,7f2e555,48b27f4\" target=\"_blank\" rel=\"noopener noreferrer\" data-saferedirecturl=\"https:\/\/www.google.com\/url?q=http:\/\/t.newsletter.elpais.com\/r\/?id%3Dh38af3ae5,7f2e555,48b27f4&amp;source=gmail&amp;ust=1647165910177000&amp;usg=AOvVaw1wX_hT2EvlxfS-EWzS3zz4\"> la regularizaci\u00f3n fue espont\u00e1nea,<\/a> aunque numerosos juristas consideran que el aviso que se traslad\u00f3 a su abogado cuando se abrieron diligencias quiebra el criterio de espontaneidad. Los entresijos t\u00e9cnicos del caso no borrar\u00e1n en la sociedad espa\u00f1ola la decepci\u00f3n ya confirmada ante una conducta impropia, ajena totalmente a los est\u00e1ndares de honorabilidad exigibles a un jefe de Estado, antes, durante y despu\u00e9s de ejercer el cargo.<\/p>\n<p>EL PAIS DEL 3 DE MARZO<\/p>\n<p>FOTO: DIARIO DE LE\u00d3N<\/p>\n<p>&nbsp;<\/p>\n","protected":false},"excerpt":{"rendered":"<p>El rey em\u00e9rito no se sentar\u00e1 en el banquillo, pero la Fiscal\u00eda del Supremo describe&#8230;<\/p>\n","protected":false},"author":1,"featured_media":52987,"comment_status":"closed","ping_status":"closed","sticky":false,"template":"","format":"standard","meta":{"_coblocks_attr":"","_coblocks_dimensions":"","_coblocks_responsive_height":"","_coblocks_accordion_ie_support":"","jetpack_post_was_ever_published":false,"_jetpack_newsletter_access":"","_jetpack_dont_email_post_to_subs":false,"_jetpack_newsletter_tier_id":0,"_jetpack_memberships_contains_paywalled_content":false,"_jetpack_memberships_contains_paid_content":false,"footnotes":"","jetpack_publicize_message":"","jetpack_publicize_feature_enabled":true,"jetpack_social_post_already_shared":true,"jetpack_social_options":{"image_generator_settings":{"template":"highway","default_image_id":0,"enabled":false},"version":2}},"categories":[1161,44,7671,6937,15],"tags":[9040,9039],"class_list":["post-52986","post","type-post","status-publish","format-standard","has-post-thumbnail","hentry","category-ciudadania","category-noticias-de-hoy","category-politica","category-sociedad","category-ultimas-noticias","tag-emerito","tag-juancarlos-i"],"jetpack_publicize_connections":[],"jetpack_featured_media_url":"https:\/\/i0.wp.com\/miradordeatarfe.es\/wp-content\/uploads\/2022\/03\/2022030219133150327.jpg?fit=705%2C397&ssl=1","jetpack_likes_enabled":true,"jetpack_sharing_enabled":true,"_links":{"self":[{"href":"https:\/\/miradordeatarfe.es\/index.php?rest_route=\/wp\/v2\/posts\/52986","targetHints":{"allow":["GET"]}}],"collection":[{"href":"https:\/\/miradordeatarfe.es\/index.php?rest_route=\/wp\/v2\/posts"}],"about":[{"href":"https:\/\/miradordeatarfe.es\/index.php?rest_route=\/wp\/v2\/types\/post"}],"author":[{"embeddable":true,"href":"https:\/\/miradordeatarfe.es\/index.php?rest_route=\/wp\/v2\/users\/1"}],"replies":[{"embeddable":true,"href":"https:\/\/miradordeatarfe.es\/index.php?rest_route=%2Fwp%2Fv2%2Fcomments&post=52986"}],"version-history":[{"count":1,"href":"https:\/\/miradordeatarfe.es\/index.php?rest_route=\/wp\/v2\/posts\/52986\/revisions"}],"predecessor-version":[{"id":52988,"href":"https:\/\/miradordeatarfe.es\/index.php?rest_route=\/wp\/v2\/posts\/52986\/revisions\/52988"}],"wp:featuredmedia":[{"embeddable":true,"href":"https:\/\/miradordeatarfe.es\/index.php?rest_route=\/wp\/v2\/media\/52987"}],"wp:attachment":[{"href":"https:\/\/miradordeatarfe.es\/index.php?rest_route=%2Fwp%2Fv2%2Fmedia&parent=52986"}],"wp:term":[{"taxonomy":"category","embeddable":true,"href":"https:\/\/miradordeatarfe.es\/index.php?rest_route=%2Fwp%2Fv2%2Fcategories&post=52986"},{"taxonomy":"post_tag","embeddable":true,"href":"https:\/\/miradordeatarfe.es\/index.php?rest_route=%2Fwp%2Fv2%2Ftags&post=52986"}],"curies":[{"name":"wp","href":"https:\/\/api.w.org\/{rel}","templated":true}]}}