{"id":52989,"date":"2022-03-15T09:35:34","date_gmt":"2022-03-15T08:35:34","guid":{"rendered":"https:\/\/miradordeatarfe.es\/?p=52989"},"modified":"2022-03-12T11:40:17","modified_gmt":"2022-03-12T10:40:17","slug":"juan-luis-arsuaga-y-juan-jose-millas-coquetean-con-la-muerte","status":"publish","type":"post","link":"https:\/\/miradordeatarfe.es\/?p=52989","title":{"rendered":"Juan Luis Arsuaga y Juan Jos\u00e9 Millas coquetean con la muerte"},"content":{"rendered":"<h3>El paleoantr\u00f3pologo y el escritor han presentado el libro\u00a0<em>La muerte contada por un sapiens a un neandertal\u00a0 <\/em>\u201cLos \u00fanicos que evolucionan, cambian y mueren son los organismos\u201d y\u00a0 \u201cel carpe diem es la conclusi\u00f3n\u00bb<\/h3>\n<p>iempre he pensado que con la muerte hay que coquetear\u201d, ha se\u00f1alado el escritor\u00a0<strong>Juan Jos\u00e9 Millas<\/strong>\u00a0en\u00a0<em>De pe a pa<\/em>. A pesar que hay gente que pueda se\u00f1alar que no hay que hablar de la muerte, \u00e9l cree que s\u00ed que hay hacerlo. De hecho es lo que se han propuesto \u00e9l y el paleoantrop\u00f3logo\u00a0<strong>Juan Luis Arsuaga<\/strong>\u00a0en el libro\u00a0<em>La muerte contada por un sapiens a un neandertal<\/em>. Estaban en una cena y Arsuaga le dijo a Mill\u00e1s: \u201c\u00bfTe gustar\u00eda saber los a\u00f1os que te quedan de vida?\u201d. Ten\u00eda en el m\u00f3vil una aplicaci\u00f3n que \u201clo dice\u201d y respondi\u00f3 \u201cpues s\u00ed\u201d.<\/p>\n<p>\u201cDe ah\u00ed justamente arranc\u00f3 todo, porque adem\u00e1s yo ya estaba en esa \u00e9poca en una situaci\u00f3n un poco de desprendimiento del yo, que es un proyecto que tengo y a ver si lo consigo antes de morirme. Si consigues desprenderte del yo,\u00a0<strong>la muerte es una tonter\u00eda que incluso tiene gracia<\/strong>, porque realmente la muerte no existe. No existe porque porque te transformas y te cambia, lo que lloramos en la muerte es la muerte del yo, pero el yo es un accidente gramatical, es un pronombre personal y el mundo est\u00e1 lleno de yoes. Uno m\u00e1s no a\u00f1ade nada\u201d, ha a\u00f1adido el escritor.<\/p>\n<div class=\"section\">\n<h3><span class=\"ladillo\">Morirse desde dentro<\/span><\/h3>\n<p>\u201cLo que le interesa al bi\u00f3logo es por qu\u00e9 existe, curiosamente, lo que se llama muerte natural, porque\u00a0<strong>las muertes no naturales son f\u00e1ciles de entender<\/strong>. Son accidentes, fuerzas ajenas a nosotros, competidores o par\u00e1sitos\u201d, ha destacado el paleoantrop\u00f3logo. \u201cDurante la primera parte de nuestra vida, cuando somos j\u00f3venes pr\u00e1cticamente la inmensa mayor\u00eda de los j\u00f3venes, incluso en edades intermedias y durante la madurez, las causas de muerte son todas extr\u00ednsecas, externas. No hay muertes naturales. \u00bfQu\u00e9 le ha pasado?, decimos\u201d.<\/p>\n<p>\u201cA partir de esa edad persisten y contin\u00faan esas causas de muerte accidentales, pero de pronto\u00a0<strong>nos morimos desde dentro, es decir, aparece lo que se llama t\u00e9cnicamente las enfermedades cr\u00f3nicas<\/strong>. Nuestro cuerpo empieza a desarrollar enfermedades que antes no se desarrollaban. Eso es fascinante para un bi\u00f3logo\u201d.<\/p>\n<p>\u201cTenemos poco incorporada la muerte en la vida cotidiana\u201d, ha se\u00f1alado Juan Jos\u00e9 Millas. \u201cCuando se muere alguien joven, dices &#8216;\u00bfQu\u00e9 ha pasado?&#8217;, porque es extra\u00f1o. Pero eso ya est\u00e1 ocurriendo tambi\u00e9n con las personas mayores\u201d. \u201cDices \u2018algo habr\u00e1 hecho, fumaba o beb\u00eda\u2019.<\/p>\n<\/div>\n<div class=\"section\">\n<h3><span class=\"ladillo\">Enfermedades mixtas<\/span><\/h3>\n<p>Arsuaga ha destacado que las enfermedades cr\u00f3nicas principales son el c\u00e1ncer y \u201ca partir de determinada edad todas son enfermedades de la vejez o bien enfermedades pulmonares, cardiovasculares o renales. Algunas son enfermedades de dentro a fuera, pero que tienen que ver con nuestros h\u00e1bitos como la diabetes tipo 2. Ser\u00eda un poco mixto\u201d.<\/p>\n<\/div>\n<div class=\"section\">\n<h3><span class=\"ladillo\">La eternidad existe<\/span><\/h3>\n<p>Para las especies biol\u00f3gicas \u201clo \u00fanico que existe es el presente\u201d, pero no \u201cpara una especie mineral\u201d, ha explicado Arsuaga. \u201c<strong>La eternidad claro que existe<\/strong>, todos los minerales son eternos, es decir, apenas cambia\u201d. \u201cLos \u00fanicos que evolucionan, cambian y mueren son los organismos\u201d. \u201cEl carpe diem es la conclusi\u00f3n de toda esta reflexi\u00f3n: disfruta cada d\u00eda como si fuera el \u00faltimo\u201d.<\/p>\n<\/div>\n<div class=\"section\">\n<h3><span class=\"ladillo\">Sin libertad y con una enfermedad<\/span><\/h3>\n<p>\u201cUn animal salvaje criado en el zoo, por ejemplo, vive\u00a0<strong>m\u00e1s all\u00e1 de lo que vivir\u00eda en la naturaleza<\/strong>, desarrolla las mismas enfermedades cr\u00f3nicas que desarrollamos los seres humanos cuando vivimos m\u00e1s\u201d, ha contado el paleoantrop\u00f3logo. \u201cA lo mejor ha nacido en libertad, es decir, que en su genealog\u00eda ning\u00fan antepasado nunca hab\u00eda vivido hasta esas edades. Son los primeros que viven m\u00e1s all\u00e1 de su fecha de caducidad\u201d.<\/p>\n<\/div>\n<div class=\"section\">\n<h3><span class=\"ladillo\">Los genes, lo que queda<\/span><\/h3>\n<p>\u201cLa transmisi\u00f3n de los genes requiere que uno est\u00e9 vivo, que alcance la edad reproductiva.\u00a0<strong>Los genes son lo \u00fanico que queda de nosotros<\/strong>. Lo \u00fanico que queda de los seres vivos son las copias de los genes que se transmiten a la siguiente generaci\u00f3n a trav\u00e9s de la reproducci\u00f3n, hasta el punto de que d\u00e1ndole un poco la vuelta y exagerando se ha llegado a decir que en realidad el cuerpo no es nada m\u00e1s que una c\u00e1scara, un veh\u00edculo del que se sirven los genes para perpetuarse\u201d, ha explicado Arsuaga.<\/p>\n<\/div>\n","protected":false},"excerpt":{"rendered":"<p>El paleoantr\u00f3pologo y el escritor han presentado el libro\u00a0La muerte contada por un sapiens a&#8230;<\/p>\n","protected":false},"author":1,"featured_media":52990,"comment_status":"closed","ping_status":"closed","sticky":false,"template":"","format":"standard","meta":{"_coblocks_attr":"","_coblocks_dimensions":"","_coblocks_responsive_height":"","_coblocks_accordion_ie_support":"","jetpack_post_was_ever_published":false,"_jetpack_newsletter_access":"","_jetpack_dont_email_post_to_subs":false,"_jetpack_newsletter_tier_id":0,"_jetpack_memberships_contains_paywalled_content":false,"_jetpack_memberships_contains_paid_content":false,"footnotes":"","jetpack_publicize_message":"","jetpack_publicize_feature_enabled":true,"jetpack_social_post_already_shared":true,"jetpack_social_options":{"image_generator_settings":{"template":"highway","default_image_id":0,"enabled":false},"version":2}},"categories":[1161,44,6937,15],"tags":[820,9041],"class_list":["post-52989","post","type-post","status-publish","format-standard","has-post-thumbnail","hentry","category-ciudadania","category-noticias-de-hoy","category-sociedad","category-ultimas-noticias","tag-muerte","tag-seres-vivos"],"jetpack_publicize_connections":[],"jetpack_featured_media_url":"https:\/\/i0.wp.com\/miradordeatarfe.es\/wp-content\/uploads\/2022\/03\/img2.rtve_.es_.jpg?fit=1600%2C900&ssl=1","jetpack_likes_enabled":true,"jetpack_sharing_enabled":true,"_links":{"self":[{"href":"https:\/\/miradordeatarfe.es\/index.php?rest_route=\/wp\/v2\/posts\/52989","targetHints":{"allow":["GET"]}}],"collection":[{"href":"https:\/\/miradordeatarfe.es\/index.php?rest_route=\/wp\/v2\/posts"}],"about":[{"href":"https:\/\/miradordeatarfe.es\/index.php?rest_route=\/wp\/v2\/types\/post"}],"author":[{"embeddable":true,"href":"https:\/\/miradordeatarfe.es\/index.php?rest_route=\/wp\/v2\/users\/1"}],"replies":[{"embeddable":true,"href":"https:\/\/miradordeatarfe.es\/index.php?rest_route=%2Fwp%2Fv2%2Fcomments&post=52989"}],"version-history":[{"count":1,"href":"https:\/\/miradordeatarfe.es\/index.php?rest_route=\/wp\/v2\/posts\/52989\/revisions"}],"predecessor-version":[{"id":52991,"href":"https:\/\/miradordeatarfe.es\/index.php?rest_route=\/wp\/v2\/posts\/52989\/revisions\/52991"}],"wp:featuredmedia":[{"embeddable":true,"href":"https:\/\/miradordeatarfe.es\/index.php?rest_route=\/wp\/v2\/media\/52990"}],"wp:attachment":[{"href":"https:\/\/miradordeatarfe.es\/index.php?rest_route=%2Fwp%2Fv2%2Fmedia&parent=52989"}],"wp:term":[{"taxonomy":"category","embeddable":true,"href":"https:\/\/miradordeatarfe.es\/index.php?rest_route=%2Fwp%2Fv2%2Fcategories&post=52989"},{"taxonomy":"post_tag","embeddable":true,"href":"https:\/\/miradordeatarfe.es\/index.php?rest_route=%2Fwp%2Fv2%2Ftags&post=52989"}],"curies":[{"name":"wp","href":"https:\/\/api.w.org\/{rel}","templated":true}]}}