{"id":53013,"date":"2022-03-18T10:49:35","date_gmt":"2022-03-18T09:49:35","guid":{"rendered":"https:\/\/miradordeatarfe.es\/?p=53013"},"modified":"2022-03-16T20:41:16","modified_gmt":"2022-03-16T19:41:16","slug":"francisco-rodriguez-quesada-lirios-para-la-paz-en-el-ies-alhambra","status":"publish","type":"post","link":"https:\/\/miradordeatarfe.es\/?p=53013","title":{"rendered":"Francisco Rodr\u00edguez Quesada: \u00abLirios para la paz en el IES Alhambra\u00bb"},"content":{"rendered":"<h3 style=\"text-align: justify;\"><em> Adolescentes avanzando en la conquista de los <strong>Objetivos del Desarrollo Sostenible (ODS).<\/strong><\/em><span id=\"more-59875\"><\/span><\/h3>\n<p style=\"text-align: justify;\">Hemos superado la mitad del curso acad\u00e9mico 2021\/22 y el Programa Aldea del IES Alhambra sigue ejecut\u00e1ndose a distintos niveles. Diversas asignaturas van realizando sus propuestas curriculares de formaci\u00f3n en la competencia Ecosocial. El AMPA \u2018Torres Bermejas\u2019\u00a0 igualmente comprometida en la vida del centro, fomenta el consumo de fruta en los recreos y recientemente ha promovido una recolecta solidaria de productos diversos para Ucrania.<\/p>\n<p style=\"text-align: justify;\"><img data-recalc-dims=\"1\" loading=\"lazy\" decoding=\"async\" class=\" wp-image-59876 alignleft\" src=\"https:\/\/i0.wp.com\/static-ms.ideal.es\/wp-content\/uploads\/sites\/17\/2022\/03\/Campa%C3%B1a-Ucrania.jpg?resize=396%2C303&#038;ssl=1\" sizes=\"auto, (max-width: 650px) 100vw, 650px\" srcset=\"https:\/\/static-ms.ideal.es\/wp-content\/uploads\/sites\/17\/2022\/03\/Campa\u00f1a-Ucrania.jpg 650w, \/wp-content\/uploads\/sites\/17\/2022\/03\/Campa\u00f1a-Ucrania-300x229.jpg 300w\" alt=\"\" width=\"396\" height=\"303\" \/><\/p>\n<p style=\"text-align: justify;\"><em><strong>Campa\u00f1a solidaria con Ucrania<\/strong><\/em><\/p>\n<p style=\"text-align: justify;\">Se empieza a consolidar un <strong>Grupo de Voluntariado Ambiental<\/strong> entre el alumnado, para colaborar en la ejecuci\u00f3n de los <strong>proyectos de Ecohuerto, Recapacicla y Eficiencia Energ\u00e9tica.<\/strong> Gracias al apoyo de la Direcci\u00f3n del centro, el personal de conserjer\u00eda y limpieza se implementan mejoras que aportan m\u00e1s sostenibilidad ambiental en el instituto.<\/p>\n<p style=\"text-align: justify;\">Una nueva iniciativa se ha puesto en marcha:<strong> acercar la naturaleza a las aulas,<\/strong> cada clase se responsabiliza de una maceta (por cierto en algunas clases le han puesto nombre como si fuera una mascota), concretamente<strong> la variedad Espatifilio o Lirio de la paz.<\/strong> Son plantas para principiantes en jardiner\u00eda, que transmiten tranquilidad, y seg\u00fan ciertas investigaciones de la NASA contribuyen a la purificaci\u00f3n del aire.<\/p>\n<p style=\"text-align: justify;\">Especial simbolismo en los tiempos de guerra que vivimos, para potenciar la solidaridad con el sufrimiento de la ciudadan\u00eda ucraniana. El Grupo de Voluntariado recientemente creado ha recorrido las clases explicando a sus compa\u00f1eras y compa\u00f1eros los proyectos del <strong>Programa Aldea<\/strong>, animando a participar, as\u00ed como la corresponsabilidad de todos los miembros de la comunidad escolar en la defensa de los <strong>Objetivos del Desarrollo Sostenible (ODS)<\/strong>, especialmente la Paz, la Igualdad y el respeto a la Naturaleza, obsequi\u00e1ndoles con una maceta, siendo esta recibida con agradecimiento por sus compa\u00f1eros.<\/p>\n<figure id=\"attachment_59877\" class=\"wp-caption alignright\" style=\"text-align: justify; width: 393px;\" aria-describedby=\"caption-attachment-59877\"><img data-recalc-dims=\"1\" loading=\"lazy\" decoding=\"async\" class=\" wp-image-59877\" src=\"https:\/\/i0.wp.com\/static-ms.ideal.es\/wp-content\/uploads\/sites\/17\/2022\/03\/Informaci%C3%B3n-clases.jpg?resize=393%2C272&#038;ssl=1\" sizes=\"auto, (max-width: 650px) 100vw, 650px\" srcset=\"https:\/\/static-ms.ideal.es\/wp-content\/uploads\/sites\/17\/2022\/03\/Informaci\u00f3n-clases.jpg 650w, \/wp-content\/uploads\/sites\/17\/2022\/03\/Informaci\u00f3n-clases-300x208.jpg 300w, \/wp-content\/uploads\/sites\/17\/2022\/03\/Informaci\u00f3n-clases-392x272.jpg 392w, \/wp-content\/uploads\/sites\/17\/2022\/03\/Informaci\u00f3n-clases-130x90.jpg 130w\" alt=\"\" width=\"393\" height=\"272\" \/><figcaption id=\"caption-attachment-59877\" class=\"wp-caption-text\"><em><strong>El Grupo de Voluntariado explica a sus compa\u00f1eras y compa\u00f1eros los proyectos del Programa Aldea<\/strong><\/em><\/figcaption><\/figure>\n<p style=\"text-align: justify;\">Cada clase por medio del Departamento de orientaci\u00f3n y las tutor\u00edas han nombrado una persona responsable de eficiencia energ\u00e9tica para evitar el despilfarro de energ\u00eda el\u00e9ctrica, otra del seguimiento de contendores de reciclaje, otra del riego de la maceta, orden\u2026 El personal de limpieza rellenar\u00e1 una plantilla por clase evaluando el estado de cada aula al final de la jornada. Dicha informaci\u00f3n ser\u00e1 analizada por el Coordinador Aldea y la Jefatura de Estudios, con el fin de reconocer a quienes cuidan su entorno y corregir a quienes lo descuidan, todo sea por el desarrollo de la Competencia Ecosocial de nuestra juventud.<\/p>\n<p style=\"text-align: justify;\"><strong>Francisco Rodr\u00edguez Quesada<\/strong><br \/>\n<strong>Coordinador Aldea<\/strong><\/p>\n","protected":false},"excerpt":{"rendered":"<p>Adolescentes avanzando en la conquista de los Objetivos del Desarrollo Sostenible (ODS). Hemos superado la&#8230;<\/p>\n","protected":false},"author":1,"featured_media":53014,"comment_status":"closed","ping_status":"closed","sticky":false,"template":"","format":"standard","meta":{"_coblocks_attr":"","_coblocks_dimensions":"","_coblocks_responsive_height":"","_coblocks_accordion_ie_support":"","jetpack_post_was_ever_published":false,"_jetpack_newsletter_access":"","_jetpack_dont_email_post_to_subs":false,"_jetpack_newsletter_tier_id":0,"_jetpack_memberships_contains_paywalled_content":false,"_jetpack_memberships_contains_paid_content":false,"footnotes":"","jetpack_publicize_message":"","jetpack_publicize_feature_enabled":true,"jetpack_social_post_already_shared":true,"jetpack_social_options":{"image_generator_settings":{"template":"highway","default_image_id":0,"enabled":false},"version":2}},"categories":[7725,1161,44,6937,15],"tags":[9052,5668],"class_list":["post-53013","post","type-post","status-publish","format-standard","has-post-thumbnail","hentry","category-atarfe-sostenible","category-ciudadania","category-noticias-de-hoy","category-sociedad","category-ultimas-noticias","tag-ies-alhambra","tag-la-paz"],"jetpack_publicize_connections":[],"jetpack_featured_media_url":"https:\/\/i0.wp.com\/miradordeatarfe.es\/wp-content\/uploads\/2022\/03\/Plantando-Espatifilos-650x445-1.jpg?fit=650%2C445&ssl=1","jetpack_likes_enabled":true,"jetpack_sharing_enabled":true,"_links":{"self":[{"href":"https:\/\/miradordeatarfe.es\/index.php?rest_route=\/wp\/v2\/posts\/53013","targetHints":{"allow":["GET"]}}],"collection":[{"href":"https:\/\/miradordeatarfe.es\/index.php?rest_route=\/wp\/v2\/posts"}],"about":[{"href":"https:\/\/miradordeatarfe.es\/index.php?rest_route=\/wp\/v2\/types\/post"}],"author":[{"embeddable":true,"href":"https:\/\/miradordeatarfe.es\/index.php?rest_route=\/wp\/v2\/users\/1"}],"replies":[{"embeddable":true,"href":"https:\/\/miradordeatarfe.es\/index.php?rest_route=%2Fwp%2Fv2%2Fcomments&post=53013"}],"version-history":[{"count":2,"href":"https:\/\/miradordeatarfe.es\/index.php?rest_route=\/wp\/v2\/posts\/53013\/revisions"}],"predecessor-version":[{"id":53016,"href":"https:\/\/miradordeatarfe.es\/index.php?rest_route=\/wp\/v2\/posts\/53013\/revisions\/53016"}],"wp:featuredmedia":[{"embeddable":true,"href":"https:\/\/miradordeatarfe.es\/index.php?rest_route=\/wp\/v2\/media\/53014"}],"wp:attachment":[{"href":"https:\/\/miradordeatarfe.es\/index.php?rest_route=%2Fwp%2Fv2%2Fmedia&parent=53013"}],"wp:term":[{"taxonomy":"category","embeddable":true,"href":"https:\/\/miradordeatarfe.es\/index.php?rest_route=%2Fwp%2Fv2%2Fcategories&post=53013"},{"taxonomy":"post_tag","embeddable":true,"href":"https:\/\/miradordeatarfe.es\/index.php?rest_route=%2Fwp%2Fv2%2Ftags&post=53013"}],"curies":[{"name":"wp","href":"https:\/\/api.w.org\/{rel}","templated":true}]}}