{"id":53031,"date":"2022-03-15T13:39:33","date_gmt":"2022-03-15T12:39:33","guid":{"rendered":"https:\/\/miradordeatarfe.es\/?p=53031"},"modified":"2023-10-21T10:31:37","modified_gmt":"2023-10-21T08:31:37","slug":"jornada-participacion-ciudadana-yacimiento-arqueologico-de-medina-elvira","status":"publish","type":"post","link":"https:\/\/miradordeatarfe.es\/?p=53031","title":{"rendered":"Jornada Participaci\u00f3n Ciudadana \u00abYacimiento arqueol\u00f3gico de Medina Elvira\u00bb"},"content":{"rendered":"<p><strong>I JORNADA DE PARTICIPACI\u00d3N CIUDADANA. YACIMIENTO<br \/>\nARQUEOL\u00d3GICO DE MEDINA ELVIRA<\/p>\n<p>14 de mayo de 2019<br \/>\n16:00-20:00<br \/>\nCentro Cultural Medina Elvira (Atarfe)<br \/>\nEntrada libre hasta completar aforo<\/strong><\/p>\n<p>Jornada dirigida a revalorizar, divulgar y conectar el yacimiento a trav\u00e9s de la creaci\u00f3n de redes, fomento de la cooperaci\u00f3n y sensibilizaci\u00f3n de su riqueza patrimonial<\/p>\n<p>Con la invervenci\u00f3n de: Ayuntamiento de Atarfe; Delegaci\u00f3n Territorial de Fomento, Infraestructuras, Ordenaci\u00f3n del Territorio, Cultura y Parimonio Hist\u00f3rico en Granada; Investigadores; Equipo redactor del Plan<\/p>\n<p><strong>Objetivos<\/strong><br \/>\n* Informar sobre actuaciones realizadas en el yacimiento<br \/>\n* Sensibilizar sobre la riqueza patrimonial de Medina Elvira<br \/>\n* Generar propuestas para la dinamizaci\u00f3n del yacimiento<br \/>\n* Fomentar la cooperaci\u00f3n multilateral de todos los agentes necesarios para proteger, conservar y difundir el yacimiento<br \/>\n* Crear redes de colaboraci\u00f3n para la gesti\u00f3n y el desarrollo de Medina Elvira<\/p>\n<p><strong>Programa<\/strong><\/p>\n<p>16:00 Recepci\u00f3n de participantes<\/p>\n<p>16:30 Acto inaugural. Ayuntamiento de Atarfe<\/p>\n<p>16:45. Conferencia \u00abUna apuesta por el futuro conociendo el pasado\u00bb Antonio Malpica Cuello, Catedr\u00e1tico de Historia Medieval de la Universidad de Granada<\/p>\n<p>17:20 Charlas t\u00e9cnicas<br \/>\n<em>&#8211; Investigaci\u00f3n. <\/em><br \/>\n\u00abActuaciones pasadas y propuestas de futuro\u00bb. Guillermo Garc\u00eda-Contreras Ruiz. Proyecto Medina Elvira. Universidad de Granada<br \/>\n<em>&#8211; Protecci\u00f3n. <\/em><br \/>\n\u00abGesti\u00f3n y acciones desde la Administraci\u00f3n P\u00fablica\u00bb Juan Ca\u00f1avate Toribio. Arque\u00f3logo de la Delegaci\u00f3n Territorial de Cultura en Granada<br \/>\n\u00abSituaci\u00f3n y propuestas desde el \u00e1mbito local\u00bb Pablo Montes Medialdea. Arquitecto del equipo redactor del Plan Director<br \/>\n<em>&#8211; Conservaci\u00f3n y musealizaci\u00f3n<\/em><br \/>\n\u00abEstado acual y propuestas\u00bb Inmaculada Raya y Jos\u00e9 Javier \u00c1lvares. Arque\u00f3logos del equipo redactor del Plan Director<br \/>\n\u00abYacimiento y realidad virtual\u00bb Juan Carlos Torres Cantero. Catedr\u00e1tico del Departamento de Lenguajes y Sistemas Inform\u00e1ticos de la Universidad de Granada<br \/>\n<em>&#8211; Comunicaci\u00f3n y difusi\u00f3n<\/em><br \/>\n\u00abEstado actual y propuestas\u00bb. Lu\u00eds Do\u00f1a Toledo. Profesor del Departamento de Comercializaci\u00f3n e Investigaci\u00f3n de Mercados de la Universidad de Granada y miembro del equipo redactor del Plan Director<\/p>\n<p>19:15 Participaci\u00f3n de asistentes. Encuesta<\/p>\n<p>19:40 Conclusiones<\/p>\n<p>&nbsp;<\/p>\n<p><a href=\"https:\/\/i0.wp.com\/miradordeatarfe.es\/wp-content\/uploads\/2022\/03\/Not19PlanMedina1G.png?ssl=1\"><img data-recalc-dims=\"1\" loading=\"lazy\" decoding=\"async\" class=\"alignnone wp-image-64224 size-full\" src=\"https:\/\/i0.wp.com\/miradordeatarfe.es\/wp-content\/uploads\/2022\/03\/Not19PlanMedina1G.png?resize=640%2C906&#038;ssl=1\" alt=\"\" width=\"640\" height=\"906\" srcset=\"https:\/\/i0.wp.com\/miradordeatarfe.es\/wp-content\/uploads\/2022\/03\/Not19PlanMedina1G.png?w=834&amp;ssl=1 834w, https:\/\/i0.wp.com\/miradordeatarfe.es\/wp-content\/uploads\/2022\/03\/Not19PlanMedina1G.png?resize=212%2C300&amp;ssl=1 212w, https:\/\/i0.wp.com\/miradordeatarfe.es\/wp-content\/uploads\/2022\/03\/Not19PlanMedina1G.png?resize=724%2C1024&amp;ssl=1 724w, https:\/\/i0.wp.com\/miradordeatarfe.es\/wp-content\/uploads\/2022\/03\/Not19PlanMedina1G.png?resize=768%2C1087&amp;ssl=1 768w\" sizes=\"auto, (max-width: 640px) 100vw, 640px\" \/><\/a><\/p>\n","protected":false},"excerpt":{"rendered":"<p>I JORNADA DE PARTICIPACI\u00d3N CIUDADANA. YACIMIENTO ARQUEOL\u00d3GICO DE MEDINA ELVIRA 14 de mayo de 2019&#8230;<\/p>\n","protected":false},"author":1,"featured_media":64225,"comment_status":"closed","ping_status":"closed","sticky":false,"template":"","format":"standard","meta":{"_coblocks_attr":"","_coblocks_dimensions":"","_coblocks_responsive_height":"","_coblocks_accordion_ie_support":"","jetpack_post_was_ever_published":false,"_jetpack_newsletter_access":"","_jetpack_dont_email_post_to_subs":false,"_jetpack_newsletter_tier_id":0,"_jetpack_memberships_contains_paywalled_content":false,"_jetpack_memberships_contains_paid_content":false,"footnotes":"","jetpack_publicize_message":"","jetpack_publicize_feature_enabled":true,"jetpack_social_post_already_shared":true,"jetpack_social_options":{"image_generator_settings":{"template":"highway","default_image_id":0,"enabled":false},"version":2}},"categories":[12,6916,1161,5359,10431],"tags":[],"class_list":["post-53031","post","type-post","status-publish","format-standard","has-post-thumbnail","hentry","category-cultura","category-ayuntamiento-de-atarfe","category-ciudadania","category-madinat-ilbira","category-medina-elvira-2"],"jetpack_publicize_connections":[],"jetpack_featured_media_url":"https:\/\/i0.wp.com\/miradordeatarfe.es\/wp-content\/uploads\/2022\/03\/Not19PlanMedina1G-2.png?fit=787%2C372&ssl=1","jetpack_likes_enabled":true,"jetpack_sharing_enabled":true,"_links":{"self":[{"href":"https:\/\/miradordeatarfe.es\/index.php?rest_route=\/wp\/v2\/posts\/53031","targetHints":{"allow":["GET"]}}],"collection":[{"href":"https:\/\/miradordeatarfe.es\/index.php?rest_route=\/wp\/v2\/posts"}],"about":[{"href":"https:\/\/miradordeatarfe.es\/index.php?rest_route=\/wp\/v2\/types\/post"}],"author":[{"embeddable":true,"href":"https:\/\/miradordeatarfe.es\/index.php?rest_route=\/wp\/v2\/users\/1"}],"replies":[{"embeddable":true,"href":"https:\/\/miradordeatarfe.es\/index.php?rest_route=%2Fwp%2Fv2%2Fcomments&post=53031"}],"version-history":[{"count":4,"href":"https:\/\/miradordeatarfe.es\/index.php?rest_route=\/wp\/v2\/posts\/53031\/revisions"}],"predecessor-version":[{"id":64226,"href":"https:\/\/miradordeatarfe.es\/index.php?rest_route=\/wp\/v2\/posts\/53031\/revisions\/64226"}],"wp:featuredmedia":[{"embeddable":true,"href":"https:\/\/miradordeatarfe.es\/index.php?rest_route=\/wp\/v2\/media\/64225"}],"wp:attachment":[{"href":"https:\/\/miradordeatarfe.es\/index.php?rest_route=%2Fwp%2Fv2%2Fmedia&parent=53031"}],"wp:term":[{"taxonomy":"category","embeddable":true,"href":"https:\/\/miradordeatarfe.es\/index.php?rest_route=%2Fwp%2Fv2%2Fcategories&post=53031"},{"taxonomy":"post_tag","embeddable":true,"href":"https:\/\/miradordeatarfe.es\/index.php?rest_route=%2Fwp%2Fv2%2Ftags&post=53031"}],"curies":[{"name":"wp","href":"https:\/\/api.w.org\/{rel}","templated":true}]}}