{"id":53039,"date":"2022-03-17T11:23:49","date_gmt":"2022-03-17T10:23:49","guid":{"rendered":"https:\/\/miradordeatarfe.es\/?p=53039"},"modified":"2022-03-16T19:41:23","modified_gmt":"2022-03-16T18:41:23","slug":"un-matrimonio-entregado-a-la-asociacion-granadina-de-afectados-de-ela","status":"publish","type":"post","link":"https:\/\/miradordeatarfe.es\/?p=53039","title":{"rendered":"UN MATRIMONIO ENTREGADO A LA ASOCIACI\u00d3N GRANADINA DE AFECTADOS DE ELA"},"content":{"rendered":"<div id=\":lr\" class=\"a3s aiL \">\n<div dir=\"auto\">\n<div dir=\"auto\" style=\"text-align: justify;\"><strong>Mar\u00eda Jos\u00e9 escribi\u00f3 dos libros: uno de recetas y otro de cuentos. Hemos puesto los dos a la venta en Oferplan IDEAL y todo lo recaudado ser\u00e1 tambi\u00e9n para Asociaci\u00f3n Granadina Afectados de ELA.<\/strong><\/div>\n<\/div>\n<div dir=\"auto\" style=\"text-align: justify;\">\n<p>Con motivo del lanzamiento en IDEAL on+ del documental <a href=\"https:\/\/www.ideal.es\/granada\/dela-mano-capitulo-uno-corto-mano-20220306095712-nt.html\" target=\"_blank\" rel=\"noopener\">&#8216;De la mano&#8217;<\/a>, este mes te ofrecemos en Oferplan la oportunidad de adquirir el libro \u00abCuentos escritos desde el coraz\u00f3n\u00bb escrito por M\u00aa Jos\u00e9 D\u00edaz, la granadina con ELA que nos ense\u00f1\u00f3 a exprimir la vida.\u00a0<\/p>\n<p><strong>El importe \u00edntegro recaudado por su venta ser\u00e1 donado a AGRAELA, la asociaci\u00f3n granadina para familias, cuidadores y personas aquejadas de ELA.<\/strong><\/p>\n<p><a href=\"https:\/\/i0.wp.com\/miradordeatarfe.es\/wp-content\/uploads\/2022\/03\/Foto_Principal_Agraela.jpg?ssl=1\"><img data-recalc-dims=\"1\" loading=\"lazy\" decoding=\"async\" class=\"wp-image-53041 size-full aligncenter\" src=\"https:\/\/i0.wp.com\/miradordeatarfe.es\/wp-content\/uploads\/2022\/03\/Foto_Principal_Agraela.jpg?resize=377%2C533&#038;ssl=1\" alt=\"\" width=\"377\" height=\"533\" srcset=\"https:\/\/i0.wp.com\/miradordeatarfe.es\/wp-content\/uploads\/2022\/03\/Foto_Principal_Agraela.jpg?w=377&amp;ssl=1 377w, https:\/\/i0.wp.com\/miradordeatarfe.es\/wp-content\/uploads\/2022\/03\/Foto_Principal_Agraela.jpg?resize=212%2C300&amp;ssl=1 212w\" sizes=\"auto, (max-width: 377px) 100vw, 377px\" \/><\/a><\/p>\n<\/div>\n<div dir=\"auto\" style=\"text-align: justify;\">\n<div dir=\"auto\"><img data-recalc-dims=\"1\" decoding=\"async\" class=\"an1\" src=\"https:\/\/i0.wp.com\/fonts.gstatic.com\/s\/e\/notoemoji\/14.0\/1f4d5\/32.png?w=640&#038;ssl=1\" alt=\"\" data-emoji=\"\" aria-label=\"\" \/>Cuentos desde el coraz\u00f3n: <a href=\"https:\/\/oferplan.ideal.es\/ofertas-descuentos\/cuentos-escritos-desde-el-corazon-asociacion-granadina-de-afectados-por-ela-17862.html\" target=\"_blank\" rel=\"noopener\" data-saferedirecturl=\"https:\/\/www.google.com\/url?q=https:\/\/oferplan.ideal.es\/ofertas-descuentos\/cuentos-escritos-desde-el-corazon-asociacion-granadina-de-afectados-por-ela-17862.html&amp;source=gmail&amp;ust=1647541399614000&amp;usg=AOvVaw3yUZxrrVuGt__UhEif0t5B\">https:\/\/oferplan.ideal.es\/<wbr \/>ofertas-descuentos\/cuentos-<wbr \/>escritos-desde-el-corazon-<wbr \/>asociacion-granadina-de-<wbr \/>afectados-por-ela-17862.html<\/a><\/div>\n<div dir=\"auto\">\n<p>Es como si un tsunami te arrastra y no tienes donde cogerte. No hay posibilidad de cura, no hay tratamiento, no hay nada. T\u00fa sabes c\u00f3mo va a terminar\u00bb. A Mar\u00eda Jos\u00e9 la diagnosticaron un martes y ese jueves ya estaba andando con sus amigas, como siempre. Decidi\u00f3 que en casa llorando no hac\u00eda nada, \u00abque la vida es muy bonita para pasarla llorando\u00bb y que iba a estar activa, abriendo proyectos, con nuevas ilusiones. \u00abCon la Ela mi cuerpo cada d\u00eda va m\u00e1s lento, pero mi mente te aseguro que va a mil\u00bb.<\/p>\n<p><a href=\"https:\/\/i0.wp.com\/miradordeatarfe.es\/wp-content\/uploads\/2022\/03\/Libro-M.Jose_COMIENDO_CON_ELLA_.jpg?ssl=1\"><img data-recalc-dims=\"1\" loading=\"lazy\" decoding=\"async\" class=\"alignnone wp-image-53044 size-full\" src=\"https:\/\/i0.wp.com\/miradordeatarfe.es\/wp-content\/uploads\/2022\/03\/Libro-M.Jose_COMIENDO_CON_ELLA_.jpg?resize=458%2C637&#038;ssl=1\" alt=\"\" width=\"458\" height=\"637\" srcset=\"https:\/\/i0.wp.com\/miradordeatarfe.es\/wp-content\/uploads\/2022\/03\/Libro-M.Jose_COMIENDO_CON_ELLA_.jpg?w=458&amp;ssl=1 458w, https:\/\/i0.wp.com\/miradordeatarfe.es\/wp-content\/uploads\/2022\/03\/Libro-M.Jose_COMIENDO_CON_ELLA_.jpg?resize=216%2C300&amp;ssl=1 216w\" sizes=\"auto, (max-width: 458px) 100vw, 458px\" \/><\/a><\/p>\n<p>\u00abCon la Ela mi cuerpo cada d\u00eda va m\u00e1s lento, pero mi mente te aseguro que va a mil\u00bb<\/p>\n<p><strong>Ese torrente de ilusiones desemboc\u00f3 en una idea alocada.<\/strong> \u00abElla <strong>investigaba, exploraba, hac\u00eda recetas extra\u00f1as y daba consejos que ni nosotras sab\u00edamos como enfermeras\u00bb<\/strong>, recuerda Mari Luz, que conforme Mar\u00eda Jos\u00e9 inventaba un plato nuevo, le ped\u00eda permiso para contarle el proceso a otros pacientes. La disfagia es algo que padecen muchos enfermos, no s\u00f3lo los de Ela: pacientes de c\u00e1ncer, \u00edctus, alzh\u00e9imer, ancianos, ni\u00f1os&#8230; un abanico considerable. <strong>\u00abLo que he hecho \u2013explica Mar\u00eda Jos\u00e9\u2013 es adaptar comidas del d\u00eda a d\u00eda, triturarlas y darle la textura justa para poder comer esa comida con seguridad y disfrute. No es lo mismo un mazacote que una crema fina y apetitosa\u00bb.<\/strong><\/p>\n<\/div>\n<div dir=\"auto\">\n<p>Con motivo del lanzamiento en IDEAL on+ del\u00a0documental <a href=\"https:\/\/www.ideal.es\/granada\/dela-mano-capitulo-uno-corto-mano-20220306095712-nt.html\" target=\"_blank\" rel=\"noopener\">&#8216;De la mano&#8217;<\/a>, este mes te ofrecemos en Oferplan la oportunidad de adquirir el libro Comiendo con ELla escrito por M\u00aa Jos\u00e9 D\u00edaz, la granadina con ELA que nos ense\u00f1\u00f3 a exprimir la vida.\u00a0<\/p>\n<p>El importe \u00edntegro recaudado por su venta ser\u00e1 donado a AGRAELA, la asociaci\u00f3n granadina para familias, cuidadores y personas aquejadas de ELA.<\/p>\n<\/div>\n<div dir=\"auto\"><img data-recalc-dims=\"1\" decoding=\"async\" class=\"an1\" src=\"https:\/\/i0.wp.com\/fonts.gstatic.com\/s\/e\/notoemoji\/14.0\/1f4d7\/32.png?w=640&#038;ssl=1\" alt=\"\" data-emoji=\"\" aria-label=\"\" \/>Comiendo con ELA: <a href=\"https:\/\/oferplan.ideal.es\/ofertas-descuentos\/comiendo-con-ella-asociacion-granadina-de-afectados-por-ela-17861.html\" target=\"_blank\" rel=\"noopener\" data-saferedirecturl=\"https:\/\/www.google.com\/url?q=https:\/\/oferplan.ideal.es\/ofertas-descuentos\/comiendo-con-ella-asociacion-granadina-de-afectados-por-ela-17861.html&amp;source=gmail&amp;ust=1647541399614000&amp;usg=AOvVaw0e7bPshomnCX0NpKTAsxGl\">https:\/\/oferplan.ideal.es\/<wbr \/>ofertas-descuentos\/comiendo-<wbr \/>con-ella-asociacion-granadina-<wbr \/>de-afectados-por-ela-17861.<wbr \/>html<\/a><\/div>\n<div dir=\"auto\">\u00a0<\/div>\n<\/div>\n<\/div>\n<div dir=\"auto\"><a href=\"https:\/\/i0.wp.com\/miradordeatarfe.es\/wp-content\/uploads\/2022\/03\/Screenshot-2022-03-16-at-19-38-05-El-granadino-que-vivio-de-la-mano-2.png?ssl=1\"><img data-recalc-dims=\"1\" loading=\"lazy\" decoding=\"async\" class=\"alignnone wp-image-53046 size-full\" src=\"https:\/\/i0.wp.com\/miradordeatarfe.es\/wp-content\/uploads\/2022\/03\/Screenshot-2022-03-16-at-19-38-05-El-granadino-que-vivio-de-la-mano-2.png?resize=556%2C336&#038;ssl=1\" alt=\"\" width=\"556\" height=\"336\" srcset=\"https:\/\/i0.wp.com\/miradordeatarfe.es\/wp-content\/uploads\/2022\/03\/Screenshot-2022-03-16-at-19-38-05-El-granadino-que-vivio-de-la-mano-2.png?w=556&amp;ssl=1 556w, https:\/\/i0.wp.com\/miradordeatarfe.es\/wp-content\/uploads\/2022\/03\/Screenshot-2022-03-16-at-19-38-05-El-granadino-que-vivio-de-la-mano-2.png?resize=300%2C181&amp;ssl=1 300w\" sizes=\"auto, (max-width: 556px) 100vw, 556px\" \/><\/a><\/div>\n<div id=\":lr\" class=\"a3s aiL \">\n<div dir=\"auto\" style=\"text-align: justify;\">\n<h2 class=\"voc-sub-title\">El nombre t\u00e9cnico es i-digits, un dispositivo prot\u00e9sico dise\u00f1ado exclusivamente para Antonio que funciona con electrodos en contacto con su piel<\/h2>\n<p>La <a href=\"https:\/\/www.ideal.es\/granada\/vida-dela-mano-20220314175221-nt.html\" data-voc-vtm-id=\"in-text-traffic\">mano bi\u00f3nica de Antonio Caballero<\/a> es tan suya como su propia mano. Nadie, por mucho que quisiera, podr\u00eda enfundarse esta tecnolog\u00eda y hacerla funcionar. Est\u00e1 dise\u00f1ada y construida a medida de su amputaci\u00f3n, haciendo coincidir los sensores con los puntos clave de su musculatura, es decir, donde llegar\u00edan las se\u00f1ales nerviosas de su cerebro para hacer que moviera los dedos. Esa especializaci\u00f3n tan intensa es la que hace que no todo el mundo pueda ser receptor de uno de estos dispositivos de \u00faltima generaci\u00f3n, valorados en m\u00e1s de 50.000 euros.<\/p>\n<p class=\"voc-sub-title\">Cr\u00f3nica de dos a\u00f1os con Antonio, vecino de Maracena al que han instalado una mano bi\u00f3nica despu\u00e9s de perder cuatro dedos en un accidente laboral y a su mujer, Mar\u00eda Jos\u00e9, por la ELA<\/p>\n<\/div>\n<div dir=\"auto\">\n<div dir=\"auto\" style=\"text-align: justify;\">\u00a0<\/div>\n<div dir=\"auto\" style=\"text-align: justify;\"><img data-recalc-dims=\"1\" decoding=\"async\" class=\"an1\" src=\"https:\/\/i0.wp.com\/fonts.gstatic.com\/s\/e\/notoemoji\/14.0\/25b6_fe0f\/32.png?w=640&#038;ssl=1\" alt=\"\u25b6\ufe0f\" data-emoji=\"\u25b6\ufe0f\" aria-label=\"\u25b6\ufe0f\" \/> El documental completo &#8216;#Delamano lo pod\u00e9is ver aqu\u00ed <a href=\"https:\/\/www.ideal.es\/granada\/vida-dela-mano-20220314175221-nt.html\" target=\"_blank\" rel=\"noopener\" data-saferedirecturl=\"https:\/\/www.google.com\/url?q=https:\/\/www.ideal.es\/granada\/vida-dela-mano-20220314175221-nt.html&amp;source=gmail&amp;ust=1647541399614000&amp;usg=AOvVaw2HDP6fhlzPc01UNqFGpspW\">https:\/\/www.ideal.es\/granada\/<wbr \/>vida-dela-mano-20220314175221-<wbr \/>nt.html<\/a><\/div>\n<\/div>\n<\/div>\n","protected":false},"excerpt":{"rendered":"<p>Mar\u00eda Jos\u00e9 escribi\u00f3 dos libros: uno de recetas y otro de cuentos. Hemos puesto los&#8230;<\/p>\n","protected":false},"author":1,"featured_media":53040,"comment_status":"closed","ping_status":"closed","sticky":false,"template":"","format":"standard","meta":{"_coblocks_attr":"","_coblocks_dimensions":"","_coblocks_responsive_height":"","_coblocks_accordion_ie_support":"","jetpack_post_was_ever_published":false,"_jetpack_newsletter_access":"","_jetpack_dont_email_post_to_subs":false,"_jetpack_newsletter_tier_id":0,"_jetpack_memberships_contains_paywalled_content":false,"_jetpack_memberships_contains_paid_content":false,"footnotes":"","jetpack_publicize_message":"","jetpack_publicize_feature_enabled":true,"jetpack_social_post_already_shared":true,"jetpack_social_options":{"image_generator_settings":{"template":"highway","default_image_id":0,"enabled":false},"version":2}},"categories":[2,1161,44,6937,15],"tags":[6197,7059],"class_list":["post-53039","post","type-post","status-publish","format-standard","has-post-thumbnail","hentry","category-atarfe","category-ciudadania","category-noticias-de-hoy","category-sociedad","category-ultimas-noticias","tag-ela","tag-maria-jose-diaz"],"jetpack_publicize_connections":[],"jetpack_featured_media_url":"https:\/\/i0.wp.com\/miradordeatarfe.es\/wp-content\/uploads\/2022\/03\/agraela-dr.png?fit=342%2C248&ssl=1","jetpack_likes_enabled":true,"jetpack_sharing_enabled":true,"_links":{"self":[{"href":"https:\/\/miradordeatarfe.es\/index.php?rest_route=\/wp\/v2\/posts\/53039","targetHints":{"allow":["GET"]}}],"collection":[{"href":"https:\/\/miradordeatarfe.es\/index.php?rest_route=\/wp\/v2\/posts"}],"about":[{"href":"https:\/\/miradordeatarfe.es\/index.php?rest_route=\/wp\/v2\/types\/post"}],"author":[{"embeddable":true,"href":"https:\/\/miradordeatarfe.es\/index.php?rest_route=\/wp\/v2\/users\/1"}],"replies":[{"embeddable":true,"href":"https:\/\/miradordeatarfe.es\/index.php?rest_route=%2Fwp%2Fv2%2Fcomments&post=53039"}],"version-history":[{"count":3,"href":"https:\/\/miradordeatarfe.es\/index.php?rest_route=\/wp\/v2\/posts\/53039\/revisions"}],"predecessor-version":[{"id":53047,"href":"https:\/\/miradordeatarfe.es\/index.php?rest_route=\/wp\/v2\/posts\/53039\/revisions\/53047"}],"wp:featuredmedia":[{"embeddable":true,"href":"https:\/\/miradordeatarfe.es\/index.php?rest_route=\/wp\/v2\/media\/53040"}],"wp:attachment":[{"href":"https:\/\/miradordeatarfe.es\/index.php?rest_route=%2Fwp%2Fv2%2Fmedia&parent=53039"}],"wp:term":[{"taxonomy":"category","embeddable":true,"href":"https:\/\/miradordeatarfe.es\/index.php?rest_route=%2Fwp%2Fv2%2Fcategories&post=53039"},{"taxonomy":"post_tag","embeddable":true,"href":"https:\/\/miradordeatarfe.es\/index.php?rest_route=%2Fwp%2Fv2%2Ftags&post=53039"}],"curies":[{"name":"wp","href":"https:\/\/api.w.org\/{rel}","templated":true}]}}