{"id":53054,"date":"2022-03-17T10:38:51","date_gmt":"2022-03-17T09:38:51","guid":{"rendered":"https:\/\/miradordeatarfe.es\/?p=53054"},"modified":"2022-03-16T20:02:57","modified_gmt":"2022-03-16T19:02:57","slug":"granada-vuelve-al-nivel-de-alerta-0-por-covid","status":"publish","type":"post","link":"https:\/\/miradordeatarfe.es\/?p=53054","title":{"rendered":"Granada vuelve al nivel de alerta 0 por Covid"},"content":{"rendered":"<h3 style=\"text-align: justify;\">La bajada de la incidencia, que se sit\u00faa en la provincia en una tasa a catorce d\u00edas de 200,7 casos por 100.000 habitantes, sit\u00faa de nuevo a la provincia en el nivel m\u00e1s bajo de la alerta.<\/h3>\n<div id=\"main\">\n<div class=\"item\">\n<div class=\"anteti\">Salvo C\u00f3rdoba, todas las provincias andaluzas est\u00e1n en el nivel m\u00e1s baja<\/div>\n<\/div>\n<\/div>\n<div class=\"tags\">\u00a0<\/div>\n<div class=\"entrad\">La bajada de la incidencia, que se sit\u00faa en la provincia en una tasa a catorce d\u00edas de 200,7 casos por 100.000 habitantes, sit\u00faa de nuevo a la provincia en el nivel m\u00e1s bajo de la alerta.<\/div>\n<div class=\"cuerpo\">\n<p style=\"text-align: justify;\">La provincia de Granada entra desde la pr\u00f3xima medianoche en el nivel de alerta 0, el m\u00e1s bajo establecido por la Consejer\u00eda de Salud y Familias en el seguimiento de la incidencia de la pandemia. La decisi\u00f3n la ha adoptado este mi\u00e9rcoles el comit\u00e9 territorial de alerta en Salud P\u00fablica.\u00a0<\/p>\n<p style=\"text-align: justify;\">Desde el pasado 2 de marzo la provincia estaba en nivel de alerta 1. El nuevo nivel entra en vigor la pr\u00f3xima medianoche y estar\u00e1 operativo hasta el 31 de marzo. Salvo C\u00f3rdoba, que estar\u00e1 en nivel 1, el resto de provincias andaluzas se sit\u00faan en alerta 0.\u00a0<\/p>\n<p style=\"text-align: justify;\">La tasa de incidencia -a catorce d\u00edas- con la que Granada vuelve a situarse en la alerta m\u00e1s baja por Covid se sit\u00faa este mi\u00e9rcoles en 200,7 casos por 100.000 habitantes\u00a0<\/p>\n<p style=\"text-align: justify;\">La Junta ha vuelto a recordar que los comit\u00e9s toman estas decisiones bas\u00e1ndose en los informes de evaluaci\u00f3n espec\u00edfica elaborados por la Secci\u00f3n de Epidemiolog\u00eda de las respectivas delegaciones territoriales de la Consejer\u00eda de Salud y Familias, y siguiendo los indicadores epidemiol\u00f3gicos establecidos (Incidencia Acumulada (IA) a 14 d\u00edas, IA a 7 d\u00edas, IA a 14 d\u00edas en mayores de 65 a\u00f1os, pruebas PDIA, \u00edndice de camas UCI, \u00edndice de hospitalizaci\u00f3n y cobertura de vacunaci\u00f3n), se ha acordado la evaluaci\u00f3n de niveles por distritos y \u00e1reas sanitarias.<\/p>\n<p style=\"text-align: justify;\">Andaluc\u00eda no tiene en vigor ninguna medida restrictiva. Cabe recordar que para los niveles 1 y 2 de alerta ya se eliminaron las limitaciones horarias y de aforo que estuvieron en vigor en anteriores olas.\u00a0<\/p>\n<p style=\"text-align: justify;\">NIveles de alerta:<\/p>\n<p><strong>Provincia de Granada<\/strong><\/p>\n<p>\u25fc \u00c1rea Sanitaria Sur de Granada: Nivel de Alerta 0<\/p>\n<p>\u25fc Distrito Sanitario Granada: Nivel de Alerta 0<\/p>\n<p>\u25fc Distrito Sanitario Metropolitano de Granada: Nivel de Alerta 0<\/p>\n<p>\u25fc \u00c1rea Sanitaria Nordeste de Granada: Nivel de Alerta 0<\/p>\n<\/div>\n<p><strong>foto: Dos j\u00f3venes caminan bajo la lluvia, este mi\u00e9rcoles, en la capital.\u00a0<span class=\"firma\">indegranada<\/span><br \/>\n<\/strong><\/p>\n","protected":false},"excerpt":{"rendered":"<p>La bajada de la incidencia, que se sit\u00faa en la provincia en una tasa a&#8230;<\/p>\n","protected":false},"author":1,"featured_media":53055,"comment_status":"closed","ping_status":"closed","sticky":false,"template":"","format":"standard","meta":{"_coblocks_attr":"","_coblocks_dimensions":"","_coblocks_responsive_height":"","_coblocks_accordion_ie_support":"","jetpack_post_was_ever_published":false,"_jetpack_newsletter_access":"","_jetpack_dont_email_post_to_subs":false,"_jetpack_newsletter_tier_id":0,"_jetpack_memberships_contains_paywalled_content":false,"_jetpack_memberships_contains_paid_content":false,"footnotes":"","jetpack_publicize_message":"","jetpack_publicize_feature_enabled":true,"jetpack_social_post_already_shared":true,"jetpack_social_options":{"image_generator_settings":{"template":"highway","default_image_id":0,"enabled":false},"version":2}},"categories":[1161,7149,44,15],"tags":[7990,129,9046],"class_list":["post-53054","post","type-post","status-publish","format-standard","has-post-thumbnail","hentry","category-ciudadania","category-coronavirus","category-noticias-de-hoy","category-ultimas-noticias","tag-covid","tag-granada","tag-nivel-de-alerta-0"],"jetpack_publicize_connections":[],"jetpack_featured_media_url":"https:\/\/i0.wp.com\/miradordeatarfe.es\/wp-content\/uploads\/2022\/03\/tarde_de_lluvia.jpg?fit=650%2C449&ssl=1","jetpack_likes_enabled":true,"jetpack_sharing_enabled":true,"_links":{"self":[{"href":"https:\/\/miradordeatarfe.es\/index.php?rest_route=\/wp\/v2\/posts\/53054","targetHints":{"allow":["GET"]}}],"collection":[{"href":"https:\/\/miradordeatarfe.es\/index.php?rest_route=\/wp\/v2\/posts"}],"about":[{"href":"https:\/\/miradordeatarfe.es\/index.php?rest_route=\/wp\/v2\/types\/post"}],"author":[{"embeddable":true,"href":"https:\/\/miradordeatarfe.es\/index.php?rest_route=\/wp\/v2\/users\/1"}],"replies":[{"embeddable":true,"href":"https:\/\/miradordeatarfe.es\/index.php?rest_route=%2Fwp%2Fv2%2Fcomments&post=53054"}],"version-history":[{"count":1,"href":"https:\/\/miradordeatarfe.es\/index.php?rest_route=\/wp\/v2\/posts\/53054\/revisions"}],"predecessor-version":[{"id":53056,"href":"https:\/\/miradordeatarfe.es\/index.php?rest_route=\/wp\/v2\/posts\/53054\/revisions\/53056"}],"wp:featuredmedia":[{"embeddable":true,"href":"https:\/\/miradordeatarfe.es\/index.php?rest_route=\/wp\/v2\/media\/53055"}],"wp:attachment":[{"href":"https:\/\/miradordeatarfe.es\/index.php?rest_route=%2Fwp%2Fv2%2Fmedia&parent=53054"}],"wp:term":[{"taxonomy":"category","embeddable":true,"href":"https:\/\/miradordeatarfe.es\/index.php?rest_route=%2Fwp%2Fv2%2Fcategories&post=53054"},{"taxonomy":"post_tag","embeddable":true,"href":"https:\/\/miradordeatarfe.es\/index.php?rest_route=%2Fwp%2Fv2%2Ftags&post=53054"}],"curies":[{"name":"wp","href":"https:\/\/api.w.org\/{rel}","templated":true}]}}