{"id":53083,"date":"2022-03-20T11:16:05","date_gmt":"2022-03-20T10:16:05","guid":{"rendered":"https:\/\/miradordeatarfe.es\/?p=53083"},"modified":"2022-03-16T21:24:23","modified_gmt":"2022-03-16T20:24:23","slug":"silvia-galvez-nuestra-pregonera-de-2022-por-jose-enrique-granados","status":"publish","type":"post","link":"https:\/\/miradordeatarfe.es\/?p=53083","title":{"rendered":"\u00abSILVIA GALVEZ NUESTRA PREGONERA DE 2022\u00bb por Jos\u00e9 Enrique Granados"},"content":{"rendered":"<div class=\"\" dir=\"auto\">\n<div id=\"jsc_c_jt\" class=\"ecm0bbzt hv4rvrfc ihqw7lf3 dati1w0a\" data-ad-comet-preview=\"message\" data-ad-preview=\"message\">\n<div class=\"j83agx80 cbu4d94t ew0dbk1b irj2b8pg\">\n<div class=\"qzhwtbm6 knvmm38d\">\n<div class=\"kvgmc6g5 cxmmr5t8 oygrvhab hcukyx3x c1et5uql ii04i59q\">\n<h3 dir=\"auto\">Han pasado ya unos d\u00edas desde que celebramos el carnaval, pero siempre es tiempo de acordarnos de esos momentos de alegr\u00eda.<\/h3>\n<div dir=\"auto\">El otro d\u00eda me encontr\u00e9 a Silvia por la calle y me espet\u00f3: \u201cA ver cuando me sacas en la Gacetilla\u201d. Hoy es tu d\u00eda, reproduciendo el preg\u00f3n que con arte dio el pistoletazo a las fiestas carnestolendas en este a\u00f1o.<\/div>\n<div dir=\"auto\">\u00a0<\/div>\n<div dir=\"auto\" style=\"text-align: justify;\"><em>&lt;&lt;Buenas tardes \u00bfque c\u00f3mo est\u00e1n ustedes? \u201cNo hab\u00eda \u201cganicas\u201d de carnaval\u00a1\u00a1\u00a1\u201d En la cara se os nota, hasta con la mascarilla puesta. Anda, que os vais a acostar hoy antes de las 10\u00a1!!!! Aqu\u00ed me ten\u00e9is haciendo de pregonera, que despu\u00e9s de dos a\u00f1os, ya era hora de que esto volviera. Yo me he puesto mi \u201cvestio\u201d de lentejuelas y brillo y si me mir\u00e1is bien no me llega la Pedroche ni a la punta del tobillo. Aqu\u00ed me ten\u00e9is como siempre, con ganas de follet\u00e1s. Y \u201cpa\u201d que os quede bien claro, ahora os vais a enterar: MANTECADOS.<\/em><\/div>\n<div dir=\"auto\">\u00a0<\/div>\n<div dir=\"auto\" style=\"text-align: justify;\"><em>Me quedaban mantecados, iba a hacer cuajada de carnaval, como no tengo \u201ctermomix\u201d, aqu\u00ed los vamos a gastar. En primer lugar, quiero dar las gracias al Ayuntamiento de Atarfe y en especial a la concejala Azahara, por acordarse de m\u00ed para dar este preg\u00f3n. Espero estar a la altura de las circunstancias, aunque si hablamos de altura la \u00fanica que me puede superar de todos los pregoneros y pregoneras es Yolanda la Huesa. Tambi\u00e9n quiero dar las gracias a todos y todas los que incondicionalmente nos acompa\u00f1\u00e9is a\u00f1o tras a\u00f1o. Pero, sobre todo, quiero dar las gracias a las dos chirigotas que act\u00faan este a\u00f1o. Gracias chirigota de \u201cLOS NI\u00d1OS\u201d. Gracias chirigota de \u201cSANTA ADELA\u201d &#8230; por no dejar de actuar, a pesar de todos los inconvenientes que os habr\u00e9is encontrado este a\u00f1o, y continuar con nuestra tradici\u00f3n carnavalera. UN APLAUSO PARA LAS DOS CHIRIGOTAS.<\/em><\/div>\n<div dir=\"auto\">\u00a0<\/div>\n<div dir=\"auto\" style=\"text-align: justify;\"><em>A lo largo de estos a\u00f1os, las agrupaciones de carnaval, hemos refer\u00edo\u2026 PORQUE VOSOTROS Y VOSOTRAS SAB\u00c9IS BIEN, QUE LAS CHIRIGOTAS NUNCA LO HACEN POR CRITICAR\u2026QUE ES, UN REFERIR\u2026 pues hemos REFER\u00cdO a muchos personajes que le han dado y siguen dando vida a nuestro pueblo. Siempre desde el cari\u00f1o, me vienen a la memoria, letras dedicadas \u2026. al CHAPU, A LA PAQUI DE FERNANDO, A POL\u00cdTICOS Y POL\u00cdTICAS, MUNICIPALES, EL MALETA, LA CELE DE LAS QUINIELAS, EL MANUEL EL HUESO\u2026EL CHINITO\u2026 \u00bf\u00bf\u00bfEl Chinito??? Bueno, ya me pongo en duda. El Chinito no estoy segura de s\u00ed ha \u201csal\u00edo\u201d alg\u00fan a\u00f1o o no\u2026\u2026. <\/em><\/div>\n<div dir=\"auto\">\u00a0<\/div>\n<div dir=\"auto\" style=\"text-align: justify;\"><em>Si hablo de lo que para m\u00ed es el carnaval, no puedo empezar sin nombrar a mi abuela CONCHA (Todo el a\u00f1o estaba mala y cuando llegaba el carnaval, se le quitaban \u201cto\u201d los males) \u2026 Cog\u00eda cuatro trapos, se montaba en un carricoche y a pasearse por el pueblo. Y m\u00e1s de una noche la pas\u00f3 en el calabozo, por el simple hecho de REFERIR\u2026 Cuando qu\u00e9 mejor que contar las cosas tal y como han pasado, pero con gracia y cantando. <\/em><\/div>\n<div dir=\"auto\">\u00a0<\/div>\n<div dir=\"auto\" style=\"text-align: justify;\"><em>Cuando dej\u00e9 la escuela, mi madre me meti\u00f3 en \u201cLA FACULTAD DE ADULTOS\u201d, porque dec\u00eda que no pod\u00eda perder lo que hab\u00eda aprendido. Y fue all\u00ed, donde mi formaci\u00f3n carnavalera, se fue enriqueciendo con VOCABULARIO CHAVICO \u2026 \u201cpollas, cojones, almeja, chumino\u201d \u2026 Y ahora llego a la chirigota de las ni\u00f1as y la Yolanda la Huesa, cada vez que meto un chumino en las letras, se pone las manos en la cabeza, diciendo \u2026 como haya menores en el p\u00fablico, \u00a1\u00a1 Silvia, nos llevan presas\u00a1\u00a1 <\/em><\/div>\n<div dir=\"auto\">\u00a0<\/div>\n<div dir=\"auto\" style=\"text-align: justify;\"><em>Ya llevo 20 a\u00f1os en la chirigota de las ni\u00f1as, y aunque nunca me voy a olvidar de aquella murga del CHAVICO, con ellas, disfruto del carnaval, como una ni\u00f1a chica, deseando que llegue el momento para empezar nuestros ensayos, llenos de risas, confidencias, secretos, llantos, chistes, bromas\u2026 que es lo que me hace desconectar de cualquier racha tonta. Este a\u00f1o, no hemos podido salir, pero es solo un par\u00e9ntesis, AMENAZAMOS CON VOLVER.<\/em><\/div>\n<div dir=\"auto\">\u00a0<\/div>\n<div dir=\"auto\" style=\"text-align: justify;\"><em> Al principio, empezamos a quedar, pero entre unas y otras, esto era \u201cpa\u201d chillar. Llamabas a la Feli. Ni\u00f1a, \u00bfd\u00f3nde est\u00e1s? Te sal\u00eda sin cobertura, porque estaba en los Morrones. Que hab\u00eda \u201csal\u00edo\u201d a andar. All\u00ed que cobertura iba a pillar. Luego Mar\u00eda \u00c1ngeles \u201cla Graja\u201d, con la pata \u201cestrope\u00e1\u201d. Qued\u00e1bamos a las cinco y con la muleta andando llegaba a la hora de cenar. Y d\u00f3nde dejamos a Mari Nati. Que se ha \u201capuntao\u201d a teatro y est\u00e1 s\u00faper \u201cli\u00e1\u201d. Quiere coger el hueco que ha \u201cdejao\u201d Pilar Bard\u00e9m, aunque yo creo que el de la Lina Morgan es el que le queda bien. Con estos versos dedicados a mis \u201cVacas locas\u201d, me despido de este preg\u00f3n. Os animo a que particip\u00e9is en la programaci\u00f3n de actividades que el Ayuntamiento ha preparado. Que os tir\u00e9is a llenar nuestros bares y a disfrutar del carnaval, con precauci\u00f3n, claro\u2026 QUE BASTANTE TIEMPO LLEVAMOS ESPERANDO ESTE MOMENTO.&gt;&gt;<\/em><\/div>\n<div dir=\"auto\">\u00a0<\/div>\n<div dir=\"auto\"><a href=\"https:\/\/i0.wp.com\/miradordeatarfe.es\/wp-content\/uploads\/2022\/03\/275237355_356432853156870_6353806281043425107_n.jpg?ssl=1\"><img data-recalc-dims=\"1\" loading=\"lazy\" decoding=\"async\" class=\"wp-image-53084 size-full aligncenter\" src=\"https:\/\/i0.wp.com\/miradordeatarfe.es\/wp-content\/uploads\/2022\/03\/275237355_356432853156870_6353806281043425107_n.jpg?resize=526%2C788&#038;ssl=1\" alt=\"\" width=\"526\" height=\"788\" srcset=\"https:\/\/i0.wp.com\/miradordeatarfe.es\/wp-content\/uploads\/2022\/03\/275237355_356432853156870_6353806281043425107_n.jpg?w=526&amp;ssl=1 526w, https:\/\/i0.wp.com\/miradordeatarfe.es\/wp-content\/uploads\/2022\/03\/275237355_356432853156870_6353806281043425107_n.jpg?resize=200%2C300&amp;ssl=1 200w\" sizes=\"auto, (max-width: 526px) 100vw, 526px\" \/><\/a><\/div>\n<div dir=\"auto\">\u00a0<\/div>\n<div dir=\"auto\">Fotograf\u00eda de la pregonera realizada en el carnaval 2020 por Paco Garc\u00eda-Aguilera.<\/div>\n<\/div>\n<div class=\"cxmmr5t8 oygrvhab hcukyx3x c1et5uql o9v6fnle ii04i59q\">\n<div dir=\"auto\">Curiosidades elvirenses.<\/div>\n<\/div>\n<\/div>\n<\/div>\n<\/div>\n<\/div>\n","protected":false},"excerpt":{"rendered":"<p>Han pasado ya unos d\u00edas desde que celebramos el carnaval, pero siempre es tiempo de&#8230;<\/p>\n","protected":false},"author":1,"featured_media":53087,"comment_status":"closed","ping_status":"closed","sticky":false,"template":"","format":"standard","meta":{"_coblocks_attr":"","_coblocks_dimensions":"","_coblocks_responsive_height":"","_coblocks_accordion_ie_support":"","jetpack_post_was_ever_published":false,"_jetpack_newsletter_access":"","_jetpack_dont_email_post_to_subs":false,"_jetpack_newsletter_tier_id":0,"_jetpack_memberships_contains_paywalled_content":false,"_jetpack_memberships_contains_paid_content":false,"footnotes":"","jetpack_publicize_message":"","jetpack_publicize_feature_enabled":true,"jetpack_social_post_already_shared":true,"jetpack_social_options":{"image_generator_settings":{"template":"highway","default_image_id":0,"enabled":false},"version":2}},"categories":[2,6916,1161,186,38,44,6539,15],"tags":[9054,9053],"class_list":["post-53083","post","type-post","status-publish","format-standard","has-post-thumbnail","hentry","category-atarfe","category-ayuntamiento-de-atarfe","category-ciudadania","category-instituciones","category-opinion-de-jose-enrique-granados","category-noticias-de-hoy","category-personajes-de-ataref","category-ultimas-noticias","tag-9054","tag-pregon-de-carnaval"],"jetpack_publicize_connections":[],"jetpack_featured_media_url":"https:\/\/i0.wp.com\/miradordeatarfe.es\/wp-content\/uploads\/2022\/03\/275168974_3143735312571474_1640244240143502370_n-2.jpg?fit=960%2C498&ssl=1","jetpack_likes_enabled":true,"jetpack_sharing_enabled":true,"_links":{"self":[{"href":"https:\/\/miradordeatarfe.es\/index.php?rest_route=\/wp\/v2\/posts\/53083","targetHints":{"allow":["GET"]}}],"collection":[{"href":"https:\/\/miradordeatarfe.es\/index.php?rest_route=\/wp\/v2\/posts"}],"about":[{"href":"https:\/\/miradordeatarfe.es\/index.php?rest_route=\/wp\/v2\/types\/post"}],"author":[{"embeddable":true,"href":"https:\/\/miradordeatarfe.es\/index.php?rest_route=\/wp\/v2\/users\/1"}],"replies":[{"embeddable":true,"href":"https:\/\/miradordeatarfe.es\/index.php?rest_route=%2Fwp%2Fv2%2Fcomments&post=53083"}],"version-history":[{"count":2,"href":"https:\/\/miradordeatarfe.es\/index.php?rest_route=\/wp\/v2\/posts\/53083\/revisions"}],"predecessor-version":[{"id":53088,"href":"https:\/\/miradordeatarfe.es\/index.php?rest_route=\/wp\/v2\/posts\/53083\/revisions\/53088"}],"wp:featuredmedia":[{"embeddable":true,"href":"https:\/\/miradordeatarfe.es\/index.php?rest_route=\/wp\/v2\/media\/53087"}],"wp:attachment":[{"href":"https:\/\/miradordeatarfe.es\/index.php?rest_route=%2Fwp%2Fv2%2Fmedia&parent=53083"}],"wp:term":[{"taxonomy":"category","embeddable":true,"href":"https:\/\/miradordeatarfe.es\/index.php?rest_route=%2Fwp%2Fv2%2Fcategories&post=53083"},{"taxonomy":"post_tag","embeddable":true,"href":"https:\/\/miradordeatarfe.es\/index.php?rest_route=%2Fwp%2Fv2%2Ftags&post=53083"}],"curies":[{"name":"wp","href":"https:\/\/api.w.org\/{rel}","templated":true}]}}