{"id":53185,"date":"2022-03-26T11:13:28","date_gmt":"2022-03-26T10:13:28","guid":{"rendered":"https:\/\/miradordeatarfe.es\/?p=53185"},"modified":"2023-10-21T10:24:22","modified_gmt":"2023-10-21T08:24:22","slug":"la-ugr-crea-una-catedra-para-investigar-el-yacimiento-arqueologico-de-medina-elvira-de-atarfe","status":"publish","type":"post","link":"https:\/\/miradordeatarfe.es\/?p=53185","title":{"rendered":"ATARFE: La UGR crea una c\u00e1tedra para investigar el yacimiento arqueol\u00f3gico de Medina Elvira"},"content":{"rendered":"<blockquote>\n<p><strong>Esta c\u00e1tedra es fruto de la colaboraci\u00f3n entre la Universidad de Granada, el Ayuntamiento de Atarfe y las empresas Q Energy, Ibox Energy y Magnon Green Energy<\/strong><strong>\u00a0<\/strong><\/p>\n<div class=\"small-12 large-8 columns\" role=\"main\">\n<article id=\"post-384587\" class=\"post-384587 noticia type-noticia status-publish has-post-thumbnail hentry categoria_canalugr-ugractualidad\">\n<div class=\"entry-content\">\n<p style=\"text-align: justify;\">La Universidad de Granada, el Ayuntamiento de Atarfe y las empresas Q Energy, Ibox Energy y Magnon Green Energy han puesto en marcha la C\u00e1tedra G\u00f3mez-Moreno \u201cInvestigaci\u00f3n arqueol\u00f3gica en Medina Elvira y puesta en valor del yacimiento\u201d. El convenio de colaboraci\u00f3n que da lugar a este proyecto ha sido firmado por la rectora de la UGR, Pilar Aranda; el alcalde de Atarfe, Pedro Mart\u00ednez Parra, junto con el secretario general del Ayuntamiento de Atarfe, Jos\u00e9 Antonio Le\u00f3n Garrido; el representante de Q Energy Pablo Gim\u00e9nez Soriano; los representantes de Ibox Energy Joaqu\u00edn Monfort Celdr\u00e1n y Matthieu Romain Tirel; y Marc G\u00f3mez y Gonzalo G\u00f3mez, CEO y CFO, respectivamente, de Magnon Green Energy. El director de esta nueva c\u00e1tedra es el profesor del Departamento de Historia Medieval y Ciencias y T\u00e9cnicas Historiogr\u00e1ficas de la UGR Guillermo Garc\u00eda-Contreras Ruiz.<\/p>\n<p style=\"text-align: justify;\"><span class=\"embed-youtube\"><iframe loading=\"lazy\" class=\"youtube-player\" src=\"https:\/\/www.youtube.com\/embed\/KBqhCHeGV5A?version=3&amp;rel=1&amp;showsearch=0&amp;showinfo=1&amp;iv_load_policy=1&amp;fs=1&amp;hl=es-ES&amp;autohide=2&amp;wmode=transparent\" width=\"640\" height=\"360\" sandbox=\"allow-scripts allow-same-origin allow-popups allow-presentation\" allowfullscreen=\"allowfullscreen\" data-mce-fragment=\"1\"><\/iframe><\/span><\/p>\n<p style=\"text-align: justify;\">En el acto de firma tambi\u00e9n han participado la secretaria general de la UGR, Asunci\u00f3n Torres L\u00f3pez; el director de Innovaci\u00f3n y Transferencia de la UGR, Jes\u00fas Banqueri Oz\u00e1ez; el director general de Energ\u00eda de la Consejer\u00eda de Hacienda y Financiaci\u00f3n Europea de la Junta de Andaluc\u00eda, Manuel Larrasa Rodr\u00edguez; y el delegado territorial de Cultura y Patrimonio Hist\u00f3rico en Granada, Antonio Jes\u00fas Granados Garc\u00eda.<\/p>\n<p style=\"text-align: justify;\">La c\u00e1tedra se crea para desarrollar trabajos arqueol\u00f3gicos, cient\u00edficos y acad\u00e9micos que permitan la exhumaci\u00f3n, estudio y puesta en valor del Bien de Inter\u00e9s Cultural de Medina Elvira, un yacimiento situado en Atarfe que oculta los restos de la que fue ciudad m\u00e1s importante de la Vega de Granada entre los siglos VII y XI. A su vez, desde la c\u00e1tedra se emprender\u00e1n distintas acciones de formaci\u00f3n, difusi\u00f3n y divulgaci\u00f3n de las actividades que se lleven a cabo. El Ayuntamiento de Atarfe y la Universidad de Granada han venido colaborando en los \u00faltimos a\u00f1os en la investigaci\u00f3n de este yacimiento.<\/p>\n<p style=\"text-align: justify;\">El convenio contempla realizar actividades de formaci\u00f3n y apoyo a trabajos de investigaci\u00f3n, TFG y TFM, talleres, conferencias y seminarios; organizaci\u00f3n de jornadas y encuentros nacionales e internacionales, visitas guiadas a las excavaciones y la creaci\u00f3n de un Centro de Visitantes de Medina Elvira, entre otras acciones. Por su parte, las empresas promotoras participantes en el convenio garantizar\u00e1n en este entorno proyectos de generaci\u00f3n renovable de electricidad, respetando los valores territoriales, sociales y ambientales del mismo gracias a una l\u00ednea subterr\u00e1nea de alta tensi\u00f3n con reducido impacto.<\/p>\n<p style=\"text-align: justify;\">Medina Elvira es una ciudad surgida, seg\u00fan estima el personal investigador, a partir de un poblamiento campesino, con vestigios importantes de \u00e9pocas romana y tardoantigua. En el siglo IX, Abderrahman II y Muhammad I construyeron su alcazaba y muy probablemente su mezquita mayor.<\/p>\n<p style=\"text-align: justify;\">El yacimiento se ubica entre los municipios granadinos de Atarfe y Pinos Puente y cuenta con una amplia extensi\u00f3n protegida de 332 hect\u00e1reas, declaradas Bien de Inter\u00e9s Cultural en 2004. Sus importantes valores hist\u00f3rico, social y cultural justifican las campa\u00f1as de excavaci\u00f3n sistem\u00e1tica que se realizan desde el a\u00f1o 2005, dentro del proyecto \u201cLa ciudad de Madinat Ilbira\u201d, autorizado y financiado por la Direcci\u00f3n General de Bienes Culturales de la Consejer\u00eda de Cultura y Patrimonio Hist\u00f3rico de la Junta de Andaluc\u00eda.<\/p>\n<p style=\"text-align: justify;\"><strong>Con el nombre G\u00f3mez-Moreno \u201cInvestigaci\u00f3n arqueol\u00f3gica en Medina Elvira y puesta en valor del yacimiento\u201d,<\/strong> la c\u00e1tedra hace honor al arque\u00f3logo que descubri\u00f3 la antigua ciudad granadina y al que se debe la declaraci\u00f3n de la Alhambra como Monumento Nacional. La c\u00e1tedra contar\u00e1 con una Comisi\u00f3n Mixta en la que se integrar\u00e1n las entidades citadas y el Servicio de Bienes Culturales de la Delegaci\u00f3n de Cultura y Patrimonio Hist\u00f3rico de la Junta de Andaluc\u00eda en Granada, que participa como impulsora externa.<\/p>\n<p style=\"text-align: justify;\"><strong>GALERIA DE FOTOS: <a href=\"https:\/\/www.flickr.com\/photos\/canalugr\/sets\/72177720297533152\/\">https:\/\/www.flickr.com\/photos\/canalugr\/sets\/72177720297533152\/<\/a><br \/>\n<\/strong><\/p>\n<p style=\"text-align: justify;\"><a title=\"C\u00e1tedra G\u00f3mez-Moreno Medina Elvira by canalUGR, on Flickr\" href=\"https:\/\/www.flickr.com\/photos\/canalugr\/sets\/72177720297533152\/\" data-flickr-embed=\"true\"><img loading=\"lazy\" decoding=\"async\" src=\"https:\/\/i0.wp.com\/live.staticflickr.com\/65535\/51954033371_5d08275f0c.jpg?resize=800%2C600&amp;ssl=1\" alt=\"220322 C\u00e1tedra G\u00f3mez-Moreno Medina Elvira (15)\" width=\"800\" height=\"600\" \/><\/a><\/p>\n<\/div>\n<footer>\n<p>&nbsp;<\/p>\n<\/footer>\n<\/article>\n<\/div>\n<aside id=\"sidebar\" class=\"small-12 large-4 columns\">\n<div class=\"row\">\n<div class=\"my-gallery\" data-pswp-uid=\"1\">\n<figure><a href=\"https:\/\/i0.wp.com\/canal.ugr.es\/wp-content\/uploads\/2022\/03\/220322-Ca\u0301tedra-Go\u0301mez-Moreno-Medina-Elvira-20.jpg?fit=2048%2C1365&amp;ssl=1\" data-size=\"2048x1365\">\u00a0 <\/a><\/figure>\n<\/div>\n<\/div>\n<div class=\"row\">\n<article id=\"post-384494\" class=\"event small-12 large-12 columns\">\n<div class=\"row\">\n<div class=\"clearfix\">\u00a0<\/div>\n<\/div>\n<\/article>\n<\/div>\n<\/aside>\n<\/blockquote>\n","protected":false},"excerpt":{"rendered":"<p>Esta c\u00e1tedra es fruto de la colaboraci\u00f3n entre la Universidad de Granada, el Ayuntamiento de&#8230;<\/p>\n","protected":false},"author":1,"featured_media":53192,"comment_status":"closed","ping_status":"closed","sticky":false,"template":"","format":"standard","meta":{"_coblocks_attr":"","_coblocks_dimensions":"","_coblocks_responsive_height":"","_coblocks_accordion_ie_support":"","jetpack_post_was_ever_published":false,"_jetpack_newsletter_access":"","_jetpack_dont_email_post_to_subs":false,"_jetpack_newsletter_tier_id":0,"_jetpack_memberships_contains_paywalled_content":false,"_jetpack_memberships_contains_paid_content":false,"footnotes":"","jetpack_publicize_message":"","jetpack_publicize_feature_enabled":true,"jetpack_social_post_already_shared":true,"jetpack_social_options":{"image_generator_settings":{"template":"highway","default_image_id":0,"enabled":false},"version":2}},"categories":[1225,5359,10431],"tags":[9073,5337],"class_list":["post-53185","post","type-post","status-publish","format-standard","has-post-thumbnail","hentry","category-ha-de-atarfe","category-madinat-ilbira","category-medina-elvira-2","tag-catedra-gomez-moreno","tag-excavaciones-medina-elvira"],"jetpack_publicize_connections":[],"jetpack_featured_media_url":"https:\/\/i0.wp.com\/miradordeatarfe.es\/wp-content\/uploads\/2022\/03\/Catedra-Gomez-Moreno-Medina-Elvira-2-2.png?fit=633%2C413&ssl=1","jetpack_likes_enabled":true,"jetpack_sharing_enabled":true,"_links":{"self":[{"href":"https:\/\/miradordeatarfe.es\/index.php?rest_route=\/wp\/v2\/posts\/53185","targetHints":{"allow":["GET"]}}],"collection":[{"href":"https:\/\/miradordeatarfe.es\/index.php?rest_route=\/wp\/v2\/posts"}],"about":[{"href":"https:\/\/miradordeatarfe.es\/index.php?rest_route=\/wp\/v2\/types\/post"}],"author":[{"embeddable":true,"href":"https:\/\/miradordeatarfe.es\/index.php?rest_route=\/wp\/v2\/users\/1"}],"replies":[{"embeddable":true,"href":"https:\/\/miradordeatarfe.es\/index.php?rest_route=%2Fwp%2Fv2%2Fcomments&post=53185"}],"version-history":[{"count":4,"href":"https:\/\/miradordeatarfe.es\/index.php?rest_route=\/wp\/v2\/posts\/53185\/revisions"}],"predecessor-version":[{"id":53198,"href":"https:\/\/miradordeatarfe.es\/index.php?rest_route=\/wp\/v2\/posts\/53185\/revisions\/53198"}],"wp:featuredmedia":[{"embeddable":true,"href":"https:\/\/miradordeatarfe.es\/index.php?rest_route=\/wp\/v2\/media\/53192"}],"wp:attachment":[{"href":"https:\/\/miradordeatarfe.es\/index.php?rest_route=%2Fwp%2Fv2%2Fmedia&parent=53185"}],"wp:term":[{"taxonomy":"category","embeddable":true,"href":"https:\/\/miradordeatarfe.es\/index.php?rest_route=%2Fwp%2Fv2%2Fcategories&post=53185"},{"taxonomy":"post_tag","embeddable":true,"href":"https:\/\/miradordeatarfe.es\/index.php?rest_route=%2Fwp%2Fv2%2Ftags&post=53185"}],"curies":[{"name":"wp","href":"https:\/\/api.w.org\/{rel}","templated":true}]}}