{"id":53210,"date":"2022-03-27T09:20:25","date_gmt":"2022-03-27T07:20:25","guid":{"rendered":"https:\/\/miradordeatarfe.es\/?p=53210"},"modified":"2022-03-23T12:25:18","modified_gmt":"2022-03-23T11:25:18","slug":"la-ugr-presenta-los-trabajos-de-archivistica-realizados-sobre-el-legado-audiovisual-de-jose-sanchez-montes","status":"publish","type":"post","link":"https:\/\/miradordeatarfe.es\/?p=53210","title":{"rendered":"La UGR presenta los trabajos de archiv\u00edstica realizados sobre el legado audiovisual de Jos\u00e9 S\u00e1nchez Montes"},"content":{"rendered":"<h3><strong>El cineasta don\u00f3 a la universidad m\u00e1s de 5.000 horas de material procedente de casi 40 a\u00f1os de trabajo<\/strong><\/h3>\n<p style=\"text-align: justify;\">La Universidad de Granada ha presentado este martes, 22 de marzo, los trabajos de archiv\u00edstica realizados sobre el legado audiovisual que el cineasta Jos\u00e9 S\u00e1nchez Montes don\u00f3 a la universidad en mayo de 2021. Se trata de un gran archivo de m\u00e1s de 5.000 horas de material grabado por S\u00e1nchez Montes durante casi 40 a\u00f1os de profesi\u00f3n. En el acto de presentaci\u00f3n de estos trabajos han estado la rectora de la Universidad de Granada, Pilar Aranda Ram\u00edrez, as\u00ed como el propio S\u00e1nchez Montes, el vicerrector de Extensi\u00f3n Universitaria y Patrimonio, V\u00edctor Medina Fl\u00f3rez, el decano de la Facultad de Comunicaci\u00f3n y Documentaci\u00f3n, Benjam\u00edn Vargas Quesada, as\u00ed como Rosario Jim\u00e9nez Vela, anterior archivera jefe de servicio, y Carmen Dom\u00ednguez Fern\u00e1ndez, actual archivera jefe de servicio. Las m\u00e1s de 5.000 horas de audiovisual forman ya parte del Archivo de la UGR y all\u00ed puede ser consultada.<\/p>\n<p style=\"text-align: justify;\">La catalogaci\u00f3n de este legado, que inclu\u00eda material en muy diversos formatos, ha supuesto casi un a\u00f1o de trabajo, tiempo en el que se ha generado la base de datos archiv\u00edstica con la descripci\u00f3n f\u00edsica de los fondos que permite, como ha explicado Rosario Jim\u00e9nez, encontrar lo que se necesite a partir de las palabras clave, fundamental en un archivo que contiene centenares de cintas. Adem\u00e1s, se han identificado y organizado las cintas de acuerdo con el principio de procedencia y se han dispuesto en el dep\u00f3sito del archivo seg\u00fan la organizaci\u00f3n de los proyectos que lo conforman. Jos\u00e9 S\u00e1nchez Montes ha agradecido el trabajo realizado explicando que \u201cla UGR es el sitio natural para acoger este material que, espero, se ver\u00e1 ampliado en un futuro\u201d.<\/p>\n<p style=\"text-align: justify;\">A partir de ahora, se podr\u00e1 localizar cualquiera de las cintas que, formalmente est\u00e1n ya disponibles en su totalidad. Sin embargo,la necesidad de disponer de reproductores espec\u00edficos para cada formato y la propia fragilidad de los soportes, no permite por ahora un acceso directo a los mismos como si de una videoteca de acceso p\u00fablico se tratara.<\/p>\n<p style=\"text-align: justify;\">Por ello, el siguiente paso, seg\u00fan ha informado el decano de la Facultad de Comunicaci\u00f3n y Documentaci\u00f3n, ser\u00e1 digitalizar las cintas de modo que queden a disposici\u00f3n p\u00fablica y sean de f\u00e1cil acceso. Para ello, de manera inmediata se iniciar\u00e1 el proceso de digitalizaci\u00f3n de las cintas para, a medio plazo, poner en marcha un sistema de gesti\u00f3n de ese fondo audiovisual a trav\u00e9s de la web de la UGR. La rectora ha explicado que este sistema albergar\u00e1 en un futuro no solo el legado S\u00e1nchez Montes sino todos los fondos audiovisuales de la universidad as\u00ed como cualquiera que pueda llegar en el futuro de otras instituciones, en lo que podr\u00eda ser el gran legado audiovisual de la provincia.<\/p>\n<p style=\"text-align: justify;\">El proceso de digitalizaci\u00f3n ser\u00e1 llevado a cabo en la Facultad de Comunicaci\u00f3n y Documentaci\u00f3n y hasta tanto est\u00e9 operativo el sistema de gesti\u00f3n, las cintas digitalizadas ir\u00e1n siendo accesibles a trav\u00e9s de la base de datos del Archivo. Las peticiones de usuarios que se vayan recibiendo, ha explicado el decano de la Facultad, se tendr\u00e1n en cuenta en proceso de digitalizaci\u00f3n, de manera que se digitalicen lo antes posible aquellos materiales que resultan de mayor inter\u00e9s para la comunidad universitaria<\/p>\n<p>https:\/\/canal.ugr.es\/noticia\/ugr-presenta-los-trabajos-de-archivistica-realizados-sobre-el-legado-audiovisual-de-jose-sanchez-montes\/<\/p>\n<p>&nbsp;<\/p>\n","protected":false},"excerpt":{"rendered":"<p>El cineasta don\u00f3 a la universidad m\u00e1s de 5.000 horas de material procedente de casi&#8230;<\/p>\n","protected":false},"author":1,"featured_media":53211,"comment_status":"closed","ping_status":"closed","sticky":false,"template":"","format":"standard","meta":{"_coblocks_attr":"","_coblocks_dimensions":"","_coblocks_responsive_height":"","_coblocks_accordion_ie_support":"","jetpack_post_was_ever_published":false,"_jetpack_newsletter_access":"","_jetpack_dont_email_post_to_subs":false,"_jetpack_newsletter_tier_id":0,"_jetpack_memberships_contains_paywalled_content":false,"_jetpack_memberships_contains_paid_content":false,"footnotes":"","jetpack_publicize_message":"","jetpack_publicize_feature_enabled":true,"jetpack_social_post_already_shared":true,"jetpack_social_options":{"image_generator_settings":{"template":"highway","default_image_id":0,"enabled":false},"version":2}},"categories":[1161,44,6937,6920,15],"tags":[4049,9078,9077],"class_list":["post-53210","post","type-post","status-publish","format-standard","has-post-thumbnail","hentry","category-ciudadania","category-noticias-de-hoy","category-sociedad","category-tecnologia","category-ultimas-noticias","tag-digitalizacion","tag-legado-audiovisual","tag-sanchez-montes"],"jetpack_publicize_connections":[],"jetpack_featured_media_url":"https:\/\/i0.wp.com\/miradordeatarfe.es\/wp-content\/uploads\/2022\/03\/220322-ARCHIVO-POSGRADO-3-scaled.webp?fit=2560%2C1707&ssl=1","jetpack_likes_enabled":true,"jetpack_sharing_enabled":true,"_links":{"self":[{"href":"https:\/\/miradordeatarfe.es\/index.php?rest_route=\/wp\/v2\/posts\/53210","targetHints":{"allow":["GET"]}}],"collection":[{"href":"https:\/\/miradordeatarfe.es\/index.php?rest_route=\/wp\/v2\/posts"}],"about":[{"href":"https:\/\/miradordeatarfe.es\/index.php?rest_route=\/wp\/v2\/types\/post"}],"author":[{"embeddable":true,"href":"https:\/\/miradordeatarfe.es\/index.php?rest_route=\/wp\/v2\/users\/1"}],"replies":[{"embeddable":true,"href":"https:\/\/miradordeatarfe.es\/index.php?rest_route=%2Fwp%2Fv2%2Fcomments&post=53210"}],"version-history":[{"count":1,"href":"https:\/\/miradordeatarfe.es\/index.php?rest_route=\/wp\/v2\/posts\/53210\/revisions"}],"predecessor-version":[{"id":53212,"href":"https:\/\/miradordeatarfe.es\/index.php?rest_route=\/wp\/v2\/posts\/53210\/revisions\/53212"}],"wp:featuredmedia":[{"embeddable":true,"href":"https:\/\/miradordeatarfe.es\/index.php?rest_route=\/wp\/v2\/media\/53211"}],"wp:attachment":[{"href":"https:\/\/miradordeatarfe.es\/index.php?rest_route=%2Fwp%2Fv2%2Fmedia&parent=53210"}],"wp:term":[{"taxonomy":"category","embeddable":true,"href":"https:\/\/miradordeatarfe.es\/index.php?rest_route=%2Fwp%2Fv2%2Fcategories&post=53210"},{"taxonomy":"post_tag","embeddable":true,"href":"https:\/\/miradordeatarfe.es\/index.php?rest_route=%2Fwp%2Fv2%2Ftags&post=53210"}],"curies":[{"name":"wp","href":"https:\/\/api.w.org\/{rel}","templated":true}]}}