{"id":53253,"date":"2022-03-25T11:29:20","date_gmt":"2022-03-25T10:29:20","guid":{"rendered":"https:\/\/miradordeatarfe.es\/?p=53253"},"modified":"2022-03-25T11:29:20","modified_gmt":"2022-03-25T10:29:20","slug":"atarfe-2o-festival-el-puntal","status":"publish","type":"post","link":"https:\/\/miradordeatarfe.es\/?p=53253","title":{"rendered":"ATARFE: 2\u00ba festival \u00abEL PUNTAL\u00bb"},"content":{"rendered":"<div class=\"\" dir=\"auto\">\n<div id=\"jsc_c_ua\" class=\"ecm0bbzt hv4rvrfc ihqw7lf3 dati1w0a\" data-ad-comet-preview=\"message\" data-ad-preview=\"message\">\n<div class=\"j83agx80 cbu4d94t ew0dbk1b irj2b8pg\">\n<div class=\"qzhwtbm6 knvmm38d\">\n<div class=\"kvgmc6g5 cxmmr5t8 oygrvhab hcukyx3x c1et5uql ii04i59q\">\n<h3 dir=\"auto\">La Concejal\u00eda de Juventud del Ayuntamiento de Atarfe organiza el segundo festival El Puntal, muestra de creaci\u00f3n joven, el pr\u00f3ximo 9 de abril.<\/h3>\n<\/div>\n<div class=\"cxmmr5t8 oygrvhab hcukyx3x c1et5uql o9v6fnle ii04i59q\">\n<div dir=\"auto\">La finalidad del festival es dar a conocer el potencial de la poblaci\u00f3n joven de Atarfe, a trav\u00e9s de los tres proyectos ganadores de la segunda convocatoria del Concurso de Material ATarfe 2021 (actividad que se volver\u00e1 a celebrar este a\u00f1o gracias a la concertaci\u00f3n de la Diputaci\u00f3n).<\/div>\n<div dir=\"auto\">\u00a0<\/div>\n<div dir=\"auto\">Se presentar\u00e1n los proyectos, de distintas tem\u00e1ticas, <strong>\u2018El banco del tiempo\u2019, de Javier Huertas Garc\u00eda;<\/strong> \u2018<strong>Conecta Atarfe\u2019, de F\u00e1tima P\u00e9rez V\u00edlchez;<\/strong> y \u2018<strong>La revoluci\u00f3n urbana\u2019, de Tania Mar\u00eda Arcos Valero.<\/strong><\/div>\n<div dir=\"auto\">\u00a0<\/div>\n<\/div>\n<div class=\"cxmmr5t8 oygrvhab hcukyx3x c1et5uql o9v6fnle ii04i59q\">\n<div dir=\"auto\">El festival contar\u00e1 adem\u00e1s con la actuaci\u00f3n de<strong><em> Christian Garc\u00eda, joven humorista y monologuista<\/em> <\/strong>grana\u00edno con mucha malafoll\u00e1. Tambi\u00e9n colaborar\u00e1n las asociaciones, academias y club de baile de Atarfe.<\/div>\n<div dir=\"auto\">\u00a0<\/div>\n<\/div>\n<div class=\"cxmmr5t8 oygrvhab hcukyx3x c1et5uql o9v6fnle ii04i59q\">\n<div dir=\"auto\">La entrada ser\u00e1 gratuita con invitaci\u00f3n para un festival que empezar\u00e1 a las <strong>siete de la tarde, en el Centro Cultural Medina Elvira<\/strong>. Las invitaciones se pueden recoger en el Espacio Joven, junto al estadio municipal, lunes, mi\u00e9rcoles y viernes por la ma\u00f1ana (9 a 14 horas) y martes y jueves por la tarde (16:30 a 19:30 horas).<\/div>\n<div dir=\"auto\">\u00a0<\/div>\n<div dir=\"auto\">Tambi\u00e9n pueden pedir llamando o mandando un WhatsApp al tel\u00e9fono 676484703 o mandando un correo a juventud@atarfe.es.<\/div>\n<div dir=\"auto\">\u00a0<\/div>\n<\/div>\n<div dir=\"auto\"><a href=\"https:\/\/i0.wp.com\/miradordeatarfe.es\/wp-content\/uploads\/2022\/03\/277220768_5109982159065613_7495089122013301079_n.jpg?ssl=1\"><img data-recalc-dims=\"1\" loading=\"lazy\" decoding=\"async\" class=\"alignnone wp-image-53254 size-full\" src=\"https:\/\/i0.wp.com\/miradordeatarfe.es\/wp-content\/uploads\/2022\/03\/277220768_5109982159065613_7495089122013301079_n.jpg?resize=640%2C905&#038;ssl=1\" alt=\"\" width=\"640\" height=\"905\" srcset=\"https:\/\/i0.wp.com\/miradordeatarfe.es\/wp-content\/uploads\/2022\/03\/277220768_5109982159065613_7495089122013301079_n.jpg?w=1240&amp;ssl=1 1240w, https:\/\/i0.wp.com\/miradordeatarfe.es\/wp-content\/uploads\/2022\/03\/277220768_5109982159065613_7495089122013301079_n.jpg?resize=212%2C300&amp;ssl=1 212w, https:\/\/i0.wp.com\/miradordeatarfe.es\/wp-content\/uploads\/2022\/03\/277220768_5109982159065613_7495089122013301079_n.jpg?resize=724%2C1024&amp;ssl=1 724w, https:\/\/i0.wp.com\/miradordeatarfe.es\/wp-content\/uploads\/2022\/03\/277220768_5109982159065613_7495089122013301079_n.jpg?resize=768%2C1086&amp;ssl=1 768w, https:\/\/i0.wp.com\/miradordeatarfe.es\/wp-content\/uploads\/2022\/03\/277220768_5109982159065613_7495089122013301079_n.jpg?resize=1086%2C1536&amp;ssl=1 1086w\" sizes=\"auto, (max-width: 640px) 100vw, 640px\" \/><\/a><\/div>\n<\/div>\n<\/div>\n<\/div>\n<\/div>\n","protected":false},"excerpt":{"rendered":"<p>La Concejal\u00eda de Juventud del Ayuntamiento de Atarfe organiza el segundo festival El Puntal, muestra&#8230;<\/p>\n","protected":false},"author":1,"featured_media":53255,"comment_status":"closed","ping_status":"closed","sticky":false,"template":"","format":"standard","meta":{"_coblocks_attr":"","_coblocks_dimensions":"","_coblocks_responsive_height":"","_coblocks_accordion_ie_support":"","jetpack_post_was_ever_published":false,"_jetpack_newsletter_access":"","_jetpack_dont_email_post_to_subs":false,"_jetpack_newsletter_tier_id":0,"_jetpack_memberships_contains_paywalled_content":false,"_jetpack_memberships_contains_paid_content":false,"footnotes":"","jetpack_publicize_message":"","jetpack_publicize_feature_enabled":true,"jetpack_social_post_already_shared":true,"jetpack_social_options":{"image_generator_settings":{"template":"highway","default_image_id":0,"enabled":false},"version":2}},"categories":[2,6916,1161,44,6937,15,10],"tags":[9086,9087],"class_list":["post-53253","post","type-post","status-publish","format-standard","has-post-thumbnail","hentry","category-atarfe","category-ayuntamiento-de-atarfe","category-ciudadania","category-noticias-de-hoy","category-sociedad","category-ultimas-noticias","category-salud","tag-el-puntal","tag-festival-de-creacion-joven"],"jetpack_publicize_connections":[],"jetpack_featured_media_url":"https:\/\/i0.wp.com\/miradordeatarfe.es\/wp-content\/uploads\/2022\/03\/277220768_5109982159065613_7495089122013301079_n-2.jpg?fit=1239%2C609&ssl=1","jetpack_likes_enabled":true,"jetpack_sharing_enabled":true,"_links":{"self":[{"href":"https:\/\/miradordeatarfe.es\/index.php?rest_route=\/wp\/v2\/posts\/53253","targetHints":{"allow":["GET"]}}],"collection":[{"href":"https:\/\/miradordeatarfe.es\/index.php?rest_route=\/wp\/v2\/posts"}],"about":[{"href":"https:\/\/miradordeatarfe.es\/index.php?rest_route=\/wp\/v2\/types\/post"}],"author":[{"embeddable":true,"href":"https:\/\/miradordeatarfe.es\/index.php?rest_route=\/wp\/v2\/users\/1"}],"replies":[{"embeddable":true,"href":"https:\/\/miradordeatarfe.es\/index.php?rest_route=%2Fwp%2Fv2%2Fcomments&post=53253"}],"version-history":[{"count":1,"href":"https:\/\/miradordeatarfe.es\/index.php?rest_route=\/wp\/v2\/posts\/53253\/revisions"}],"predecessor-version":[{"id":53256,"href":"https:\/\/miradordeatarfe.es\/index.php?rest_route=\/wp\/v2\/posts\/53253\/revisions\/53256"}],"wp:featuredmedia":[{"embeddable":true,"href":"https:\/\/miradordeatarfe.es\/index.php?rest_route=\/wp\/v2\/media\/53255"}],"wp:attachment":[{"href":"https:\/\/miradordeatarfe.es\/index.php?rest_route=%2Fwp%2Fv2%2Fmedia&parent=53253"}],"wp:term":[{"taxonomy":"category","embeddable":true,"href":"https:\/\/miradordeatarfe.es\/index.php?rest_route=%2Fwp%2Fv2%2Fcategories&post=53253"},{"taxonomy":"post_tag","embeddable":true,"href":"https:\/\/miradordeatarfe.es\/index.php?rest_route=%2Fwp%2Fv2%2Ftags&post=53253"}],"curies":[{"name":"wp","href":"https:\/\/api.w.org\/{rel}","templated":true}]}}