{"id":53266,"date":"2022-03-28T11:52:19","date_gmt":"2022-03-28T09:52:19","guid":{"rendered":"https:\/\/miradordeatarfe.es\/?p=53266"},"modified":"2022-05-26T10:03:45","modified_gmt":"2022-05-26T08:03:45","slug":"la-cancion-de-las-bibliotecas-por-remedios-sanchez","status":"publish","type":"post","link":"https:\/\/miradordeatarfe.es\/?p=53266","title":{"rendered":"\u00abLA CANCI\u00d3N DE LAS BIBLIOTECAS\u00bb por Remedios S\u00e1nchez"},"content":{"rendered":"<h3 style=\"text-align: justify;\">Primavera y un rumor leve de alondras por el viento desnudo de la ma\u00f1ana. \u00a0Los ni\u00f1os se acercan despaciosos al colegio, todav\u00eda con el sue\u00f1o apuntalado en sus pupilas y la esperanza intacta de construir su mundo. \u00a0La escuela es la patria de las palabras y tiene su coraz\u00f3n escondido (porque para eso en un tesoro) en las bibliotecas escolares.<\/h3>\n<p style=\"text-align: justify;\">All\u00ed el ni\u00f1o es un asombro que se anima a construir el universo usando las frases precisas, las verdaderamente necesarias con las que proteger la infancia, pero ese secreto s\u00f3lo lo conocen los maestros aut\u00e9nticos. As\u00ed, cuando descienden de los anaqueles, las historias pasan del papel a la realidad con la voz m\u00e1gica de los maestros. Pero hay que distinguir, claro, entre estos maestros de los que hablo y los docentes, que nada tienen que ver.\u00a0Los docentes son funcionarios capacitados -te\u00f3ricamente- para instruir en una materia determinada que conocen.<\/p>\n<p style=\"text-align: justify;\">Esos perfiles son peligrosos, pues no vislumbran el peligro de ignorar una herramienta capital que vertebra la educaci\u00f3n. \u00a0A esas edades primeras y, aunque sea intuitivamente, lo que buscamos es una patria segura donde resguardarnos del fr\u00edo y las incertidumbres. Y esa patria donde los prodigios son constantes la habitan exclusivamente los maestros, unos seres singulares que nos ense\u00f1an un modo de estar en el mundo desde su creatividad inmensa, con el gesto preciso para mantener la atenci\u00f3n y unas manos capaces de abarcar todas las tristezas y las alegr\u00edas que suponen crecer.<\/p>\n<p style=\"text-align: justify;\">Estos maestros -y maestras- verdaderos no necesitan normativas asfixiantes que los ahormen porque lo suyo es una tarea trascendental que no debe confundirse nunca con un quehacer de bur\u00f3cratas pedantegogos (el t\u00e9rmino es del tristemente desaparecido Gregorio Salvador). Por eso lo que requieren son alas para volar alto; y respeto, mucho respeto, porque han logrado el triple salto mortal que implica que sus chiquillos desconozcan lo que significa el aburrimiento, esa falta de entusiasmo que es tan responsable del fracaso escolar como las sucesivas leyes que intentan lastrar el magisterio bien entendido.<\/p>\n<p style=\"text-align: justify;\">As\u00ed, cuando se entra en las aulas de uno de estos maestros, basta abrir un libro para que, de pronto, un velero se alce y cabalgue los mares, con su pirata entonando su himno de aventura infinita; otras veces aparece una princesa capaz de cortar una estrella para adornar un prendedor (porque todo el mundo sabe que las princesas primorosas se parecen mucho a ti: cortan lirios, cortan astros, cortan rosas, son as\u00ed). Incluso, en ocasiones se escucha el trotecillo alegre que parece que se r\u00ede de Platero, o la serena reflexi\u00f3n de aquel poeta que recuerda el huerto claro de su ni\u00f1ez donde madura el limonero. Porque ser maestro supone poner en pie la verdad que cantan los libros que nos aguardan impacientes en los estantes, esos que encienden la pasi\u00f3n por la lectura.<\/p>\n<p style=\"text-align: justify;\">As\u00ed se demostr\u00f3 en el encuentro auspiciado por la Delegaci\u00f3n de Educaci\u00f3n que lidera Ana Berrocal y que organiz\u00f3 tan eficazmente su equipo de la Red Provincial de Bibliotecas Escolares, con la responsable, ese manantial inagotable de ideas luminosas que es Paqui Garc\u00eda, al frente. Por eso result\u00f3 tan emocionante constatar la hermandad de tantos profesionales conscientes de que, sin buenas bibliotecas adecuadamente coordinadas, resulta imposible forjar una sociedad habitable de personas completas, \u00edntegras y creativas que comprendan lo que significa realmente la palabra libertad.<\/p>\n<p style=\"text-align: justify;\">foto: Biblioteca escolar del Luisa de Marillac. <wbr \/> \/ <span class=\"source\">granada hoy<\/span><\/p>\n","protected":false},"excerpt":{"rendered":"<p>Primavera y un rumor leve de alondras por el viento desnudo de la ma\u00f1ana. \u00a0Los&#8230;<\/p>\n","protected":false},"author":1,"featured_media":53267,"comment_status":"closed","ping_status":"closed","sticky":false,"template":"","format":"standard","meta":{"_coblocks_attr":"","_coblocks_dimensions":"","_coblocks_responsive_height":"","_coblocks_accordion_ie_support":"","jetpack_post_was_ever_published":false,"_jetpack_newsletter_access":"","_jetpack_dont_email_post_to_subs":false,"_jetpack_newsletter_tier_id":0,"_jetpack_memberships_contains_paywalled_content":false,"_jetpack_memberships_contains_paid_content":false,"footnotes":"","jetpack_publicize_message":"","jetpack_publicize_feature_enabled":true,"jetpack_social_post_already_shared":true,"jetpack_social_options":{"image_generator_settings":{"template":"highway","default_image_id":0,"enabled":false},"version":2}},"categories":[187,1161,44,6914,6937,15],"tags":[9090,8592],"class_list":["post-53266","post","type-post","status-publish","format-standard","has-post-thumbnail","hentry","category-centros-educativos","category-ciudadania","category-noticias-de-hoy","category-opinion-de-reme-sanchez","category-sociedad","category-ultimas-noticias","tag-bibliotecas-escolares","tag-maestros-as"],"jetpack_publicize_connections":[],"jetpack_featured_media_url":"https:\/\/i0.wp.com\/miradordeatarfe.es\/wp-content\/uploads\/2022\/03\/Biblioteca-escolar-Luisa-Marillac_1199290366_75772914_667x375.jpg?fit=667%2C375&ssl=1","jetpack_likes_enabled":true,"jetpack_sharing_enabled":true,"_links":{"self":[{"href":"https:\/\/miradordeatarfe.es\/index.php?rest_route=\/wp\/v2\/posts\/53266","targetHints":{"allow":["GET"]}}],"collection":[{"href":"https:\/\/miradordeatarfe.es\/index.php?rest_route=\/wp\/v2\/posts"}],"about":[{"href":"https:\/\/miradordeatarfe.es\/index.php?rest_route=\/wp\/v2\/types\/post"}],"author":[{"embeddable":true,"href":"https:\/\/miradordeatarfe.es\/index.php?rest_route=\/wp\/v2\/users\/1"}],"replies":[{"embeddable":true,"href":"https:\/\/miradordeatarfe.es\/index.php?rest_route=%2Fwp%2Fv2%2Fcomments&post=53266"}],"version-history":[{"count":1,"href":"https:\/\/miradordeatarfe.es\/index.php?rest_route=\/wp\/v2\/posts\/53266\/revisions"}],"predecessor-version":[{"id":53268,"href":"https:\/\/miradordeatarfe.es\/index.php?rest_route=\/wp\/v2\/posts\/53266\/revisions\/53268"}],"wp:featuredmedia":[{"embeddable":true,"href":"https:\/\/miradordeatarfe.es\/index.php?rest_route=\/wp\/v2\/media\/53267"}],"wp:attachment":[{"href":"https:\/\/miradordeatarfe.es\/index.php?rest_route=%2Fwp%2Fv2%2Fmedia&parent=53266"}],"wp:term":[{"taxonomy":"category","embeddable":true,"href":"https:\/\/miradordeatarfe.es\/index.php?rest_route=%2Fwp%2Fv2%2Fcategories&post=53266"},{"taxonomy":"post_tag","embeddable":true,"href":"https:\/\/miradordeatarfe.es\/index.php?rest_route=%2Fwp%2Fv2%2Ftags&post=53266"}],"curies":[{"name":"wp","href":"https:\/\/api.w.org\/{rel}","templated":true}]}}