{"id":53269,"date":"2022-03-31T11:22:59","date_gmt":"2022-03-31T09:22:59","guid":{"rendered":"https:\/\/miradordeatarfe.es\/?p=53269"},"modified":"2022-03-25T14:12:22","modified_gmt":"2022-03-25T13:12:22","slug":"atarfe-curso-zen","status":"publish","type":"post","link":"https:\/\/miradordeatarfe.es\/?p=53269","title":{"rendered":"ATARFE: CURSO ZEN"},"content":{"rendered":"<div class=\"\" dir=\"auto\">\n<div id=\"jsc_c_kq\" class=\"ecm0bbzt hv4rvrfc ihqw7lf3 dati1w0a\" data-ad-comet-preview=\"message\" data-ad-preview=\"message\">\n<div class=\"j83agx80 cbu4d94t ew0dbk1b irj2b8pg\">\n<div class=\"qzhwtbm6 knvmm38d\">\n<div class=\"kvgmc6g5 cxmmr5t8 oygrvhab hcukyx3x c1et5uql ii04i59q\">\n<h3 dir=\"auto\" style=\"text-align: justify;\">La Fundaci\u00f3n Zen va a impartir un curso en Atarfe en el mes de abril, con la colaboraci\u00f3n del Ayuntamiento de Atarfe.<\/h3>\n<\/div>\n<div class=\"cxmmr5t8 oygrvhab hcukyx3x c1et5uql o9v6fnle ii04i59q\" style=\"text-align: justify;\">\n<div dir=\"auto\">El curso zen se basa en el control del sistema nervioso mediante la respiraci\u00f3n consciente, la meditaci\u00f3n y una simple pr\u00e1ctica de los \u201ctoques zen\u201d estimulando unos puntos energ\u00e9ticos\/chakras para eliminar posibles bloqueos y permitir que la energ\u00eda fluya correctamente por todo el cuerpo.<\/div>\n<div dir=\"auto\">\u00a0<\/div>\n<\/div>\n<div class=\"cxmmr5t8 oygrvhab hcukyx3x c1et5uql o9v6fnle ii04i59q\" style=\"text-align: justify;\">\n<div dir=\"auto\">Tiene una duraci\u00f3n de<strong> 6 horas impartidas a lo largo de 3 d\u00edas<\/strong>, siendo solo dos horas por d\u00eda.<\/div>\n<div dir=\"auto\">\u00a0<\/div>\n<\/div>\n<div class=\"cxmmr5t8 oygrvhab hcukyx3x c1et5uql o9v6fnle ii04i59q\" style=\"text-align: justify;\">\n<div dir=\"auto\">Es una herramienta pr\u00e1ctica y sencilla y al alcance de todo el mundo sin importar su estatus social, econ\u00f3mico, cultural u otro. No est\u00e1 relacionada con ninguna religi\u00f3n, doctrina ni la meditaci\u00f3n zen budista.<\/div>\n<div dir=\"auto\">\u00a0<\/div>\n<\/div>\n<div class=\"cxmmr5t8 oygrvhab hcukyx3x c1et5uql o9v6fnle ii04i59q\" style=\"text-align: justify;\">\n<div dir=\"auto\">El curso se desarrollar\u00e1 en el<strong> Centro C\u00edvico<\/strong>, en un <strong>primer nivel del 8 al 10 de abril, y en un segundo nivel del 22 al 24 de abril<\/strong>. (VIERNES TARDE\/S\u00c1BADO Y DOMINGO)<\/div>\n<div dir=\"auto\">\u00a0<\/div>\n<\/div>\n<div class=\"cxmmr5t8 oygrvhab hcukyx3x c1et5uql o9v6fnle ii04i59q\" style=\"text-align: justify;\">\n<div dir=\"auto\"><strong>Reservas por email a cursoszen2022@gmail.com<\/strong> indicando en el asunto \u2018Curso zen en Atarfe\u2019.<\/div>\n<div dir=\"auto\">\u00a0<\/div>\n<div dir=\"auto\">La Fundaci\u00f3n Zen, Servicio con Amor es una organizaci\u00f3n sin fines de lucro que busca otorgar una educaci\u00f3n hol\u00edstica -rompiendo con viejos paradigmas- bas\u00e1ndose en patrones de \u00e9tica y amor incondicional; sus fines fundacionales se dirigen con car\u00e1cter gen\u00e9rico a los colectivos de personas relacionadas con el \u00e1mbito de la cultura, el arte y la ciencia -en fase o periodo de investigaci\u00f3n- as\u00ed como todas aquellas personas o entidades que deseen participar en el mensaje del amor y la paz universal a trav\u00e9s de cursos, talleres, comidas ben\u00e9ficas, donaciones entre otras.<\/div>\n<\/div>\n<div dir=\"auto\">\n<div class=\"main-container\">\n<div class=\"container_24\">\n<div class=\"grid_24\">\n<div class=\"page-content-container\">\n<div class=\"page-content\">\n<div class=\"grid_16 alpha\">\n<div class=\"content-bar\">\n<p style=\"text-align: justify;\">La capacidad es activada poco a poco durante los 3 d\u00edas de clase mediante una activaci\u00f3n de los chakras\/centros energ\u00e9ticos al final de cada clase.<\/p>\n<p style=\"text-align: justify;\">A trav\u00e9s de los chakras se estimula el sistema nervioso para que produzca sus propios qu\u00edmicos para optimizar la salud f\u00edsica y mental y a la vez mantener un equilibrio energ\u00e9tico en general.<br \/>\nCon una buena pr\u00e1ctica, constancia y disciplina se puede alcanzar un estado de paz en la mente, paz en el sistema nervioso, paz en el cuerpo f\u00edsico y por lo tanto paz en el esp\u00edritu con la cual facilita conectar con la esencia y ser uno mismo.<\/p>\n<p style=\"text-align: justify;\"><em><strong>Zen simplemente significa Conciencia de la Vida.<\/strong><\/em><\/p>\n<p style=\"text-align: justify;\">Los cursos zen no tienen coste pero se acepta la voluntad si uno quiere colaborar con los gastos y los proyectos solidarios.<\/p>\n<\/div>\n<\/div>\n<\/div>\n<\/div>\n<\/div>\n<\/div>\n<\/div>\n<div class=\"footer-wrapper\">\u00a0<\/div>\n<\/div>\n<div class=\"cxmmr5t8 oygrvhab hcukyx3x c1et5uql o9v6fnle ii04i59q\">\n<div dir=\"auto\">\u00a0<\/div>\n<\/div>\n<\/div>\n<div dir=\"auto\"><a href=\"https:\/\/i0.wp.com\/miradordeatarfe.es\/wp-content\/uploads\/2022\/03\/277305327_5112659165464579_147543724040557056_n.jpg?ssl=1\"><img data-recalc-dims=\"1\" loading=\"lazy\" decoding=\"async\" class=\"alignnone wp-image-53270 size-full\" src=\"https:\/\/i0.wp.com\/miradordeatarfe.es\/wp-content\/uploads\/2022\/03\/277305327_5112659165464579_147543724040557056_n.jpg?resize=640%2C359&#038;ssl=1\" alt=\"\" width=\"640\" height=\"359\" srcset=\"https:\/\/i0.wp.com\/miradordeatarfe.es\/wp-content\/uploads\/2022\/03\/277305327_5112659165464579_147543724040557056_n.jpg?w=918&amp;ssl=1 918w, https:\/\/i0.wp.com\/miradordeatarfe.es\/wp-content\/uploads\/2022\/03\/277305327_5112659165464579_147543724040557056_n.jpg?resize=300%2C168&amp;ssl=1 300w, https:\/\/i0.wp.com\/miradordeatarfe.es\/wp-content\/uploads\/2022\/03\/277305327_5112659165464579_147543724040557056_n.jpg?resize=768%2C431&amp;ssl=1 768w\" sizes=\"auto, (max-width: 640px) 100vw, 640px\" \/><\/a><\/div>\n<\/div>\n<\/div>\n<\/div>\n","protected":false},"excerpt":{"rendered":"<p>La Fundaci\u00f3n Zen va a impartir un curso en Atarfe en el mes de abril,&#8230;<\/p>\n","protected":false},"author":1,"featured_media":53271,"comment_status":"closed","ping_status":"closed","sticky":false,"template":"","format":"standard","meta":{"_coblocks_attr":"","_coblocks_dimensions":"","_coblocks_responsive_height":"","_coblocks_accordion_ie_support":"","jetpack_post_was_ever_published":false,"_jetpack_newsletter_access":"","_jetpack_dont_email_post_to_subs":false,"_jetpack_newsletter_tier_id":0,"_jetpack_memberships_contains_paywalled_content":false,"_jetpack_memberships_contains_paid_content":false,"footnotes":"","jetpack_publicize_message":"","jetpack_publicize_feature_enabled":true,"jetpack_social_post_already_shared":true,"jetpack_social_options":{"image_generator_settings":{"template":"highway","default_image_id":0,"enabled":false},"version":2}},"categories":[2,1161,44,6937,15,10],"tags":[1798,9091],"class_list":["post-53269","post","type-post","status-publish","format-standard","has-post-thumbnail","hentry","category-atarfe","category-ciudadania","category-noticias-de-hoy","category-sociedad","category-ultimas-noticias","category-salud","tag-curso","tag-zen"],"jetpack_publicize_connections":[],"jetpack_featured_media_url":"https:\/\/i0.wp.com\/miradordeatarfe.es\/wp-content\/uploads\/2022\/03\/slider1.png?fit=950%2C390&ssl=1","jetpack_likes_enabled":true,"jetpack_sharing_enabled":true,"_links":{"self":[{"href":"https:\/\/miradordeatarfe.es\/index.php?rest_route=\/wp\/v2\/posts\/53269","targetHints":{"allow":["GET"]}}],"collection":[{"href":"https:\/\/miradordeatarfe.es\/index.php?rest_route=\/wp\/v2\/posts"}],"about":[{"href":"https:\/\/miradordeatarfe.es\/index.php?rest_route=\/wp\/v2\/types\/post"}],"author":[{"embeddable":true,"href":"https:\/\/miradordeatarfe.es\/index.php?rest_route=\/wp\/v2\/users\/1"}],"replies":[{"embeddable":true,"href":"https:\/\/miradordeatarfe.es\/index.php?rest_route=%2Fwp%2Fv2%2Fcomments&post=53269"}],"version-history":[{"count":1,"href":"https:\/\/miradordeatarfe.es\/index.php?rest_route=\/wp\/v2\/posts\/53269\/revisions"}],"predecessor-version":[{"id":53272,"href":"https:\/\/miradordeatarfe.es\/index.php?rest_route=\/wp\/v2\/posts\/53269\/revisions\/53272"}],"wp:featuredmedia":[{"embeddable":true,"href":"https:\/\/miradordeatarfe.es\/index.php?rest_route=\/wp\/v2\/media\/53271"}],"wp:attachment":[{"href":"https:\/\/miradordeatarfe.es\/index.php?rest_route=%2Fwp%2Fv2%2Fmedia&parent=53269"}],"wp:term":[{"taxonomy":"category","embeddable":true,"href":"https:\/\/miradordeatarfe.es\/index.php?rest_route=%2Fwp%2Fv2%2Fcategories&post=53269"},{"taxonomy":"post_tag","embeddable":true,"href":"https:\/\/miradordeatarfe.es\/index.php?rest_route=%2Fwp%2Fv2%2Ftags&post=53269"}],"curies":[{"name":"wp","href":"https:\/\/api.w.org\/{rel}","templated":true}]}}