{"id":53273,"date":"2022-03-30T11:00:27","date_gmt":"2022-03-30T09:00:27","guid":{"rendered":"https:\/\/miradordeatarfe.es\/?p=53273"},"modified":"2022-03-29T14:13:16","modified_gmt":"2022-03-29T12:13:16","slug":"el-ayuntamiento-de-atarfe-analiza-en-profundidad-el-estado-de-los-arboles-y-las-zonas-verdes-del-entorno-urbano","status":"publish","type":"post","link":"https:\/\/miradordeatarfe.es\/?p=53273","title":{"rendered":"EL AYUNTAMIENTO DE ATARFE ANALIZA EN PROFUNDIDAD EL ESTADO DE LOS \u00c1RBOLES Y LAS ZONAS VERDES DEL ENTORNO URBANO"},"content":{"rendered":"<div class=\"\" dir=\"auto\">\n<div id=\"jsc_c_p4\" class=\"ecm0bbzt hv4rvrfc ihqw7lf3 dati1w0a\" data-ad-comet-preview=\"message\" data-ad-preview=\"message\">\n<div class=\"j83agx80 cbu4d94t ew0dbk1b irj2b8pg\">\n<div class=\"qzhwtbm6 knvmm38d\">\n<div class=\"cxmmr5t8 oygrvhab hcukyx3x c1et5uql o9v6fnle ii04i59q\">\n<h3 dir=\"auto\" style=\"text-align: justify;\">Los \u00e1rboles urbanos son los pulmones verdes de la ciudad: traen vida, color y belleza a nuestros vecindarios, proveen comida y refugio a animales salvajes y aumentan nuestra salud y bienestar, manteni\u00e9ndonos a una temperatura agradable, reduciendo el ruido, limpiando el aire y conect\u00e1ndonos con la naturaleza.<\/h3>\n<div dir=\"auto\" style=\"text-align: justify;\">\u00a0<\/div>\n<\/div>\n<div class=\"cxmmr5t8 oygrvhab hcukyx3x c1et5uql o9v6fnle ii04i59q\" style=\"text-align: justify;\">\n<div dir=\"auto\">El Ayuntamiento de Atarfe ha realizado un estudio de sus \u00e1rboles urbanos, un total de 5.691 ejemplares de 128 especies diferentes.<\/div>\n<div dir=\"auto\">\u00a0<\/div>\n<div dir=\"auto\">El proyecto de \u2018Inventariado, Caracterizado y Mejora de las \u00c1reas Verdes Urbanas\u2019 ha permitido realizar inventario de especies vegetales, evaluar el estado de las \u00e1reas verdes urbanas y realizar propuestas de mejora. Adem\u00e1s, se han cuantificado par\u00e1metros como la producci\u00f3n de ox\u00edgeno de las zonas verdes, almacenamiento de carbono y eliminaci\u00f3n de part\u00edculas contaminantes, entre otras cosas.<\/div>\n<div dir=\"auto\">\u00a0<\/div>\n<\/div>\n<div class=\"cxmmr5t8 oygrvhab hcukyx3x c1et5uql o9v6fnle ii04i59q\" style=\"text-align: justify;\">\n<div dir=\"auto\">En el estudio se incluyen arbustos (46 especies, 553 ejemplares) y setos (18 especies, 90 ejemplares).<\/div>\n<\/div>\n<div class=\"cxmmr5t8 oygrvhab hcukyx3x c1et5uql o9v6fnle ii04i59q\" style=\"text-align: justify;\">\n<div dir=\"auto\">\u00a0<\/div>\n<div dir=\"auto\">En paralelo, el personal de jardiner\u00eda del Ayuntamiento ha trabajado en la detecci\u00f3n de necesidades de plantaci\u00f3n o reposici\u00f3n de algunas especies de \u00e1rboles y arbustos de todas las zonas verdes del municipio, as\u00ed como de las alineaciones de arbolado en las calles o de las especies vegetales ubicadas en plazas u otras zonas. As\u00ed, este a\u00f1o han plantado ya 128 \u00e1rboles y 3.977 arbustos por todo el municipio.<\/div>\n<div dir=\"auto\">\u00a0<\/div>\n<\/div>\n<div class=\"cxmmr5t8 oygrvhab hcukyx3x c1et5uql o9v6fnle ii04i59q\" style=\"text-align: justify;\">\n<div dir=\"auto\">Son importantes tambi\u00e9n los trabajos de poda, que se est\u00e1 acometiendo donde hay riesgo de ca\u00eddas, interferencias con viviendas o aparcamientos, etc\u00e9tera. El a\u00f1o pasado, dicho personal ha participado en el Seminario de Gesti\u00f3n del Arbolado Urbano del \u00e1rea de Medio Ambiente de la Diputaci\u00f3n de Granada, impartido por profesionales de la arboricultura, y en un an\u00e1lisis visual del \u00e1rbol para una correcta propuesta de poda (a trav\u00e9s de la Asociaci\u00f3n de Arboricultura).<\/div>\n<div dir=\"auto\">\u00a0<\/div>\n<\/div>\n<div class=\"cxmmr5t8 oygrvhab hcukyx3x c1et5uql o9v6fnle ii04i59q\" style=\"text-align: justify;\">\n<div dir=\"auto\">El Ayuntamiento ha detectado algunos ejemplares en mal estado en distintas zonas del municipio. Especies mal seleccionadas en el momento de su plantaci\u00f3n, falta de adaptaci\u00f3n de estas especies, malas pr\u00e1cticas en la poda, alcorques inadecuados que afectan al desarrollo del \u00e1rbol\u2026 son algunas de las razones que afectan al estado de los ejemplares. El personal de jardiner\u00eda va actuando de forma puntual en casos en los que existe alg\u00fan tipo de riesgo o donde se va a ejecutar una obra de remodelaci\u00f3n que afecta a alguna especie vegetal.<\/div>\n<div dir=\"auto\">\u00a0<\/div>\n<\/div>\n<div class=\"cxmmr5t8 oygrvhab hcukyx3x c1et5uql o9v6fnle ii04i59q\">\n<div dir=\"auto\" style=\"text-align: justify;\">En las situaciones en en las que se hace imprescindible la tala, el personal de jardiner\u00eda cuenta, adem\u00e1s de con su propio criterio, con asesoramiento externo de especialistas en arboricultura.<\/div>\n<div dir=\"auto\">\u00a0<\/div>\n<div dir=\"auto\"><a href=\"https:\/\/i0.wp.com\/miradordeatarfe.es\/wp-content\/uploads\/2022\/03\/276224607_5107786002618562_7596865102610964457_n.jpg?ssl=1\"><img data-recalc-dims=\"1\" loading=\"lazy\" decoding=\"async\" class=\"alignnone wp-image-53274 size-full\" src=\"https:\/\/i0.wp.com\/miradordeatarfe.es\/wp-content\/uploads\/2022\/03\/276224607_5107786002618562_7596865102610964457_n.jpg?resize=640%2C905&#038;ssl=1\" alt=\"\" width=\"640\" height=\"905\" srcset=\"https:\/\/i0.wp.com\/miradordeatarfe.es\/wp-content\/uploads\/2022\/03\/276224607_5107786002618562_7596865102610964457_n.jpg?w=1240&amp;ssl=1 1240w, https:\/\/i0.wp.com\/miradordeatarfe.es\/wp-content\/uploads\/2022\/03\/276224607_5107786002618562_7596865102610964457_n.jpg?resize=212%2C300&amp;ssl=1 212w, https:\/\/i0.wp.com\/miradordeatarfe.es\/wp-content\/uploads\/2022\/03\/276224607_5107786002618562_7596865102610964457_n.jpg?resize=724%2C1024&amp;ssl=1 724w, https:\/\/i0.wp.com\/miradordeatarfe.es\/wp-content\/uploads\/2022\/03\/276224607_5107786002618562_7596865102610964457_n.jpg?resize=768%2C1086&amp;ssl=1 768w, https:\/\/i0.wp.com\/miradordeatarfe.es\/wp-content\/uploads\/2022\/03\/276224607_5107786002618562_7596865102610964457_n.jpg?resize=1086%2C1536&amp;ssl=1 1086w\" sizes=\"auto, (max-width: 640px) 100vw, 640px\" \/><\/a><\/div>\n<\/div>\n<\/div>\n<\/div>\n<\/div>\n<\/div>\n","protected":false},"excerpt":{"rendered":"<p>Los \u00e1rboles urbanos son los pulmones verdes de la ciudad: traen vida, color y belleza&#8230;<\/p>\n","protected":false},"author":1,"featured_media":53275,"comment_status":"closed","ping_status":"closed","sticky":false,"template":"","format":"standard","meta":{"_coblocks_attr":"","_coblocks_dimensions":"","_coblocks_responsive_height":"","_coblocks_accordion_ie_support":"","jetpack_post_was_ever_published":false,"_jetpack_newsletter_access":"","_jetpack_dont_email_post_to_subs":false,"_jetpack_newsletter_tier_id":0,"_jetpack_memberships_contains_paywalled_content":false,"_jetpack_memberships_contains_paid_content":false,"footnotes":"","jetpack_publicize_message":"","jetpack_publicize_feature_enabled":true,"jetpack_social_post_already_shared":true,"jetpack_social_options":{"image_generator_settings":{"template":"highway","default_image_id":0,"enabled":false},"version":2}},"categories":[2,7725,6916,1161,44,15,10],"tags":[2255,251,2796],"class_list":["post-53273","post","type-post","status-publish","format-standard","has-post-thumbnail","hentry","category-atarfe","category-atarfe-sostenible","category-ayuntamiento-de-atarfe","category-ciudadania","category-noticias-de-hoy","category-ultimas-noticias","category-salud","tag-arboles","tag-contaminacion","tag-oxigeno"],"jetpack_publicize_connections":[],"jetpack_featured_media_url":"https:\/\/i0.wp.com\/miradordeatarfe.es\/wp-content\/uploads\/2022\/03\/800px-Atarfe_Granada_Spain.jpg?fit=800%2C533&ssl=1","jetpack_likes_enabled":true,"jetpack_sharing_enabled":true,"_links":{"self":[{"href":"https:\/\/miradordeatarfe.es\/index.php?rest_route=\/wp\/v2\/posts\/53273","targetHints":{"allow":["GET"]}}],"collection":[{"href":"https:\/\/miradordeatarfe.es\/index.php?rest_route=\/wp\/v2\/posts"}],"about":[{"href":"https:\/\/miradordeatarfe.es\/index.php?rest_route=\/wp\/v2\/types\/post"}],"author":[{"embeddable":true,"href":"https:\/\/miradordeatarfe.es\/index.php?rest_route=\/wp\/v2\/users\/1"}],"replies":[{"embeddable":true,"href":"https:\/\/miradordeatarfe.es\/index.php?rest_route=%2Fwp%2Fv2%2Fcomments&post=53273"}],"version-history":[{"count":1,"href":"https:\/\/miradordeatarfe.es\/index.php?rest_route=\/wp\/v2\/posts\/53273\/revisions"}],"predecessor-version":[{"id":53276,"href":"https:\/\/miradordeatarfe.es\/index.php?rest_route=\/wp\/v2\/posts\/53273\/revisions\/53276"}],"wp:featuredmedia":[{"embeddable":true,"href":"https:\/\/miradordeatarfe.es\/index.php?rest_route=\/wp\/v2\/media\/53275"}],"wp:attachment":[{"href":"https:\/\/miradordeatarfe.es\/index.php?rest_route=%2Fwp%2Fv2%2Fmedia&parent=53273"}],"wp:term":[{"taxonomy":"category","embeddable":true,"href":"https:\/\/miradordeatarfe.es\/index.php?rest_route=%2Fwp%2Fv2%2Fcategories&post=53273"},{"taxonomy":"post_tag","embeddable":true,"href":"https:\/\/miradordeatarfe.es\/index.php?rest_route=%2Fwp%2Fv2%2Ftags&post=53273"}],"curies":[{"name":"wp","href":"https:\/\/api.w.org\/{rel}","templated":true}]}}