{"id":53278,"date":"2022-03-29T10:34:51","date_gmt":"2022-03-29T08:34:51","guid":{"rendered":"https:\/\/miradordeatarfe.es\/?p=53278"},"modified":"2022-03-28T14:15:53","modified_gmt":"2022-03-28T12:15:53","slug":"la-universidad-de-granada-muestra-su-compromiso-con-la-economia-circular","status":"publish","type":"post","link":"https:\/\/miradordeatarfe.es\/?p=53278","title":{"rendered":"La Universidad de Granada muestra su compromiso con la Econom\u00eda Circular"},"content":{"rendered":"<h3 style=\"text-align: justify;\"><strong>Comienza una nueva edici\u00f3n del Programa de educaci\u00f3n ambiental sobre residuos y reciclaje dirigido a la comunidad universitaria \u2013 RECAPACICLA.<\/strong><\/h3>\n<p style=\"text-align: justify;\">El lunes 28 de marzo, en la Universidad de Granada, comienza una nueva edici\u00f3n del Programa de educaci\u00f3n ambiental sobre residuos y reciclaje dirigido a la comunidad universitaria \u2013 RECAPACICLA. La directora del Secretariado Campus Saludable, Mar\u00eda Bel\u00e9n Feriche Fern\u00e1ndez-Castanys, inaugurar\u00e1 esta d\u00e9cima edici\u00f3n del curso, acompa\u00f1ada por Alejandro Girela, jefe del Departamento de Residuos y Calidad Ambiental de la Delegaci\u00f3n Territorial de Desarrollo Sostenible de Granada, y V\u00edctor V\u00e1zquez, t\u00e9cnico de Ecoembes, ambos como entidades que organizan el Programa RECAPACICLA.<\/p>\n<p style=\"text-align: justify;\">Realizado por primera vez en 2011, el Programa RECAPACICLA es una iniciativa de la Junta de Andaluc\u00eda en colaboraci\u00f3n con la Federaci\u00f3n Andaluza de Municipios y Provincias (FAMP), las entidades sin \u00e1nimo de lucro Ecoembes y Ecovidrio, y las diferentes universidades p\u00fablicas andaluzas. Su objetivo es la sensibilizaci\u00f3n y concienciaci\u00f3n ciudadana, en especial de la comunidad universitaria, ante la necesidad de fomentar la separaci\u00f3n selectiva, recuperaci\u00f3n y reciclado de residuos de envases de vidrio, de pl\u00e1stico y de papel y cart\u00f3n. Para esta edici\u00f3n, en la Universidad de Granada se recupera el formato presencial, despu\u00e9s de que el a\u00f1o pasado se tuviera que realizar en formato online debido a la situaci\u00f3n socio-sanitaria derivada de la COVID-19. En este sentido, la Universidad de Granada se suma a otras universidades andaluzas que retoman las actividades presenciales del Programa combin\u00e1ndolas con el contenido web disponible en el portal web formativo, www.formacionrecapacicla.es, creado para realizar la formaci\u00f3n de manera online, con seminarios web en directo que se combinan con la participaci\u00f3n en foros y resoluci\u00f3n de ejercicios pr\u00e1cticos en el portal web.<\/p>\n<p style=\"text-align: justify;\">La \u00faltima edici\u00f3n del curso en todas las universidades p\u00fablicas andaluzas alcanz\u00f3 la cifra de 566 participantes, que se suman a los casi 29.000 que han participado desde el comienzo del Programa, hace ya 10 a\u00f1os. Adem\u00e1s de este \u00e9xito de participaci\u00f3n, tambi\u00e9n hay que tener en cuenta el grado de satisfacci\u00f3n de las personas que han realizado los cursos, que en la \u00faltima edici\u00f3n le dieron un 8,86 sobre 10 de media.<\/p>\n<p style=\"text-align: justify;\">Adem\u00e1s de los cursos formativos, el Programa RECAPACICLA tiene previsto este a\u00f1o otras actividades para fomentar la sensibilizaci\u00f3n y concienciaci\u00f3n. As\u00ed, est\u00e1 prevista la realizaci\u00f3n de dos encuentros t\u00e9cnicos entre las entidades responsables del Programa para establecer los lazos de conexi\u00f3n para la correcta ejecuci\u00f3n del mismo; un foro andaluz universitario sobre iniciativas de residuos y reciclaje que funcione como espacio de informaci\u00f3n, reflexi\u00f3n y participaci\u00f3n entre los miembros de la comunidad universitaria andaluza; y la difusi\u00f3n de material promocional y divulgativo, como v\u00eddeos y bolsas de separaci\u00f3n selectiva.<\/p>\n<p style=\"text-align: justify;\">El curso de Econom\u00eda Circular en la Universidad de Granada se desarrolla del 28 al 30 de marzo en el Campus de Fuentenueva con diversas charlas de t\u00e9cnicos, profesorado universitario y emprendedores expertos en la materia. La acogida por parte del alumnado ha sido muy buena, agotando las plazas disponibles para el mismo.<\/p>\n<p style=\"text-align: justify;\">M\u00e1s informaci\u00f3n del Programa RECAPACICLA y sus actividades en <a href=\"http:\/\/www.formacionrecapacicla.es\" target=\"_blank\" rel=\"noopener\">www.formacionrecapacicla.es<\/a><\/p>\n<p><a href=\"https:\/\/canal.ugr.es\/wp-content\/uploads\/2022\/03\/Curso-EC-Recapacicla-UGR-2021-2022-1.pdf\" target=\"_blank\" rel=\"noopener\">Curso EC Recapacicla UGR 2021-2022<\/a><\/p>\n<p><a href=\"https:\/\/i0.wp.com\/miradordeatarfe.es\/wp-content\/uploads\/2022\/03\/Cartel-Curso-EC-UGR-21-22-1.webp?ssl=1\"><img data-recalc-dims=\"1\" loading=\"lazy\" decoding=\"async\" class=\"alignnone wp-image-53279 size-full\" src=\"https:\/\/i0.wp.com\/miradordeatarfe.es\/wp-content\/uploads\/2022\/03\/Cartel-Curso-EC-UGR-21-22-1.webp?resize=640%2C923&#038;ssl=1\" alt=\"\" width=\"640\" height=\"923\" srcset=\"https:\/\/i0.wp.com\/miradordeatarfe.es\/wp-content\/uploads\/2022\/03\/Cartel-Curso-EC-UGR-21-22-1.webp?w=1169&amp;ssl=1 1169w, https:\/\/i0.wp.com\/miradordeatarfe.es\/wp-content\/uploads\/2022\/03\/Cartel-Curso-EC-UGR-21-22-1.webp?resize=208%2C300&amp;ssl=1 208w, https:\/\/i0.wp.com\/miradordeatarfe.es\/wp-content\/uploads\/2022\/03\/Cartel-Curso-EC-UGR-21-22-1.webp?resize=710%2C1024&amp;ssl=1 710w, https:\/\/i0.wp.com\/miradordeatarfe.es\/wp-content\/uploads\/2022\/03\/Cartel-Curso-EC-UGR-21-22-1.webp?resize=768%2C1108&amp;ssl=1 768w, https:\/\/i0.wp.com\/miradordeatarfe.es\/wp-content\/uploads\/2022\/03\/Cartel-Curso-EC-UGR-21-22-1.webp?resize=1065%2C1536&amp;ssl=1 1065w\" sizes=\"auto, (max-width: 640px) 100vw, 640px\" \/><\/a><\/p>\n","protected":false},"excerpt":{"rendered":"<p>Comienza una nueva edici\u00f3n del Programa de educaci\u00f3n ambiental sobre residuos y reciclaje dirigido a&#8230;<\/p>\n","protected":false},"author":1,"featured_media":53280,"comment_status":"closed","ping_status":"closed","sticky":false,"template":"","format":"standard","meta":{"_coblocks_attr":"","_coblocks_dimensions":"","_coblocks_responsive_height":"","_coblocks_accordion_ie_support":"","jetpack_post_was_ever_published":false,"_jetpack_newsletter_access":"","_jetpack_dont_email_post_to_subs":false,"_jetpack_newsletter_tier_id":0,"_jetpack_memberships_contains_paywalled_content":false,"_jetpack_memberships_contains_paid_content":false,"footnotes":"","jetpack_publicize_message":"","jetpack_publicize_feature_enabled":true,"jetpack_social_post_already_shared":true,"jetpack_social_options":{"image_generator_settings":{"template":"highway","default_image_id":0,"enabled":false},"version":2}},"categories":[7725,1161,9,44,7671,15,10],"tags":[6656,2213],"class_list":["post-53278","post","type-post","status-publish","format-standard","has-post-thumbnail","hentry","category-atarfe-sostenible","category-ciudadania","category-medio-ambiente","category-noticias-de-hoy","category-politica","category-ultimas-noticias","category-salud","tag-economia-circular","tag-ugr"],"jetpack_publicize_connections":[],"jetpack_featured_media_url":"https:\/\/i0.wp.com\/miradordeatarfe.es\/wp-content\/uploads\/2022\/03\/ugr-cartel.png?fit=480%2C336&ssl=1","jetpack_likes_enabled":true,"jetpack_sharing_enabled":true,"_links":{"self":[{"href":"https:\/\/miradordeatarfe.es\/index.php?rest_route=\/wp\/v2\/posts\/53278","targetHints":{"allow":["GET"]}}],"collection":[{"href":"https:\/\/miradordeatarfe.es\/index.php?rest_route=\/wp\/v2\/posts"}],"about":[{"href":"https:\/\/miradordeatarfe.es\/index.php?rest_route=\/wp\/v2\/types\/post"}],"author":[{"embeddable":true,"href":"https:\/\/miradordeatarfe.es\/index.php?rest_route=\/wp\/v2\/users\/1"}],"replies":[{"embeddable":true,"href":"https:\/\/miradordeatarfe.es\/index.php?rest_route=%2Fwp%2Fv2%2Fcomments&post=53278"}],"version-history":[{"count":2,"href":"https:\/\/miradordeatarfe.es\/index.php?rest_route=\/wp\/v2\/posts\/53278\/revisions"}],"predecessor-version":[{"id":53282,"href":"https:\/\/miradordeatarfe.es\/index.php?rest_route=\/wp\/v2\/posts\/53278\/revisions\/53282"}],"wp:featuredmedia":[{"embeddable":true,"href":"https:\/\/miradordeatarfe.es\/index.php?rest_route=\/wp\/v2\/media\/53280"}],"wp:attachment":[{"href":"https:\/\/miradordeatarfe.es\/index.php?rest_route=%2Fwp%2Fv2%2Fmedia&parent=53278"}],"wp:term":[{"taxonomy":"category","embeddable":true,"href":"https:\/\/miradordeatarfe.es\/index.php?rest_route=%2Fwp%2Fv2%2Fcategories&post=53278"},{"taxonomy":"post_tag","embeddable":true,"href":"https:\/\/miradordeatarfe.es\/index.php?rest_route=%2Fwp%2Fv2%2Ftags&post=53278"}],"curies":[{"name":"wp","href":"https:\/\/api.w.org\/{rel}","templated":true}]}}