{"id":53294,"date":"2022-03-29T10:00:02","date_gmt":"2022-03-29T08:00:02","guid":{"rendered":"https:\/\/miradordeatarfe.es\/?p=53294"},"modified":"2022-03-28T14:33:47","modified_gmt":"2022-03-28T12:33:47","slug":"varios-hospitales-andaluces-entre-los-mejores-de-espana-segun-una-prestigiosa-revista-americana","status":"publish","type":"post","link":"https:\/\/miradordeatarfe.es\/?p=53294","title":{"rendered":"Varios hospitales andaluces entre los mejores de Espa\u00f1a seg\u00fan una prestigiosa revista americana"},"content":{"rendered":"<div class=\"voc-article-container\">\n<article class=\"voc-article voc-article--detail voc-article--detail--base voc-article--photo-bottom\">\n<div class=\"voc-info-container\">\n<h2 class=\"voc-sub-title\" style=\"text-align: justify;\">Newsweek publica su lista de los 250 mejores centros sanitarios, p\u00fablicos y privados, de todo el mundo, entre los que incluye varios espa\u00f1oles<\/h2>\n<\/div>\n<\/article>\n<\/div>\n<div class=\"voc-detail\" data-voc-share-selection=\"\">\n<p class=\"voc-paragraph\" style=\"text-align: justify;\">La prestigiosa revista americana Newsweek elabora cada a\u00f1o un r\u00e1nking con los mejores hospitales, p\u00fablicos y privados, de todo le mundo. \u00abEl objetivo de este estudio es proporcionar la mejor comparaci\u00f3n basada en datos de la reputaci\u00f3n y el rendimiento de los hospitales entre pa\u00edses\u00bb, se\u00f1ala la publicaci\u00f3n de Nueva York.<\/p>\n<p class=\"voc-paragraph\" style=\"text-align: justify;\">Este a\u00f1o hace especial incidencia en la trascendencia de los centros hospitalarios y la labor de los sanitarios de todo el mundo para combatir una situaci\u00f3n tan compleja como la derivada por la pandemia. Dentro de esta lista, compuesta por 250 centros, se encuentran varios espa\u00f1oles, aunque los primeros puestos est\u00e1n ocupados por hospitales estadounidenses. Mayo Clinic de Rochester (1), Clevaland Clinic (2) y Massachusetts General Hospital (3) son los mejor valorados. El primer europeo es el Charit\u00e9-Universit\u00e4tsmedizin Berlin de Alemania (5).<\/p>\n<p class=\"voc-paragraph\" style=\"text-align: justify;\">El primer hospital espa\u00f1ol aparece en el puesto 52 de este r\u00e1nking mundial, el Hospital Universitario La Paz de Madrid. Los siguientes nacionales son el Hospital Cl\u00ednic de Barcelona (63) y el Hospital Universitario 12 de Octubre (66).<\/p>\n<p class=\"voc-paragraph\" style=\"text-align: justify;\">En cuanto a los centros sanitarios andaluces, la revista tambi\u00e9n elabora un r\u00e1nking a nivel nacional, donde varios se encuentran entre los 30 mejores. El primero es el Virgen del Roc\u00edo de Sevilla, und\u00e9cimo de la lista en Espa\u00f1a, seguido del Reina Sof\u00eda de C\u00f3rdoba (22) y del Virgen de las Nieves de Granada (28).<\/p>\n<p class=\"voc-paragraph\" style=\"text-align: justify;\">Los hospitales andaluces mejor situados en el conjunto nacional son:<\/p>\n<p class=\"voc-paragraph\">-Virgen del Roc\u00edo, de Sevilla (11).<\/p>\n<p class=\"voc-paragraph\">-Reina Sof\u00eda, de C\u00f3rdoba (22).<\/p>\n<p class=\"voc-paragraph\"><strong>-Virgen de las Nieves, de Granada (28).<\/strong><\/p>\n<p class=\"voc-paragraph\">-Virgen Macarena, de Sevilla (29).<\/p>\n<p class=\"voc-paragraph\">-Quironsalud M\u00e1laga (35).<\/p>\n<p class=\"voc-paragraph\">-Regional, M\u00e1laga (47)<\/p>\n<p class=\"voc-paragraph\">-Quironsalud Sagrado Coraz\u00f3n, Sevilla (49).<\/p>\n<p class=\"voc-paragraph\">-Virgen de Valme, Sevilla (53).<\/p>\n<p class=\"voc-paragraph\"><strong>-San Cecilio, Granada (60).<\/strong><\/p>\n<p class=\"voc-paragraph\">-Virgen de la Victoria, M\u00e1laga (63).<\/p>\n<p class=\"voc-paragraph\">-Hospital Costa del Sol (71).<\/p>\n<p class=\"voc-paragraph\">-Juan Ram\u00f3n Jim\u00e9nez, de Huelva (78).<\/p>\n<div class=\"voc-topics voc-detail-grid\">\n<h3>\u00a0<\/h3>\n<\/div>\n<\/div>\n","protected":false},"excerpt":{"rendered":"<p>Newsweek publica su lista de los 250 mejores centros sanitarios, p\u00fablicos y privados, de todo&#8230;<\/p>\n","protected":false},"author":1,"featured_media":53295,"comment_status":"closed","ping_status":"closed","sticky":false,"template":"","format":"standard","meta":{"_coblocks_attr":"","_coblocks_dimensions":"","_coblocks_responsive_height":"","_coblocks_accordion_ie_support":"","jetpack_post_was_ever_published":false,"_jetpack_newsletter_access":"","_jetpack_dont_email_post_to_subs":false,"_jetpack_newsletter_tier_id":0,"_jetpack_memberships_contains_paywalled_content":false,"_jetpack_memberships_contains_paid_content":false,"footnotes":"","jetpack_publicize_message":"","jetpack_publicize_feature_enabled":true,"jetpack_social_post_already_shared":true,"jetpack_social_options":{"image_generator_settings":{"template":"highway","default_image_id":0,"enabled":false},"version":2}},"categories":[1161,44,6937,15,10],"tags":[172,409],"class_list":["post-53294","post","type-post","status-publish","format-standard","has-post-thumbnail","hentry","category-ciudadania","category-noticias-de-hoy","category-sociedad","category-ultimas-noticias","category-salud","tag-andalucia","tag-sanidad"],"jetpack_publicize_connections":[],"jetpack_featured_media_url":"https:\/\/i0.wp.com\/miradordeatarfe.es\/wp-content\/uploads\/2022\/03\/virgen-de-las-nieves.jpg?fit=2362%2C1575&ssl=1","jetpack_likes_enabled":true,"jetpack_sharing_enabled":true,"_links":{"self":[{"href":"https:\/\/miradordeatarfe.es\/index.php?rest_route=\/wp\/v2\/posts\/53294","targetHints":{"allow":["GET"]}}],"collection":[{"href":"https:\/\/miradordeatarfe.es\/index.php?rest_route=\/wp\/v2\/posts"}],"about":[{"href":"https:\/\/miradordeatarfe.es\/index.php?rest_route=\/wp\/v2\/types\/post"}],"author":[{"embeddable":true,"href":"https:\/\/miradordeatarfe.es\/index.php?rest_route=\/wp\/v2\/users\/1"}],"replies":[{"embeddable":true,"href":"https:\/\/miradordeatarfe.es\/index.php?rest_route=%2Fwp%2Fv2%2Fcomments&post=53294"}],"version-history":[{"count":1,"href":"https:\/\/miradordeatarfe.es\/index.php?rest_route=\/wp\/v2\/posts\/53294\/revisions"}],"predecessor-version":[{"id":53296,"href":"https:\/\/miradordeatarfe.es\/index.php?rest_route=\/wp\/v2\/posts\/53294\/revisions\/53296"}],"wp:featuredmedia":[{"embeddable":true,"href":"https:\/\/miradordeatarfe.es\/index.php?rest_route=\/wp\/v2\/media\/53295"}],"wp:attachment":[{"href":"https:\/\/miradordeatarfe.es\/index.php?rest_route=%2Fwp%2Fv2%2Fmedia&parent=53294"}],"wp:term":[{"taxonomy":"category","embeddable":true,"href":"https:\/\/miradordeatarfe.es\/index.php?rest_route=%2Fwp%2Fv2%2Fcategories&post=53294"},{"taxonomy":"post_tag","embeddable":true,"href":"https:\/\/miradordeatarfe.es\/index.php?rest_route=%2Fwp%2Fv2%2Ftags&post=53294"}],"curies":[{"name":"wp","href":"https:\/\/api.w.org\/{rel}","templated":true}]}}