{"id":53297,"date":"2022-03-29T08:00:30","date_gmt":"2022-03-29T06:00:30","guid":{"rendered":"https:\/\/miradordeatarfe.es\/?p=53297"},"modified":"2022-03-28T14:33:16","modified_gmt":"2022-03-28T12:33:16","slug":"la-calima-regresa-a-andalucia-y-podria-volver-a-llover-barro-esta-semana","status":"publish","type":"post","link":"https:\/\/miradordeatarfe.es\/?p=53297","title":{"rendered":"La calima regresa a Andaluc\u00eda y podr\u00eda volver a llover barro esta semana"},"content":{"rendered":"<div class=\"voc-article-container\">\n<article class=\"voc-article voc-article--detail voc-article--detail--base voc-article--photo-bottom\">\n<div class=\"voc-info-container\">\n<h2 class=\"voc-sub-title\" style=\"text-align: justify;\">El polvo sahariano comenzar\u00e1 a entrar hoy en la regi\u00f3n y las previsiones apuntan a que durar\u00e1 hasta el martes por la noche-madrugada<\/h2>\n<\/div>\n<\/article>\n<\/div>\n<div class=\"voc-detail\" data-voc-share-selection=\"\">\n<p class=\"voc-paragraph\" style=\"text-align: justify;\">Hace dos semanas los cielos de Andaluc\u00eda se volv\u00edan rojos debido al polvo del S\u00e1hara que trajo consigo la borrasca Celia, lo que provoc\u00f3 grandes <a title=\"www.ideal.es\" href=\"https:\/\/www.ideal.es\/andalucia\/llovera-barro-andalucia-calima-20220325103929-nt.html\" data-voc-vtm-id=\"in-text-traffic\">lluvias de barro<\/a>. Un episodio excepcional que volvi\u00f3 a repetirse la semana pasada con nuevas &#8216;lluvias de sangre&#8217; y que todo apunta a que volver\u00e1 a suceder de nuevo estos d\u00edas, lo que implicar\u00eda la tercera semana consecutiva con <a title=\"www.ideal.es\" href=\"https:\/\/www.ideal.es\/andalucia\/drastico-cambio-tiempo-andalucia-fin-semana-calima-lluvia-20220324120018-nt.html\" data-voc-vtm-id=\"in-text-traffic\">calima<\/a> en la regi\u00f3n.<\/p>\n<p class=\"voc-paragraph\" style=\"text-align: justify;\">Un episodio que se espera que sea m\u00e1s corto que los anteriores y que presumiblemente no dejar\u00eda esta vez lluvias de barro, algo que \u00fanicamente depende de si llover\u00e1 o no durante este lunes y el martes. \u00abSer\u00e1 un episodio de calima muy corto que ya ha comenzado, aunque todav\u00eda la concentraci\u00f3n de polvo del S\u00e1hara no es tan grande como las semanas pasadas\u00bb, cuenta a IDEAL Jos\u00e9 Miguel Vi\u00f1as, meteor\u00f3logo de Meteored en www.tiempo.com.<\/p>\n<p class=\"voc-paragraph\" style=\"text-align: justify;\">Seg\u00fan detalla Vi\u00f1as, ser\u00e1 a partir de esta tarde cuando la concentraci\u00f3n de part\u00edculas comience a crecer, sobre todo en las provincias orientales de Andaluc\u00eda, con especial incidencia en Granada y Almer\u00eda. \u00abHasta bien entrada la jornada de ma\u00f1ana habr\u00e1 bastante polvo sahariano, as\u00ed que probablemente volvamos a ver cielos rojos similares a los que hemos tenido estas \u00faltimas semanas\u00bb.<\/p>\n<div class=\"voc-detail__cmp voc-detail__cmp--summary voc-detail__cmp--pad-lr\" style=\"text-align: justify;\">\n<div class=\"voc-article-container\">\n<article class=\"voc-article voc-article--cmp-summary \">\n<div class=\"voc-info-container\">\n<h2 class=\"voc-title\">\u00abHasta bien entrada la jornada de ma\u00f1ana habr\u00e1 bastante polvo sahariano, as\u00ed que probablemente volvamos a ver cielos rojos\u00bb<\/h2>\n<\/div>\n<\/article>\n<\/div>\n<\/div>\n<p class=\"voc-paragraph\" style=\"text-align: justify;\">Sobre la duraci\u00f3n, si se cumplen los pron\u00f3sticos comenzar\u00e1 a desplazarse al este a partir de ma\u00f1ana por la tarde, momento en el que la calima dejar\u00eda de afectar a Andaluc\u00eda. \u00abNo ser\u00e1 un episodio largo, pero habr\u00e1 horas con gran concentraci\u00f3n de polvo\u00bb. En cuanto a si se repetir\u00e1n las lluvias de barro de las dos \u00faltimas semanas, el meteor\u00f3logo apunta a que en principio no se esperan precipitaciones para este lunes y el martes, aunque esto es algo que podr\u00eda cambiar. \u00abA partir del mi\u00e9rcoles se espera que vuelvan las lluvias, pero para entonces en principio ya no habr\u00eda calima\u00bb.<\/p>\n<p class=\"voc-paragraph\" style=\"text-align: justify;\">Un episodio excepcional debido a la gran concentraci\u00f3n de polvo desplazado desde el norte de \u00c1frica que no se hab\u00eda repetido de forma tan frecuente en la pen\u00ednsula. \u00abEn Canarias s\u00ed es m\u00e1s habitual, pero para la pen\u00ednsula no hay registros de concentraciones tan elevadas de polvo\u00bb. Esto provocar\u00e1 que en el futuro los casos de estas semanas sean sometidos a estudio ya que \u00abcuando hay algo tan excepcional seguro que alg\u00fan factor se nos escapa\u00bb. En esa l\u00ednea, Vi\u00f1as apunta a que tanta llegada de polvo del S\u00e1hara puede deberse a las condiciones de esa zona, que vive en la actualidad una sequ\u00eda hist\u00f3rica y \u00abes probable que eso provoque que haya m\u00e1s facilidad de escape para el polvo\u00bb.<\/p>\n<div class=\"voc-author-timesocial__signature\">\n<div class=\"voc-author-timesocial__info\">\n<div class=\"voc-author-info\"><a class=\"voc-author\" title=\"ALBERTO FLORES\"><strong>ALBERTO FLORES<\/strong><\/a><\/div>\n<div>FOTO: <span class=\"voc-photo-author\">Alfredo Aguilar<\/span><\/div>\n<\/div>\n<div>https:\/\/www.ideal.es\/andalucia\/calima-regresa-andalucia-lluvia-barro-20220328111141-nt.html#vca=modulos&amp;vso=ideal&amp;vmc=lo-mas-leido&amp;vli=andalucia<\/div>\n<\/div>\n<div class=\"voc-author-timesocial__social\">\u00a0<\/div>\n<\/div>\n","protected":false},"excerpt":{"rendered":"<p>El polvo sahariano comenzar\u00e1 a entrar hoy en la regi\u00f3n y las previsiones apuntan a&#8230;<\/p>\n","protected":false},"author":1,"featured_media":53298,"comment_status":"closed","ping_status":"closed","sticky":false,"template":"","format":"standard","meta":{"_coblocks_attr":"","_coblocks_dimensions":"","_coblocks_responsive_height":"","_coblocks_accordion_ie_support":"","jetpack_post_was_ever_published":false,"_jetpack_newsletter_access":"","_jetpack_dont_email_post_to_subs":false,"_jetpack_newsletter_tier_id":0,"_jetpack_memberships_contains_paywalled_content":false,"_jetpack_memberships_contains_paid_content":false,"footnotes":"","jetpack_publicize_message":"","jetpack_publicize_feature_enabled":true,"jetpack_social_post_already_shared":true,"jetpack_social_options":{"image_generator_settings":{"template":"highway","default_image_id":0,"enabled":false},"version":2}},"categories":[2,1161,9,44,15],"tags":[9093,172,9094,4108],"class_list":["post-53297","post","type-post","status-publish","format-standard","has-post-thumbnail","hentry","category-atarfe","category-ciudadania","category-medio-ambiente","category-noticias-de-hoy","category-ultimas-noticias","tag-africa-continente","tag-andalucia","tag-calima","tag-sahara"],"jetpack_publicize_connections":[],"jetpack_featured_media_url":"https:\/\/i0.wp.com\/miradordeatarfe.es\/wp-content\/uploads\/2022\/03\/calima-andalucia-k26B-U1601469725961wxD-624x385%40Ideal.jpg?fit=624%2C385&ssl=1","jetpack_likes_enabled":true,"jetpack_sharing_enabled":true,"_links":{"self":[{"href":"https:\/\/miradordeatarfe.es\/index.php?rest_route=\/wp\/v2\/posts\/53297","targetHints":{"allow":["GET"]}}],"collection":[{"href":"https:\/\/miradordeatarfe.es\/index.php?rest_route=\/wp\/v2\/posts"}],"about":[{"href":"https:\/\/miradordeatarfe.es\/index.php?rest_route=\/wp\/v2\/types\/post"}],"author":[{"embeddable":true,"href":"https:\/\/miradordeatarfe.es\/index.php?rest_route=\/wp\/v2\/users\/1"}],"replies":[{"embeddable":true,"href":"https:\/\/miradordeatarfe.es\/index.php?rest_route=%2Fwp%2Fv2%2Fcomments&post=53297"}],"version-history":[{"count":1,"href":"https:\/\/miradordeatarfe.es\/index.php?rest_route=\/wp\/v2\/posts\/53297\/revisions"}],"predecessor-version":[{"id":53299,"href":"https:\/\/miradordeatarfe.es\/index.php?rest_route=\/wp\/v2\/posts\/53297\/revisions\/53299"}],"wp:featuredmedia":[{"embeddable":true,"href":"https:\/\/miradordeatarfe.es\/index.php?rest_route=\/wp\/v2\/media\/53298"}],"wp:attachment":[{"href":"https:\/\/miradordeatarfe.es\/index.php?rest_route=%2Fwp%2Fv2%2Fmedia&parent=53297"}],"wp:term":[{"taxonomy":"category","embeddable":true,"href":"https:\/\/miradordeatarfe.es\/index.php?rest_route=%2Fwp%2Fv2%2Fcategories&post=53297"},{"taxonomy":"post_tag","embeddable":true,"href":"https:\/\/miradordeatarfe.es\/index.php?rest_route=%2Fwp%2Fv2%2Ftags&post=53297"}],"curies":[{"name":"wp","href":"https:\/\/api.w.org\/{rel}","templated":true}]}}