{"id":53300,"date":"2022-03-30T08:54:41","date_gmt":"2022-03-30T06:54:41","guid":{"rendered":"https:\/\/miradordeatarfe.es\/?p=53300"},"modified":"2022-03-29T13:55:55","modified_gmt":"2022-03-29T11:55:55","slug":"el-sector-salud-va-a-tener-un-papel-importante-en-la-lucha-contra-el-cambio-climatico","status":"publish","type":"post","link":"https:\/\/miradordeatarfe.es\/?p=53300","title":{"rendered":"\u00abEl sector salud va a tener un papel importante en la lucha contra el cambio clim\u00e1tico\u00bb"},"content":{"rendered":"<article>\n<h3>El sector salud va a tener un papel importante en la lucha contra el cambio clim\u00e1tico. Esta es una de las apreciaciones del <strong>astrobi\u00f3logo Felipe G\u00f3mez<\/strong> en el espacio <a title=\"'Ciencia para vivir mejor'\" href=\"https:\/\/www.consalud.es\/ciencia-para-vivir-mejor\" target=\"_blank\" rel=\"nofollow noopener\" data-external=\"1\">&#8216;Ciencia para vivir mejor&#8217;<\/a>.<\/h3>\n<p>El cient\u00edfico analiza en una entrevista en el plat\u00f3 de <a title=\"Consalud TV\" href=\"https:\/\/www.consalud.es\/consalud-tv\" target=\"_blank\" rel=\"nofollow noopener\" data-external=\"1\">Consalud TV<\/a> el papel de la industria farmac\u00e9utica contra el calentamiento global. \u00abEs una industria que tiene una producci\u00f3n de efectos de gases invernaderos, principalmente de CO2. Por lo tanto, cualquier desarrollo en este \u00e1mbito, como por ejemplo los inhaladores, que puedan evitar la huella de carbono es fundamental\u00bb, explica.<\/p>\n<p>Durante la charla, el astrobi\u00f3logo tambi\u00e9n ofrece su visi\u00f3n de una sociedad sostenible, donde el uso de fuentes de energ\u00eda sostenible es el gran protagonista.<\/p>\n<p><iframe loading=\"lazy\" title=\"YouTube video player\" src=\"https:\/\/www.youtube.com\/embed\/IFuEzIEhLYw\" width=\"800\" height=\"450\" frameborder=\"0\" allowfullscreen=\"allowfullscreen\" data-mce-fragment=\"1\"><\/iframe><\/p>\n<p class=\"need\">Porque salud necesitamos todos&#8230; ConSalud.es<\/p>\n<\/article>\n<p>&nbsp;<\/p>\n<p><a class=\"name-author\" title=\"Marta G\u00f3mez\" href=\"https:\/\/www.consalud.es\/marta-gomez_28_115.html\"><strong>Marta G\u00f3mez<\/strong><\/a><\/p>\n<p>FOTO: El astrobi\u00f3logo Felipe G\u00f3mez explica de qu\u00e9 manera podr\u00eda implicarse la industria farmac\u00e9utica en la lucha contra el cambio clim\u00e1tico<\/p>\n<div class=\"others\">\n<div class=\"col-xs-16 col-sm-16 col-md-16 col-lg-5 author\">\u00a0<\/div>\n<\/div>\n","protected":false},"excerpt":{"rendered":"<p>El sector salud va a tener un papel importante en la lucha contra el cambio&#8230;<\/p>\n","protected":false},"author":1,"featured_media":0,"comment_status":"closed","ping_status":"closed","sticky":false,"template":"","format":"standard","meta":{"_coblocks_attr":"","_coblocks_dimensions":"","_coblocks_responsive_height":"","_coblocks_accordion_ie_support":"","jetpack_post_was_ever_published":false,"_jetpack_newsletter_access":"","_jetpack_dont_email_post_to_subs":false,"_jetpack_newsletter_tier_id":0,"_jetpack_memberships_contains_paywalled_content":false,"_jetpack_memberships_contains_paid_content":false,"footnotes":"","jetpack_publicize_message":"","jetpack_publicize_feature_enabled":true,"jetpack_social_post_already_shared":true,"jetpack_social_options":{"image_generator_settings":{"template":"highway","default_image_id":0,"enabled":false},"version":2}},"categories":[1161,7149,9,44,15],"tags":[271,55],"class_list":["post-53300","post","type-post","status-publish","format-standard","hentry","category-ciudadania","category-coronavirus","category-medio-ambiente","category-noticias-de-hoy","category-ultimas-noticias","tag-cambio-climatico","tag-salud"],"jetpack_publicize_connections":[],"jetpack_featured_media_url":"","jetpack_likes_enabled":true,"jetpack_sharing_enabled":true,"_links":{"self":[{"href":"https:\/\/miradordeatarfe.es\/index.php?rest_route=\/wp\/v2\/posts\/53300","targetHints":{"allow":["GET"]}}],"collection":[{"href":"https:\/\/miradordeatarfe.es\/index.php?rest_route=\/wp\/v2\/posts"}],"about":[{"href":"https:\/\/miradordeatarfe.es\/index.php?rest_route=\/wp\/v2\/types\/post"}],"author":[{"embeddable":true,"href":"https:\/\/miradordeatarfe.es\/index.php?rest_route=\/wp\/v2\/users\/1"}],"replies":[{"embeddable":true,"href":"https:\/\/miradordeatarfe.es\/index.php?rest_route=%2Fwp%2Fv2%2Fcomments&post=53300"}],"version-history":[{"count":2,"href":"https:\/\/miradordeatarfe.es\/index.php?rest_route=\/wp\/v2\/posts\/53300\/revisions"}],"predecessor-version":[{"id":53304,"href":"https:\/\/miradordeatarfe.es\/index.php?rest_route=\/wp\/v2\/posts\/53300\/revisions\/53304"}],"wp:attachment":[{"href":"https:\/\/miradordeatarfe.es\/index.php?rest_route=%2Fwp%2Fv2%2Fmedia&parent=53300"}],"wp:term":[{"taxonomy":"category","embeddable":true,"href":"https:\/\/miradordeatarfe.es\/index.php?rest_route=%2Fwp%2Fv2%2Fcategories&post=53300"},{"taxonomy":"post_tag","embeddable":true,"href":"https:\/\/miradordeatarfe.es\/index.php?rest_route=%2Fwp%2Fv2%2Ftags&post=53300"}],"curies":[{"name":"wp","href":"https:\/\/api.w.org\/{rel}","templated":true}]}}