{"id":53305,"date":"2022-03-30T09:26:32","date_gmt":"2022-03-30T07:26:32","guid":{"rendered":"https:\/\/miradordeatarfe.es\/?p=53305"},"modified":"2022-03-29T14:01:29","modified_gmt":"2022-03-29T12:01:29","slug":"talleres-de-la-casa-de-porras-curso-2021-2022-modulo-3-abril-junio-2022","status":"publish","type":"post","link":"https:\/\/miradordeatarfe.es\/?p=53305","title":{"rendered":"Talleres de la Casa de Porras Curso 2021\/2022. M\u00f3dulo 3 (abril-junio 2022)"},"content":{"rendered":"<div class=\"entry-content\">\n<h3><strong>PLAZO INSCRIPCI\u00d3N: del 2 de marzo al 3 de abril. <\/strong><strong>Inicio de los talleres 4 de abril. <\/strong><strong>Finalizaci\u00f3n de los talleres 10 de junio<\/strong><\/h3>\n<ul>\n<li>ACUARELA Avanzado, 5 de abril de 2022 \u2013 8 de junio de 2022<\/li>\n<li>ACUARELA Inicial, 5 de abril de 2022 \u2013 8 de junio de 2022<\/li>\n<li>AGROECOLOG\u00cdA Inicial, 4 de abril de 2022 \u2013 6 de junio de 2022<\/li>\n<li>AGROECOLOG\u00cdA Medio, 5 de abril de 2022 \u2013 7 de junio de 2022<\/li>\n<li>APRENDER A VER CINE Inicial, 4 de abril de 2022 \u2013 6 de junio de 2022<\/li>\n<li>\u00c1RBOLES Inicial, 7 de abril de 2022 \u2013 19 de mayo de 2022<\/li>\n<li>ARQUEOLOG\u00cdA AMBIENTALISTA DEL AGUA PARA UNA TRANSICI\u00d3N, ECOCULTURAL EN GRANADA Avanzado, 8 de abril de 2022 \u2013 3 de junio de 2022<\/li>\n<li>ARQUEOLOG\u00cdA AMBIENTALISTA DEL AGUA PARA UNA TRANSICI\u00d3N ECOCULTURAL EN GRANADA Inicial, 7 de abril de 2022 \u2013 9 de junio de 2022<\/li>\n<li>ARTE Y CREACI\u00d3N 3D Inicial, 8 de abril de 2022 \u2013 3 de junio de 2022<\/li>\n<li>BAILE FLAMENCO nivel inicial, 4 de abril de 2022 \u2013 8 de junio de 2022<\/li>\n<li>BAILE FLAMENCO nivel Medio, 4 de abril de 2022 \u2013 8 de junio de 2022<\/li>\n<li>BODY-MINDFULNESS: ATENCI\u00d3N PLENA Avanzado, 5 de abril de 2022 \u2013 7 de junio de 2022<\/li>\n<li>ARTE VISUAL, DISE\u00d1O Y ARTESAN\u00cdA, BORDADO EN TUL Inicial, 8 de abril de 2022 \u2013 3 de junio de 2022<\/li>\n<li>CABARET Inicial, 6 de abril de 2022 \u2013 8 de junio de 2022<\/li>\n<li>CANTE FLAMENCO Inicial, 4 de abril de 2022 \u2013 8 de junio de 2022<\/li>\n<li>CATA DE ACEITE DE OLIVA Inicial, 5 de abril de 2022 \u2013 7 de junio de 2022<\/li>\n<li>CESTER\u00cdA Avanzado, 4 de abril de 2022 \u2013 6 de junio de 2022<\/li>\n<li>CESTER\u00cdA Inicial, 7 de abril de 2022 \u2013 9 de junio de 2022<\/li>\n<li>COMO ESCRIBIR CUENTO Y NOVELA Inicial, 7 de abril de 2022 \u2013 9 de junio de 2022<\/li>\n<li>CONOCIMIENTO Y CATA DE VINOS Avanzado, 8 de abril de 2022 \u2013 3 de junio de 2022<\/li>\n<li>CONOCIMIENTO Y CATA DE VINOS Inicial, 7 de abril de 2022 \u2013 9 de junio de 2022<\/li>\n<li>CREACI\u00d3N CINEMATOGR\u00c1FICA Inicial, 5 de abril de 2022 \u2013 7 de junio de 2022<\/li>\n<li>CREACI\u00d3N SONORA Inicial, 5 de abril de 2022 \u2013 9 de junio de 2022<\/li>\n<li>CUERO Y MARROQUINER\u00cdA Inicial, 8 de abril de 2022 \u2013 3 de junio de 2022<\/li>\n<li>DANZA ORIENTAL Inicial Grupo I, 5 de abril de 2022 \u2013 9 de junio de 2022<\/li>\n<li>DANZA ORIENTAL Inicial Grupo II, 4 de abril de 2022 \u2013 8 de junio de 2022<\/li>\n<li>DIBUJANDO GRANADA. BOCETOS Y CROQUIS ART\u00cdSTICOS-Inicial, 7 de abril de 2022 \u2013 9 de junio de 2022<\/li>\n<li>DIBUJO, 4 de abril de 2022 \u2013 8 de junio de 2022<\/li>\n<li>EDICI\u00d3N DE VIDEO Inicial, 7 de abril de 2022 \u2013 9 de junio de 2022<\/li>\n<li>ELABORACI\u00d3N ARTESANAL DE CERVEZA Y CATA Inicial, 6 de abril de 2022 \u2013 8 de junio de 2022<\/li>\n<li>ESCRITURA CREATIVA Inicial, 5 de abril de 2022 \u2013 7 de junio de 2022<\/li>\n<li>ETNOBOT\u00c1NICA Y COSM\u00c9TICA NATURAL Inicial, 5 de abril de 2022 \u2013 7 de junio de 2022<\/li>\n<li>ETNOBOT\u00c1NICA Y COSM\u00c9TICA NATURAL Medio, 5 de abril de 2022 \u2013 7 de junio de 2022<\/li>\n<li>SALUD, ALIMENTACI\u00d3N Y DEPORTE, FISIOPILATES MAT Inicial Grupo I, 4 de abril de 2022 \u2013 8 de junio de 2022<\/li>\n<li>FISIOPILATES MAT Inicial Grupo II, 4 de abril de 2022 \u2013 8 de junio de 2022<\/li>\n<li>FOTOGRAF\u00cdA avanzado, 6 de abril de 2022 \u2013 8 de junio de 2022<\/li>\n<li>FOTOGRAF\u00cdA Inicial, 4 de abril de 2022 \u2013 6 de junio de 2022<\/li>\n<li>GRANADA EN FEMENINO. RUTAS CULTURALES A TRAV\u00c9S DE LA PRESENCIA Y LA AUSENCIA DE LAS MUJERES EN EL ESPACIO URBANO, 7 de abril de 2022 \u2013 9 de junio de 2022<\/li>\n<li>GUI\u00d3N CINEMATOGR\u00c1FICO Inicial, 6 de abril de 2022 \u2013 8 de junio de 2022<\/li>\n<li>GUITARRA FLAMENCA inicial Grupo I, 5 de abril de 2022 \u2013 9 de junio de 2022<\/li>\n<li>GUITARRA FLAMENCA inicial Grupo II, 5 de abril de 2022 \u2013 9 de junio de 2022<\/li>\n<li>GUITARRA FLAMENCA medio, 5 de abril de 2022 \u2013 9 de junio de 2022<\/li>\n<li>INICIACI\u00d3N A LA CER\u00c1MICA grupo I, 4 de abril de 2022 \u2013 6 de junio de 2022<\/li>\n<li>INICIACI\u00d3N A LA CER\u00c1MICA grupo II, 8 de abril de 2022 \u2013 3 de junio de 2022<\/li>\n<li>INICIACI\u00d3N A LA CER\u00c1MICA grupo III, 6 de abril de 2022 \u2013 8 de junio de 2022<\/li>\n<li>INICIACI\u00d3N AL GRABADO, 6 de abril de 2022 \u2013 8 de junio de 2022<\/li>\n<li>INICIACI\u00d3N AL PATRONAJE HIST\u00d3RICO Y ESC\u00c9NICO Inicial, 4 de abril de 2022 \u2013 6 de junio de 2022<\/li>\n<li>INTRODUCCI\u00d3N A LA PRODUCCI\u00d3N Y CREACI\u00d3N MUSICAL Inicial, 7 de abril de 2022 \u2013 9 de junio de 2022<\/li>\n<li>LIBRO ARTE: NARRATIVA Y CREACI\u00d3N PL\u00c1STICA Inicial, 5 de abril de 2022 \u2013 7 de junio de 2022<\/li>\n<li>MINDFULNESS Y MEDITACI\u00d3N Inicial, 5 de abril de 2022 \u2013 9 de junio de 2022<\/li>\n<li>PINTURA Avanzado, 4 de abril de 2022 \u2013 6 de junio de 2022<\/li>\n<li>PINTURA EN SEDA Y BATIK Inicial, 5 de abril de 2022 \u2013 7 de junio de 2022<\/li>\n<li>PINTURA Inicial, 6 de abril de 2022 \u2013 8 de junio de 2022<\/li>\n<li>REDES SOCIALES: APRENDE A USARLAS PARA TU OBJETIVO Inicial, 8 de abril de 2022 \u2013 3 de junio de 2022<\/li>\n<li>REPARACI\u00d3N Y CUSTOMIZADO DE MUEBLES Inicial, 7 de abril de 2022 \u2013 9 de junio de 2022<\/li>\n<li>RUTAS POR LA HISTORIA Y LOS PERSONAJES GRANADINOS, 9 de abril de 2022 \u2013 4 de junio de 2022<\/li>\n<li>RUTAS URBANAS PARA DESCUBRIR GRANADA Grupo I, 8 de abril de 2022 \u2013 3 de junio de 2022<\/li>\n<li>RUTAS URBANAS PARA DESCUBRIR GRANADA Grupo II, 8 de abril de 2022 \u2013 3 de junio de 2022<\/li>\n<li>SCRAPBOOKING Y OTRAS MANUALIDADES DE PAPEL Inicial, 6 de abril de 2022 \u2013 8 de junio de 2022<\/li>\n<li>SENDERISMO: CONOCIMIENTO DEL ENTORNO NATURAL Medio, 23 de abril de 2022 \u2013 11 de junio de 2022<\/li>\n<li>STRETCHING E HIGIENE POSTURAL Inicial, 4 de abril de 2022 \u2013 8 de junio de 2022,<\/li>\n<li>TEATRO F\u00cdSICO: EL CUERPO EN EL ESPACIO Inicial, 4 de abril de 2022 \u2013 6 de junio de 2022<\/li>\n<li>TEATRO Inicial grupo I, 5 de abril de 2022 \u2013 7 de junio de 2022<\/li>\n<li>TEATRO Inicial grupo II, 7 de abril de 2022 \u2013 9 de junio de 2022<\/li>\n<li>T\u00c9CNICA VOCAL CANTADA Y HABLADA Inicial, 8 de abril de 2022 \u2013 3 de junio de 2022<\/li>\n<li>TIENDA ONLINE: APRENDE A VENDER EN LA WEB Y EN REDES Inicial, 7 de abril de 2022 \u2013 9 de junio de 2022<\/li>\n<li>VIDRIO PINTADO Y COCIDO, 5 de abril de 2022 \u2013 7 de junio de 2022<\/li>\n<li>YOGA Inicial grupo I, 5 de abril de 2022 \u2013 9 de junio de 2022<\/li>\n<li>YOGA Inicial grupo II, 5 de abril de 2022 \u2013 9 de junio de 2022<\/li>\n<li>YOGA Inicial grupo III, 5 de abril de 2022 \u2013 9 de junio de 2022<\/li>\n<\/ul>\n<p><strong>Web<\/strong>: <a href=\"https:\/\/casadeporras.ugr.es\/actividades\/\">https:\/\/casadeporras.ugr.es\/actividades\/<\/a><\/p>\n<p><strong>M\u00e1s informaci\u00f3n: <\/strong><\/p>\n<p><strong>Direcci\u00f3n del centro:<\/strong> Palacio del Almirante (Placeta del Almirante, s\/n \u2013 18071 Granada)<br \/>\nHorario: de lunes a viernes de 08:00 h a 22:00 h \/ Verano: 9:00 a 14:00 horas<br \/>\nTel\u00e9fono: 958 071 246 Int.:79992<\/p>\n<p><strong>Oficina administrativa:<\/strong> Espacio V Centenario (Avda. de Madrid, s\/n \u2013 18071 Granada)<br \/>\nHorario: de lunes a viernes de 9 a 14 horas<br \/>\nTel\u00e9fono: 958241000 ext. 20612<\/p>\n<p><strong>Correo electr\u00f3nico:<\/strong> <a href=\"mailto:csporras@ugr.es\">csporras@ugr.es<\/a>\u00a0 \/ Direcci\u00f3n: <a href=\"mailto:dir_csporras@ugr.es\">dir_csporras@ugr.es<\/a><\/p>\n<\/div>\n","protected":false},"excerpt":{"rendered":"<p>PLAZO INSCRIPCI\u00d3N: del 2 de marzo al 3 de abril. Inicio de los talleres 4&#8230;<\/p>\n","protected":false},"author":1,"featured_media":53308,"comment_status":"closed","ping_status":"closed","sticky":false,"template":"","format":"standard","meta":{"_coblocks_attr":"","_coblocks_dimensions":"","_coblocks_responsive_height":"","_coblocks_accordion_ie_support":"","jetpack_post_was_ever_published":false,"_jetpack_newsletter_access":"","_jetpack_dont_email_post_to_subs":false,"_jetpack_newsletter_tier_id":0,"_jetpack_memberships_contains_paywalled_content":false,"_jetpack_memberships_contains_paid_content":false,"footnotes":"","jetpack_publicize_message":"","jetpack_publicize_feature_enabled":true,"jetpack_social_post_already_shared":true,"jetpack_social_options":{"image_generator_settings":{"template":"highway","default_image_id":0,"enabled":false},"version":2}},"categories":[1161,44,6937,15,10],"tags":[8861,129,248,2213],"class_list":["post-53305","post","type-post","status-publish","format-standard","has-post-thumbnail","hentry","category-ciudadania","category-noticias-de-hoy","category-sociedad","category-ultimas-noticias","category-salud","tag-casa-porras","tag-granada","tag-talleres","tag-ugr"],"jetpack_publicize_connections":[],"jetpack_featured_media_url":"https:\/\/i0.wp.com\/miradordeatarfe.es\/wp-content\/uploads\/2022\/03\/IMG_0939-350x197-1.jpg?fit=350%2C197&ssl=1","jetpack_likes_enabled":true,"jetpack_sharing_enabled":true,"_links":{"self":[{"href":"https:\/\/miradordeatarfe.es\/index.php?rest_route=\/wp\/v2\/posts\/53305","targetHints":{"allow":["GET"]}}],"collection":[{"href":"https:\/\/miradordeatarfe.es\/index.php?rest_route=\/wp\/v2\/posts"}],"about":[{"href":"https:\/\/miradordeatarfe.es\/index.php?rest_route=\/wp\/v2\/types\/post"}],"author":[{"embeddable":true,"href":"https:\/\/miradordeatarfe.es\/index.php?rest_route=\/wp\/v2\/users\/1"}],"replies":[{"embeddable":true,"href":"https:\/\/miradordeatarfe.es\/index.php?rest_route=%2Fwp%2Fv2%2Fcomments&post=53305"}],"version-history":[{"count":1,"href":"https:\/\/miradordeatarfe.es\/index.php?rest_route=\/wp\/v2\/posts\/53305\/revisions"}],"predecessor-version":[{"id":53307,"href":"https:\/\/miradordeatarfe.es\/index.php?rest_route=\/wp\/v2\/posts\/53305\/revisions\/53307"}],"wp:featuredmedia":[{"embeddable":true,"href":"https:\/\/miradordeatarfe.es\/index.php?rest_route=\/wp\/v2\/media\/53308"}],"wp:attachment":[{"href":"https:\/\/miradordeatarfe.es\/index.php?rest_route=%2Fwp%2Fv2%2Fmedia&parent=53305"}],"wp:term":[{"taxonomy":"category","embeddable":true,"href":"https:\/\/miradordeatarfe.es\/index.php?rest_route=%2Fwp%2Fv2%2Fcategories&post=53305"},{"taxonomy":"post_tag","embeddable":true,"href":"https:\/\/miradordeatarfe.es\/index.php?rest_route=%2Fwp%2Fv2%2Ftags&post=53305"}],"curies":[{"name":"wp","href":"https:\/\/api.w.org\/{rel}","templated":true}]}}