{"id":53319,"date":"2022-03-31T08:35:40","date_gmt":"2022-03-31T06:35:40","guid":{"rendered":"https:\/\/miradordeatarfe.es\/?p=53319"},"modified":"2022-03-30T13:39:28","modified_gmt":"2022-03-30T11:39:28","slug":"francia-elecciones-en-guerra","status":"publish","type":"post","link":"https:\/\/miradordeatarfe.es\/?p=53319","title":{"rendered":"Francia: elecciones en guerra"},"content":{"rendered":"<h3 style=\"text-align: justify;\">La invasi\u00f3n de Ucrania puede desactivar los populismos en las urnas y fortalecer la protecci\u00f3n de las fr\u00e1giles democracias europeas<\/h3>\n<p style=\"text-align: justify;\">La invasi\u00f3n rusa de Ucrania ha fortalecido a la Uni\u00f3n Europea y a la OTAN. Tambi\u00e9n deber\u00eda fortalecer a las democracias occidentales, sometidas desde hace una d\u00e9cada a una tensi\u00f3n interna por fuerzas populistas de derecha y de izquierda, y hoy enfrentadas a un desaf\u00edo externo e incomparablemente mayor: el de un aut\u00f3crata, Vlad\u00edmir Putin, que bombardea civiles ucranios y esgrime ante el mundo el arma nuclear.<\/p>\n<p style=\"text-align: justify;\">Las elecciones presidenciales del 10 y el 24 de abril en Francia permitir\u00e1n evaluar el impacto en las urnas de la guerra que Putin inici\u00f3 el 24 de febrero. <a href=\"http:\/\/t.newsletter.elpais.com\/r\/?id=h3a8e07d1,81f1cf4,48cbb07\" target=\"_blank\" rel=\"noopener\" data-saferedirecturl=\"https:\/\/www.google.com\/url?q=http:\/\/t.newsletter.elpais.com\/r\/?id%3Dh3a8e07d1,81f1cf4,48cbb07&amp;source=gmail&amp;ust=1648726518365000&amp;usg=AOvVaw0AOb09zqYPaAL_IFpAlWsQ\">Los sondeos reflejan el llamado efecto bandera: en tiempos de crisis, suele producirse un cierre de filas en torno al l\u00edder.<\/a> El actual presidente, el centrista Emmanuel Macron, se ha consolidado como favorito, aunque ha perdido algo de ventaja en los \u00faltimos d\u00edas respecto a <a href=\"http:\/\/t.newsletter.elpais.com\/r\/?id=h3a8e07d1,81f1cf4,48cbb08\" target=\"_blank\" rel=\"noopener\" data-saferedirecturl=\"https:\/\/www.google.com\/url?q=http:\/\/t.newsletter.elpais.com\/r\/?id%3Dh3a8e07d1,81f1cf4,48cbb08&amp;source=gmail&amp;ust=1648726518365000&amp;usg=AOvVaw0O283OwcgoDQrFfUwE_vcT\">su inmediata perseguidora, Marine Le Pen, l\u00edder hist\u00f3rica de la extrema derecha.<\/a> Como en la recta final de la campa\u00f1a anterior, en 2017, el l\u00edder de la izquierda populista, Jean-Luc M\u00e9lenchon, se ha impuesto como candidato del voto \u00fatil de la izquierda y cree tener opciones para pasar a la segunda vuelta.<\/p>\n<p style=\"text-align: justify;\">En el contexto de guerra y amenaza existencial para Europa, incluso los candidatos m\u00e1s radicales se esfuerzan por suavizar sus posiciones. Le Pen, que en una campa\u00f1a anterior recibi\u00f3 un pr\u00e9stamo millonario de un banco ruso, ya no quiere, como en 2017, sacar a Francia de la UE y del euro. M\u00e9lenchon, que en enero justificaba la movilizaci\u00f3n militar rusa por la supuesta \u201camenaza\u201d que planteaba Ucrania, sigue siendo partidario de abandonar la OTAN, pero ahora dice que, en plena guerra, no es el momento de sacar a su pa\u00eds del campo occidental. Es significativo que el mayor damnificado en los sondeos haya sido <a href=\"http:\/\/t.newsletter.elpais.com\/r\/?id=h3a8e07d1,81f1cf4,48cbb09\" target=\"_blank\" rel=\"noopener\" data-saferedirecturl=\"https:\/\/www.google.com\/url?q=http:\/\/t.newsletter.elpais.com\/r\/?id%3Dh3a8e07d1,81f1cf4,48cbb09&amp;source=gmail&amp;ust=1648726518365000&amp;usg=AOvVaw2ws5PbjXbl2D2VSMC3iXxR\">el tertuliano ultra \u00c9ric Zemmour,<\/a> cuyos exabruptos racistas y entusiastas declaraciones de fe en Putin casan mal con el imperativo de pacificaci\u00f3n en esta campa\u00f1a.<\/p>\n<p style=\"text-align: justify;\">La guerra ha impuesto un momento de sobriedad y de seriedad. Quiz\u00e1 marque el inicio del final de una d\u00e9cada populista en Occidente que ha envalentonado a los aut\u00f3cratas en Rusia o China. En poco m\u00e1s de un mes, los europeos se han rearmado militar e institucionalmente con el env\u00edo de armamento a Ucrania o <a href=\"http:\/\/t.newsletter.elpais.com\/r\/?id=h3a8e07d1,81f1cf4,48cbb0a\" target=\"_blank\" rel=\"noopener\" data-saferedirecturl=\"https:\/\/www.google.com\/url?q=http:\/\/t.newsletter.elpais.com\/r\/?id%3Dh3a8e07d1,81f1cf4,48cbb0a&amp;source=gmail&amp;ust=1648726518365000&amp;usg=AOvVaw2BFoDCPzfXcPZTW76P1RXF\">las sanciones masivas a Rusia.<\/a> Pero es la hora, tambi\u00e9n, de un rearme ideol\u00f3gico. Putin ve en la UE la encarnaci\u00f3n de la decadencia occidental y el relativismo moral, pero al atacar a un pa\u00eds democr\u00e1tico y que aspira a entrar en la UE como es Ucrania puede actuar como un electrochoque: nos ha recordado que no hay que dar por seguras las imperfectas democracias pluralistas, y que merece la pena defenderlas. En este combate, Francia es capital.<\/p>\n<p>EL PAIS<\/p>\n","protected":false},"excerpt":{"rendered":"<p>La invasi\u00f3n de Ucrania puede desactivar los populismos en las urnas y fortalecer la protecci\u00f3n&#8230;<\/p>\n","protected":false},"author":1,"featured_media":53320,"comment_status":"closed","ping_status":"closed","sticky":false,"template":"","format":"standard","meta":{"_coblocks_attr":"","_coblocks_dimensions":"","_coblocks_responsive_height":"","_coblocks_accordion_ie_support":"","jetpack_post_was_ever_published":false,"_jetpack_newsletter_access":"","_jetpack_dont_email_post_to_subs":false,"_jetpack_newsletter_tier_id":0,"_jetpack_memberships_contains_paywalled_content":false,"_jetpack_memberships_contains_paid_content":false,"footnotes":"","jetpack_publicize_message":"","jetpack_publicize_feature_enabled":true,"jetpack_social_post_already_shared":true,"jetpack_social_options":{"image_generator_settings":{"template":"highway","default_image_id":0,"enabled":false},"version":2}},"categories":[1161,44,7671,15],"tags":[171,1646],"class_list":["post-53319","post","type-post","status-publish","format-standard","has-post-thumbnail","hentry","category-ciudadania","category-noticias-de-hoy","category-politica","category-ultimas-noticias","tag-elecciones","tag-francia"],"jetpack_publicize_connections":[],"jetpack_featured_media_url":"https:\/\/i0.wp.com\/miradordeatarfe.es\/wp-content\/uploads\/2022\/03\/FRANCIA.png?fit=940%2C529&ssl=1","jetpack_likes_enabled":true,"jetpack_sharing_enabled":true,"_links":{"self":[{"href":"https:\/\/miradordeatarfe.es\/index.php?rest_route=\/wp\/v2\/posts\/53319","targetHints":{"allow":["GET"]}}],"collection":[{"href":"https:\/\/miradordeatarfe.es\/index.php?rest_route=\/wp\/v2\/posts"}],"about":[{"href":"https:\/\/miradordeatarfe.es\/index.php?rest_route=\/wp\/v2\/types\/post"}],"author":[{"embeddable":true,"href":"https:\/\/miradordeatarfe.es\/index.php?rest_route=\/wp\/v2\/users\/1"}],"replies":[{"embeddable":true,"href":"https:\/\/miradordeatarfe.es\/index.php?rest_route=%2Fwp%2Fv2%2Fcomments&post=53319"}],"version-history":[{"count":1,"href":"https:\/\/miradordeatarfe.es\/index.php?rest_route=\/wp\/v2\/posts\/53319\/revisions"}],"predecessor-version":[{"id":53321,"href":"https:\/\/miradordeatarfe.es\/index.php?rest_route=\/wp\/v2\/posts\/53319\/revisions\/53321"}],"wp:featuredmedia":[{"embeddable":true,"href":"https:\/\/miradordeatarfe.es\/index.php?rest_route=\/wp\/v2\/media\/53320"}],"wp:attachment":[{"href":"https:\/\/miradordeatarfe.es\/index.php?rest_route=%2Fwp%2Fv2%2Fmedia&parent=53319"}],"wp:term":[{"taxonomy":"category","embeddable":true,"href":"https:\/\/miradordeatarfe.es\/index.php?rest_route=%2Fwp%2Fv2%2Fcategories&post=53319"},{"taxonomy":"post_tag","embeddable":true,"href":"https:\/\/miradordeatarfe.es\/index.php?rest_route=%2Fwp%2Fv2%2Ftags&post=53319"}],"curies":[{"name":"wp","href":"https:\/\/api.w.org\/{rel}","templated":true}]}}