{"id":53351,"date":"2022-03-31T10:24:57","date_gmt":"2022-03-31T08:24:57","guid":{"rendered":"https:\/\/miradordeatarfe.es\/?p=53351"},"modified":"2022-03-31T10:24:57","modified_gmt":"2022-03-31T08:24:57","slug":"juana-rivas-podra-viajar-a-italia-a-ver-sus-hijos-sin-limitacion","status":"publish","type":"post","link":"https:\/\/miradordeatarfe.es\/?p=53351","title":{"rendered":"Juana Rivas podr\u00e1 viajar a Italia a ver sus hijos \u00absin limitaci\u00f3n\u00bb"},"content":{"rendered":"<h3 class=\"voc-sub-title\" style=\"text-align: justify;\">La granadina est\u00e1 \u00abmuy contenta\u00bb con la decisi\u00f3n de la Audiencia de suspenderle la pena tras haber obtenido el indulto parcial del Gobierno, seg\u00fan su defensa<\/h3>\n<p class=\"voc-paragraph\" style=\"text-align: justify;\">El recurso interpuesto ante la Audiencia Provincial de Granada por Juana Rivas, la madre de Maracena a la que el Gobierno concedi\u00f3 el indulto parcial tras ser condenada por la sustracci\u00f3n de sus dos hijos menores, ha prosperado y, ahora, Juana Rivas podr\u00e1 viajar a Italia a ver a sus hijos o donde ella quiera sin problema y sin limitaci\u00f3n alguna.<\/p>\n<p class=\"voc-paragraph\" style=\"text-align: justify;\">El tribunal provincial ha acordado suspenderle la pena de prisi\u00f3n que se le hab\u00eda impuesto, eso s\u00ed con la condici\u00f3n de que participe en programas de parentalidad positiva, algo que hab\u00eda solicitado el abogado del padre de los menores, el italiano Francesco Arcuri, que ejerce la acusaci\u00f3n particular.<\/p>\n<p class=\"voc-paragraph\" style=\"text-align: justify;\">De este modo, si Juana Rivas no acudiera a los citados cursos o cometiera un nuevo il\u00edcito durante el plazo de suspensi\u00f3n que se concede, que es de tres a\u00f1os, podr\u00eda dar lugar a que se revoque el beneficio de la suspensi\u00f3n.<\/p>\n<p class=\"voc-paragraph\" style=\"text-align: justify;\">La granadina, que trajo a Espa\u00f1a y mantuvo ocultos a sus dos hijos durante un mes en el verano de 2017 para no devolv\u00e9rselos a su expareja, estaba cumpliendo pena en su domicilio con un brazalete de control telem\u00e1tico desde finales del a\u00f1o pasado y a\u00fan le quedaba alrededor de medio a\u00f1o de condena.<\/p>\n<div class=\"voc-detail__cmp voc-detail__cmp--summary voc-detail__cmp--pad-lr\" style=\"text-align: justify;\">\n<div class=\"voc-article-container\">\n<article class=\"voc-article voc-article--cmp-summary \">\n<div class=\"voc-info-container\">\n<h2 class=\"voc-title\">La madre de Maracena estaba cumpliendo condena en su domicilio con una pulsera telem\u00e1tica<\/h2>\n<\/div>\n<\/article>\n<\/div>\n<\/div>\n<p class=\"voc-paragraph\" style=\"text-align: justify;\">Su defensa solicit\u00f3 la suspensi\u00f3n de la pena el 18 de noviembre pasado, despu\u00e9s de que el Gobierno le concediera el indulto parcial y dejara en la mitad la condena de dos a\u00f1os y medio que fij\u00f3 el Tribunal Supremo (TS). Lo pidi\u00f3 al titular del Juzgado de lo Penal 1 de Granada, el magistrado Manuel Pi\u00f1ar, quien se lo deneg\u00f3 el 9 de diciembre pasado, recurriendo entonces la defensa su negativa.<\/p>\n<p class=\"voc-paragraph\" style=\"text-align: justify;\">IDEAL ha tenido acceso al auto dictado por la Secci\u00f3n Primera de la Audiencia que har\u00e1 que Juana Rivas se pueda quitar la pulsera telem\u00e1tica en breve. Se trata de una resoluci\u00f3n de 18 p\u00e1ginas, fechada el 23 de marzo, y que es firme. En ella se estima parcialmente el recurso de la madre de Maracena y se indica que para acordar esta suspensi\u00f3n se ha tenido en cuenta \u00abque tanto la acusaci\u00f3n p\u00fablica como la particular han estado conformes\u00bb con su concesi\u00f3n.<\/p>\n<p class=\"voc-paragraph\" style=\"text-align: justify;\">La Audiencia recuerda que no existen responsabilidades civiles que pagar, puesto que Juana Rivas ya abon\u00f3 a su expareja los 12.000 euros fijados de indemnizaci\u00f3n. Adem\u00e1s, no tiene otros antecedentes; solo ha cometido el delito de sustracci\u00f3n de menores que le ha llevado a este laberinto judicial. Por ello, al tribunal le parece \u00abadecuado\u00bb conceder el beneficio.<\/p>\n<div class=\"voc-detail__cmp voc-detail__cmp--title voc-detail__cmp--no-margin\" style=\"text-align: justify;\">\n<h3 class=\"voc-detail__title\">Asistencia \u00abnecesaria\u00bb<\/h3>\n<\/div>\n<p class=\"voc-paragraph\" style=\"text-align: justify;\">La asistencia a estos programas \u00abse considera necesaria \u2013agrega la Audiencia\u2013 para evitar la comisi\u00f3n de nuevos delitos\u00bb por parte de la granadina. Esta justific\u00f3 su decisi\u00f3n de traer sus hijos consigo a Espa\u00f1a en 2016 en unos supuestos \u2013y hasta ahora descartados judicialmente\u2013 malos tratos de su expareja mientras resid\u00edan ambos en Carloforte, al sur de Cerde\u00f1a. All\u00ed Arcuri regenta una hospeder\u00eda.<\/p>\n<p class=\"voc-paragraph\" style=\"text-align: justify;\">Los magistrados de la Secci\u00f3n Primera no ven que someterla a esa obligaci\u00f3n sea \u00abni excesiva ni desproporcionada\u00bb, pues el propio abogado de Arcuri, Enrique Zambrano, se hab\u00eda mostrado a favor del citado plan de parentalidad positiva, si bien ped\u00eda que no fuera impartido por el Centro de la Mujer de Maracena.<\/p>\n<p class=\"voc-paragraph\" style=\"text-align: justify;\">Al margen de esta resoluci\u00f3n, ayer trascendi\u00f3 tambi\u00e9n que el letrado de Arcuri ha solicitado al TS que anule el indulto concedido a su expareja. El motivo, seg\u00fan Europa Press, es que entiende que fue arbitrario porque se adopt\u00f3 \u00aba pesar de las irregularidades manifiestas del expediente\u00bb y toda vez que se concedi\u00f3 de forma \u00abexpr\u00e9s\u00bb, \u00abmuy por debajo de la media de resoluci\u00f3n, que se halla en ocho meses\u00bb.<\/p>\n<p class=\"voc-paragraph\" style=\"text-align: justify;\">Juana Rivas lleg\u00f3 a ingresar en el Centro Penitenciario de Inserci\u00f3n Social de Granada &#8216;Matilde Cantos&#8217; el 11 de junio del a\u00f1o pasado y obtuvo el indulto parcial del Ejecutivo de Pedro S\u00e1nchez cuando llevaba cinco meses cumpliendo condena en ese recinto.<\/p>\n<div class=\"voc-detail__cmp voc-detail__cmp--title voc-detail__cmp--no-margin\" style=\"text-align: justify;\">\n<h3 class=\"voc-detail__title\">Indulto parcial<\/h3>\n<\/div>\n<p class=\"voc-paragraph\" style=\"text-align: justify;\">El Gobierno le redujo la pena a un a\u00f1o y tres meses de prisi\u00f3n y 180 d\u00edas de inhabilitaci\u00f3n especial para el ejercicio de la patria potestad, de modo que ya reun\u00eda los requisitos que establece la ley para poder beneficiarse de la suspensi\u00f3n (ser la pena impuesta menor o igual a dos a\u00f1os, no tener antecedentes penales y haber pagado la indemnizaci\u00f3n). Sin embargo, el juez Pi\u00f1ar no accedi\u00f3.<\/p>\n<p class=\"voc-paragraph\" style=\"text-align: justify;\">La custodia de sus dos hijos menores fue concedida por la justicia italiana a Arcuri de forma exclusiva, al tiempo que se estableci\u00f3 un r\u00e9gimen de visitas para la madre.<\/p>\n<p class=\"voc-paragraph\" style=\"text-align: justify;\">Ahora, seg\u00fan manifest\u00f3 ayer a la prensa su abogado defensor, \u00abpodr\u00e1 ver a sus hijos tambi\u00e9n en Italia cuando quiera\u00bb, por lo que se encuentra \u00abmuy contenta\u00bb. Ya no tendr\u00e1 \u00abninguna limitaci\u00f3n\u00bb para poder viajar al pa\u00eds transalpino o donde ella decida y podr\u00e1 ver a sus v\u00e1stagos sin que ellos tengan que venir a Espa\u00f1a.<\/p>\n<p><strong><a class=\"voc-author\" title=\"YENALIA HUERTAS\" href=\"https:\/\/www.ideal.es\/autor\/yenalia-huertas-2111.html\">YENALIA HUERTAS<\/a><\/strong><\/p>\n<div class=\"voc-article-container\">\n<article class=\"voc-article voc-article--detail voc-article--detail--base voc-article--photo-bottom\">\n<div class=\"voc-img-container  \">\n<p class=\"figure-caption\"><span class=\"voc-photo-caption\">La madre de Marecena, junto a la que fue su asesora en el Centro de la Mujer en el municipio, en una foto de archivo \/ <\/span><span class=\"voc-photo-author\">Pepe Mar\u00edn<\/span><\/p>\n<p>https:\/\/www.ideal.es\/granada\/juana-rivas-podra-20220331185113-nt.html?gig_actions=sso.login&#038;gig_enteredFromComponent=fromLoginClick<\/p>\n<\/div>\n<div class=\"voc-info-container\">\n<h2 class=\"voc-sub-title\">\u00a0<\/h2>\n<\/div>\n<\/article>\n<\/div>\n<div class=\"voc-detail\" data-voc-share-selection=\"\">\n<div class=\"voc-author-timesocial \">\n<div class=\"voc-author-timesocial__signature\"><\/p>\n<div class=\"voc-author-timesocial__info\">\n<div class=\"voc-author-info\">\u00a0<\/div>\n<\/div>\n<\/div>\n<\/div>\n<\/div>\n","protected":false},"excerpt":{"rendered":"<p>La granadina est\u00e1 \u00abmuy contenta\u00bb con la decisi\u00f3n de la Audiencia de suspenderle la pena&#8230;<\/p>\n","protected":false},"author":1,"featured_media":53352,"comment_status":"closed","ping_status":"closed","sticky":false,"template":"","format":"standard","meta":{"_coblocks_attr":"","_coblocks_dimensions":"","_coblocks_responsive_height":"","_coblocks_accordion_ie_support":"","jetpack_post_was_ever_published":false,"_jetpack_newsletter_access":"","_jetpack_dont_email_post_to_subs":false,"_jetpack_newsletter_tier_id":0,"_jetpack_memberships_contains_paywalled_content":false,"_jetpack_memberships_contains_paid_content":false,"footnotes":"","jetpack_publicize_message":"","jetpack_publicize_feature_enabled":true,"jetpack_social_post_already_shared":true,"jetpack_social_options":{"image_generator_settings":{"template":"highway","default_image_id":0,"enabled":false},"version":2}},"categories":[1161,14,44,15],"tags":[9104,9103,4053,9105],"class_list":["post-53351","post","type-post","status-publish","format-standard","has-post-thumbnail","hentry","category-ciudadania","category-feminismo","category-noticias-de-hoy","category-ultimas-noticias","tag-audiencia-provincial-de-granada","tag-francesco-arcuri","tag-juana-rivas","tag-tribunal-supremo-ts"],"jetpack_publicize_connections":[],"jetpack_featured_media_url":"https:\/\/i0.wp.com\/miradordeatarfe.es\/wp-content\/uploads\/2022\/03\/juana-rivas-kCmH-U1601502035491qn-624x385%40Ideal.jpg?fit=624%2C385&ssl=1","jetpack_likes_enabled":true,"jetpack_sharing_enabled":true,"_links":{"self":[{"href":"https:\/\/miradordeatarfe.es\/index.php?rest_route=\/wp\/v2\/posts\/53351","targetHints":{"allow":["GET"]}}],"collection":[{"href":"https:\/\/miradordeatarfe.es\/index.php?rest_route=\/wp\/v2\/posts"}],"about":[{"href":"https:\/\/miradordeatarfe.es\/index.php?rest_route=\/wp\/v2\/types\/post"}],"author":[{"embeddable":true,"href":"https:\/\/miradordeatarfe.es\/index.php?rest_route=\/wp\/v2\/users\/1"}],"replies":[{"embeddable":true,"href":"https:\/\/miradordeatarfe.es\/index.php?rest_route=%2Fwp%2Fv2%2Fcomments&post=53351"}],"version-history":[{"count":1,"href":"https:\/\/miradordeatarfe.es\/index.php?rest_route=\/wp\/v2\/posts\/53351\/revisions"}],"predecessor-version":[{"id":53353,"href":"https:\/\/miradordeatarfe.es\/index.php?rest_route=\/wp\/v2\/posts\/53351\/revisions\/53353"}],"wp:featuredmedia":[{"embeddable":true,"href":"https:\/\/miradordeatarfe.es\/index.php?rest_route=\/wp\/v2\/media\/53352"}],"wp:attachment":[{"href":"https:\/\/miradordeatarfe.es\/index.php?rest_route=%2Fwp%2Fv2%2Fmedia&parent=53351"}],"wp:term":[{"taxonomy":"category","embeddable":true,"href":"https:\/\/miradordeatarfe.es\/index.php?rest_route=%2Fwp%2Fv2%2Fcategories&post=53351"},{"taxonomy":"post_tag","embeddable":true,"href":"https:\/\/miradordeatarfe.es\/index.php?rest_route=%2Fwp%2Fv2%2Ftags&post=53351"}],"curies":[{"name":"wp","href":"https:\/\/api.w.org\/{rel}","templated":true}]}}