{"id":53385,"date":"2022-04-01T10:43:11","date_gmt":"2022-04-01T08:43:11","guid":{"rendered":"https:\/\/miradordeatarfe.es\/?p=53385"},"modified":"2022-04-01T10:39:04","modified_gmt":"2022-04-01T08:39:04","slug":"conocemos-el-peligro-por-ceder-datos-a-terceros-por-jose-vaquero","status":"publish","type":"post","link":"https:\/\/miradordeatarfe.es\/?p=53385","title":{"rendered":"\u00bfCONOCEMOS EL PELIGRO POR CEDER DATOS A TERCEROS? por Jos\u00e9 Vaquero"},"content":{"rendered":"<h3><strong>\u00a0<\/strong><\/h3>\n<h3>Cuando cedemos nuestros datos a terceros, \u00bfsomos conscientes del peligro que ello entra\u00f1a? Pienso que no.<\/h3>\n<p style=\"text-align: justify;\">Creemos que est\u00e1n seguros en el lugar de almacenamiento, pero no es as\u00ed. Independientemente de que puedan utilizarse para cualquier tipo de fraude o estafa, las empresas, los gobiernos o los gigantes de la informaci\u00f3n los usan para extraer informaci\u00f3n de ellos con el objeto de hacer predicciones, y as\u00ed influir no s\u00f3lo en nuestras acciones y decisiones, sino en nuestras emociones y sentimientos. Esta influencia es mayor en personas con escasa formaci\u00f3n y capacidad cr\u00edtica. De ah\u00ed su inter\u00e9s por multiplicar la ignorancia y estulticia de los ciudadanos. Por eso es tan importante la Educaci\u00f3n. No nos apercibimos de que, sin enterarnos, somos cada d\u00eda menos libres y m\u00e1s dependientes. Las democracias est\u00e1n, por ello, amenazadas.<\/p>\n<p style=\"text-align: justify;\">Existe tal volumen de datos que esa tarea de analizarlos y estudiar sus relaciones ser\u00eda imposible sin las computadoras, los algoritmos y los programas de inteligencia artificial. Como cualquier invento humano, la tecnolog\u00eda puede utilizarse para bien o para mal. Decidan Uds., amigos lectores, para que es usada en el caso que nos ocupa.<\/p>\n<p style=\"text-align: justify;\">Los complejos algoritmos definidos para estudiar las conexiones entre los datos pueden convertirse en un potente elemento de poder econ\u00f3mico y pol\u00edtico en manos de quien quiera utilizarlos para ello. No ignoremos que ya hay un pujante comercio de compraventa de datos. Nuestra libertad individual es amenazada, nuestra privacidad, vulnerada, y nuestra voluntad, sometida a una nueva dictadura. La que procede del an\u00e1lisis de nuestros datos personales, que pueden ser usados por poderes p\u00fablicos o privados sin ning\u00fan tipo de control. No es fruto del azar, por ejemplo, que Donald Trump ganase las elecciones norteamericanas. Antes hubo una brutal campa\u00f1a en redes sociales que aliment\u00f3 todo tipo de bulos. Y eso se hizo manipulando la voluntad de personas proclives mediante el an\u00e1lisis de sus datos personales. Igualmente, estas t\u00e9cnicas son usadas en las democracias pervertidas para conseguir el voto de los ciudadanos.<\/p>\n<p style=\"text-align: justify;\">As\u00ed pues, amigo lector, le aconsejo que antes de ofrecer sus datos a cualquier empresa, gigante de la informaci\u00f3n u organismo que se los pida, lo piense antes concienzudamente, y luego, decida en consecuencia. Est\u00e1 en juego su libertad, el bien m\u00e1s preciado que posee.<\/p>\n","protected":false},"excerpt":{"rendered":"<p>\u00a0 Cuando cedemos nuestros datos a terceros, \u00bfsomos conscientes del peligro que ello entra\u00f1a? Pienso&#8230;<\/p>\n","protected":false},"author":1,"featured_media":53386,"comment_status":"closed","ping_status":"closed","sticky":false,"template":"","format":"standard","meta":{"_coblocks_attr":"","_coblocks_dimensions":"","_coblocks_responsive_height":"","_coblocks_accordion_ie_support":"","jetpack_post_was_ever_published":false,"_jetpack_newsletter_access":"","_jetpack_dont_email_post_to_subs":false,"_jetpack_newsletter_tier_id":0,"_jetpack_memberships_contains_paywalled_content":false,"_jetpack_memberships_contains_paid_content":false,"footnotes":"","jetpack_publicize_message":"","jetpack_publicize_feature_enabled":true,"jetpack_social_post_already_shared":true,"jetpack_social_options":{"image_generator_settings":{"template":"highway","default_image_id":0,"enabled":false},"version":2}},"categories":[1161,7926,44,6937,6920,15],"tags":[2369,561,2691],"class_list":["post-53385","post","type-post","status-publish","format-standard","has-post-thumbnail","hentry","category-ciudadania","category-opinion-de-jose-vaquero","category-noticias-de-hoy","category-sociedad","category-tecnologia","category-ultimas-noticias","tag-datos","tag-empresas","tag-personas"],"jetpack_publicize_connections":[],"jetpack_featured_media_url":"https:\/\/i0.wp.com\/miradordeatarfe.es\/wp-content\/uploads\/2022\/03\/ley-de-proteccion-de-datos.png?fit=630%2C340&ssl=1","jetpack_likes_enabled":true,"jetpack_sharing_enabled":true,"_links":{"self":[{"href":"https:\/\/miradordeatarfe.es\/index.php?rest_route=\/wp\/v2\/posts\/53385","targetHints":{"allow":["GET"]}}],"collection":[{"href":"https:\/\/miradordeatarfe.es\/index.php?rest_route=\/wp\/v2\/posts"}],"about":[{"href":"https:\/\/miradordeatarfe.es\/index.php?rest_route=\/wp\/v2\/types\/post"}],"author":[{"embeddable":true,"href":"https:\/\/miradordeatarfe.es\/index.php?rest_route=\/wp\/v2\/users\/1"}],"replies":[{"embeddable":true,"href":"https:\/\/miradordeatarfe.es\/index.php?rest_route=%2Fwp%2Fv2%2Fcomments&post=53385"}],"version-history":[{"count":1,"href":"https:\/\/miradordeatarfe.es\/index.php?rest_route=\/wp\/v2\/posts\/53385\/revisions"}],"predecessor-version":[{"id":53387,"href":"https:\/\/miradordeatarfe.es\/index.php?rest_route=\/wp\/v2\/posts\/53385\/revisions\/53387"}],"wp:featuredmedia":[{"embeddable":true,"href":"https:\/\/miradordeatarfe.es\/index.php?rest_route=\/wp\/v2\/media\/53386"}],"wp:attachment":[{"href":"https:\/\/miradordeatarfe.es\/index.php?rest_route=%2Fwp%2Fv2%2Fmedia&parent=53385"}],"wp:term":[{"taxonomy":"category","embeddable":true,"href":"https:\/\/miradordeatarfe.es\/index.php?rest_route=%2Fwp%2Fv2%2Fcategories&post=53385"},{"taxonomy":"post_tag","embeddable":true,"href":"https:\/\/miradordeatarfe.es\/index.php?rest_route=%2Fwp%2Fv2%2Ftags&post=53385"}],"curies":[{"name":"wp","href":"https:\/\/api.w.org\/{rel}","templated":true}]}}