{"id":53388,"date":"2022-04-01T10:01:34","date_gmt":"2022-04-01T08:01:34","guid":{"rendered":"https:\/\/miradordeatarfe.es\/?p=53388"},"modified":"2022-09-05T13:47:18","modified_gmt":"2022-09-05T11:47:18","slug":"la-profesora-de-la-ugr-remedios-sanchez-nombrada-presidenta-de-la-asociacion-andaluza-de-escritores-y-criticos-literarios","status":"publish","type":"post","link":"https:\/\/miradordeatarfe.es\/?p=53388","title":{"rendered":"La profesora de la UGR Remedios S\u00e1nchez, nombrada presidenta de la asociaci\u00f3n andaluza de escritores y cr\u00edticos literarios"},"content":{"rendered":"<h3 style=\"text-align: justify;\">NUESTRA COLABORADORA DEL MIRADOR DE ATARFE REMEDIOS SANCHEZ elegida como nueva presidenta de la Asociaci\u00f3n Andaluza de Escritores y Cr\u00edticos Literarios (AAEC). A<strong>sociaci\u00f3n que aglutina a los cr\u00edticos literarios andaluces que elige por primera vez en su historia a una mujer para liderarla.<\/strong><\/h3>\n<p style=\"text-align: justify;\">La profesora de la Universidad de Granada Remedios S\u00e1nchez ha sido elegida como nueva presidenta de la Asociaci\u00f3n Andaluza de Escritores y Cr\u00edticos Literarios (AAEC) en su asamblea de 2022. \u00a0La candidatura encabezada por S\u00e1nchez, hasta ahora Secretaria General, ha contado con un apoyo masivo del centenar de miembros de la AAEC y \u00a0toma el relevo de Francisco Morales Lomas, que ha sido el m\u00e1ximo representante de la instituci\u00f3n los \u00faltimos diecis\u00e9is a\u00f1os y que pasa ahora a ser su Presidente de Honor.<\/p>\n<p style=\"text-align: justify;\">Por primera vez una mujer en Espa\u00f1a encabeza el colectivo profesional que, en este caso, re\u00fane a los estudiosos de la literatura nacidos o residentes en Andaluc\u00eda. Sanchez se ha mostrado \u201cilusionada con la responsabilidad desde la conciencia de que una prioridad es trabajar en coordinaci\u00f3n con las instituciones andaluzas y el resto de colectivos profesionales para darle un mayor protagonismo a los escritores andaluces y, especialmente, a las escritoras\u201d.<\/p>\n<p style=\"text-align: justify;\">Para que la acompa\u00f1en en esta etapa, la nueva presidenta de los cr\u00edticos literarios andaluces Remedios S\u00e1nchez ha escogido como Secretaria General a la escritora y profesora de la Universidad de C\u00f3rdoba Mar\u00eda Rosal Nadales y, como Vicepresidenta primera, a\u00a0 la poeta gaditana Raquel Lanseros, Premio Nacional de la Cr\u00edtica. El resto del equipo, tambi\u00e9n con un incremento sustancial de cr\u00edticas literarias que roza la paridad, lo conforman el cordob\u00e9s Manuel Gahete (Vicepresidente segundo), el sevillano Jos\u00e9 Mar\u00eda Barrera (Vicepresidente tercero) o el malague\u00f1o Jos\u00e9 Sarria Cuevas (Tesorero y Vocal adjunto a la Presidencia); los vocales son el onubense Paco Huelva (R\u00e9gimen Interno), el jiennense Jos\u00e9 Cabrera Martos (Relaciones con otras asociaciones), la profesora de la Universidad de Almer\u00eda \u00a0Mar\u00eda del Carmen Quiles Cabrera (Relaciones con la universidad), la docente de la Universidad de Virginia Nieves Garc\u00eda Prados (Medios de Comunicaci\u00f3n), Jos\u00e9 Mar\u00eda Garc\u00eda Linares (Publicaciones), el gaditano Manuel Francisco Reina (Actividades Culturales) y la algecire\u00f1a Paloma Fern\u00e1ndez Gom\u00e1 (Asuntos Sociales).<\/p>\n<p style=\"text-align: justify;\"><a href=\"https:\/\/i0.wp.com\/miradordeatarfe.es\/wp-content\/uploads\/2022\/03\/FOTO-REMEDIOS-SANCHEZ.webp?ssl=1\"><img data-recalc-dims=\"1\" loading=\"lazy\" decoding=\"async\" class=\"size-full wp-image-53390 alignleft\" src=\"https:\/\/i0.wp.com\/miradordeatarfe.es\/wp-content\/uploads\/2022\/03\/FOTO-REMEDIOS-SANCHEZ.webp?resize=229%2C300&#038;ssl=1\" alt=\"\" width=\"229\" height=\"300\" \/><\/a>Remedios S\u00e1nchez (Barcelona, 1975, aunque afincada en Almer\u00eda desde su infancia) es Profesora Titular del Departamento de Did\u00e1ctica de la Lengua y la Literatura de la Universidad de Granada. Vicepresidenta de la Asociaci\u00f3n Colegial de Escritores de Espa\u00f1a (ACE) en su secci\u00f3n de Andaluc\u00eda, es tambi\u00e9n acad\u00e9mica Correspondiente de la Real Academia de C\u00f3rdoba de Ciencias, Bellas Letras y Nobles Artes; ha coordinado diecis\u00e9is vol\u00famenes de estudios colectivos y ha publicado m\u00e1s de un centenar de art\u00edculos y cap\u00edtulos de libro sobre novela del siglo XIX y poes\u00eda contempor\u00e1nea (con especial dedicaci\u00f3n a la poes\u00eda escrita por mujeres,) aparte de tres libros propios, entre los que destaca <em>As\u00ed que pasen treinta a\u00f1os. Historia interna de la poes\u00eda espa\u00f1ola<\/em> (1950-2017) (Akal, 2018), que se ha convertido es obra de referencia obligada para comprender el devenir de la l\u00edrica hisp\u00e1nica. En los \u00faltimos a\u00f1os ha realizado estancias de investigaci\u00f3n y docencia en la Universidad de Oxford, en la de Cambridge, en el Institute of Education of London, La Sapienza, Universit\u00e0 di Bologna o Universit\u00e0 di Padova, entre otras. Actualmente es tambi\u00e9n Consejera de la Asociaci\u00f3n de Escritores de Espa\u00f1a (que engloba a m\u00e1s de tres mil escritores),\u00a0 Patrona de la Fundaci\u00f3n P\u00fablica Andaluza Rodr\u00edguez-Acosta, Miembro del Comit\u00e9 Editorial de las revistas <em>\u00c1labe. Investigaciones sobre Lectura y escritura<\/em> y <em>Po\u00e9ticas. Revista de Estudios Literarios<\/em> y Directora de <em>EntreR\u00edos. Revista de Artes y Letras<\/em>. \u00a0Desde 2002 es columnista semanal de <em>Ideal. Diario Regional de Andaluc\u00eda<\/em> y coordina, junto a Morales Lomas, <em>La P\u00e1gina de los Libros <\/em>de IDEAL, aparte de ejercer tambi\u00e9n como analista de poes\u00eda para <em>Zenda<\/em>. En 2016 fue designada CoDirectora del Festival Internacional de Poes\u00eda de Granada, uno de los m\u00e1s prestigiosos eventos literarios de Espa\u00f1a.<\/p>\n<p style=\"text-align: justify;\">Mar\u00eda Rosal Nadales (Fern\u00e1n-N\u00fa\u00f1ez, C\u00f3rdoba, 1961) es Profesora Titular de la Universidad de C\u00f3rdoba. Directora de Igualdad de la Universidad de C\u00f3rdoba. Directora\u00a0 de la C\u00e1tedra de Estudios de las Mujeres Leonor de Guzm\u00e1n. Miembro de la Academia de Buenas Letras de Granada\u00a0 y de la Real Academia de C\u00f3rdoba.<\/p>\n<p style=\"text-align: justify;\">Entre sus publicaciones de poes\u00eda destacan Sibila (1993), Abuso de confianza (1995), Don del unicornio (1996), Vuelo Rasante (1996), Inventario (1997), Vicios comunes (1999), Ruegos y preguntas (2001), Tregua (2001), Travelling de acompa\u00f1amiento (2002), La risacca del fuoco (2002), A pie de p\u00e1gina (2002), Otra vez Bartleby (2003), inquisici\u00f3n.es (2005), Discurso del m\u00e9todo (2007), S\u00edntomas de la devastaci\u00f3n (2007), \u00daltimas noticias de Louise Benton (2008), Espeleolog\u00eda humana (2008), Al este del and\u00e9n (2013), Carm\u00edn rojo sangre (2015), Rinascere a Oriente (2018), Carminio Rosso Sangue (2019), Freud me niega una explicaci\u00f3n (2019).<\/p>\n<p style=\"text-align: justify;\">Ha recibido el premio \u00abRicardo Molina\u00bb por Tregua (2000), el Andaluc\u00eda de la cr\u00edtica por Otra vez Bartleby (2004), el \u00abCarmen de Burgos\u00bb de ensayo por Po\u00e9tica de la sumisi\u00f3n. Malos tratos y respuesta femenina en la copla (2010) y el premio de poes\u00eda \u00abJos\u00e9 Hierro\u00bb por Carm\u00edn rojo sangre (2015). Su obra se ha traducido al ingl\u00e9s, italiano, holand\u00e9s y griego.<\/p>\n","protected":false},"excerpt":{"rendered":"<p>NUESTRA COLABORADORA DEL MIRADOR DE ATARFE REMEDIOS SANCHEZ elegida como nueva presidenta de la Asociaci\u00f3n&#8230;<\/p>\n","protected":false},"author":1,"featured_media":53405,"comment_status":"closed","ping_status":"closed","sticky":false,"template":"","format":"standard","meta":{"_coblocks_attr":"","_coblocks_dimensions":"","_coblocks_responsive_height":"","_coblocks_accordion_ie_support":"","jetpack_post_was_ever_published":false,"_jetpack_newsletter_access":"","_jetpack_dont_email_post_to_subs":false,"_jetpack_newsletter_tier_id":0,"_jetpack_memberships_contains_paywalled_content":false,"_jetpack_memberships_contains_paid_content":false,"footnotes":"","jetpack_publicize_message":"","jetpack_publicize_feature_enabled":true,"jetpack_social_post_already_shared":true,"jetpack_social_options":{"image_generator_settings":{"template":"highway","default_image_id":0,"enabled":false},"version":2}},"categories":[2,1161,14,44,6914,6937,15],"tags":[],"class_list":["post-53388","post","type-post","status-publish","format-standard","has-post-thumbnail","hentry","category-atarfe","category-ciudadania","category-feminismo","category-noticias-de-hoy","category-opinion-de-reme-sanchez","category-sociedad","category-ultimas-noticias"],"jetpack_publicize_connections":[],"jetpack_featured_media_url":"https:\/\/i0.wp.com\/miradordeatarfe.es\/wp-content\/uploads\/2022\/04\/reme-2.jpg?fit=584%2C381&ssl=1","jetpack_likes_enabled":true,"jetpack_sharing_enabled":true,"_links":{"self":[{"href":"https:\/\/miradordeatarfe.es\/index.php?rest_route=\/wp\/v2\/posts\/53388","targetHints":{"allow":["GET"]}}],"collection":[{"href":"https:\/\/miradordeatarfe.es\/index.php?rest_route=\/wp\/v2\/posts"}],"about":[{"href":"https:\/\/miradordeatarfe.es\/index.php?rest_route=\/wp\/v2\/types\/post"}],"author":[{"embeddable":true,"href":"https:\/\/miradordeatarfe.es\/index.php?rest_route=\/wp\/v2\/users\/1"}],"replies":[{"embeddable":true,"href":"https:\/\/miradordeatarfe.es\/index.php?rest_route=%2Fwp%2Fv2%2Fcomments&post=53388"}],"version-history":[{"count":2,"href":"https:\/\/miradordeatarfe.es\/index.php?rest_route=\/wp\/v2\/posts\/53388\/revisions"}],"predecessor-version":[{"id":53392,"href":"https:\/\/miradordeatarfe.es\/index.php?rest_route=\/wp\/v2\/posts\/53388\/revisions\/53392"}],"wp:featuredmedia":[{"embeddable":true,"href":"https:\/\/miradordeatarfe.es\/index.php?rest_route=\/wp\/v2\/media\/53405"}],"wp:attachment":[{"href":"https:\/\/miradordeatarfe.es\/index.php?rest_route=%2Fwp%2Fv2%2Fmedia&parent=53388"}],"wp:term":[{"taxonomy":"category","embeddable":true,"href":"https:\/\/miradordeatarfe.es\/index.php?rest_route=%2Fwp%2Fv2%2Fcategories&post=53388"},{"taxonomy":"post_tag","embeddable":true,"href":"https:\/\/miradordeatarfe.es\/index.php?rest_route=%2Fwp%2Fv2%2Ftags&post=53388"}],"curies":[{"name":"wp","href":"https:\/\/api.w.org\/{rel}","templated":true}]}}