{"id":5348,"date":"2015-12-14T10:00:56","date_gmt":"2015-12-14T10:00:56","guid":{"rendered":"http:\/\/miradordeatarfe.es\/?p=5348"},"modified":"2015-12-23T08:30:37","modified_gmt":"2015-12-23T08:30:37","slug":"alumnado-del-ies-iliberis-participa-en-el-proyecto-piisa-201516","status":"publish","type":"post","link":"https:\/\/miradordeatarfe.es\/?p=5348","title":{"rendered":"Alumnado del IES ILIBERIS participa en el Proyecto PIISA 2015\/16"},"content":{"rendered":"<p>El <strong>proyecto PIIISA<\/strong> surge de la colaboraci\u00f3n entre la<strong> Delegaci\u00f3n de Educaci\u00f3n en Granada, el Consejo Superior de Investigaciones Cient\u00edficas (CSIC) y la Universidad de Granada (UGR)<\/strong> con el fin de ofrecer al alumnado granadino de secundaria una forma moderna e innovadora de aprender e interaccionar con la ciencia.<!--more--><strong><br \/>\n<\/strong><\/p>\n<p>Su principal objetivo es mostrar a los estudiantes de secundaria <strong>qu\u00e9 es la investigaci\u00f3n y c\u00f3mo se realiza<\/strong>. Los estudiantes tienen la oportunidad de involucrarse en proyectos liderados por cient\u00edficos de reconocido prestigio, y conocer de primera mano en qu\u00e9 consiste el m\u00e9todo cient\u00edfico y c\u00f3mo es el proceso de investigaci\u00f3n, algo que les permitir\u00e1 explorar su posible vocaci\u00f3n por la carrera cient\u00edfica.<strong><br \/>\n<\/strong><\/p>\n<p>Los estudiantes, tutorizados por sus profesores, trabajaran con instrumental cient\u00edfico y t\u00e9cnico y conocer\u00e1n de primera mano porqu\u00e9 la Ciencia es fundamental para el desarrollo social y econ\u00f3mico de un pa\u00eds. El esfuerzo y la imaginaci\u00f3n de los investigadores a la hora de dise\u00f1ar proyectos se trasladar\u00e1 al marco de un proyecto educativo que se desarrolla fuera de las aulas, en los propios centros de investigaci\u00f3n.<\/p>\n<p>Este a\u00f1o los alumnos que participan en el proyecto, coordinado por <strong>D. Francisco Bazoco<\/strong> son :<strong> Paula Jim\u00e9nez L\u00f3pez, Sandra Donaire Lorca, Mar\u00eda Serra Guti\u00e9rrez, Sebasti\u00e1n D\u00edaz P\u00e9rez, Yolanda Merino, Mario Iglesias Alarc\u00f3n y Aroha Jim\u00e9nez Puerta Ferrer.<a href=\"https:\/\/i0.wp.com\/miradordeatarfe.es\/wp-content\/uploads\/2015\/12\/piissa2015gr.jpg?ssl=1\" rel=\"attachment wp-att-5349\"><img data-recalc-dims=\"1\" loading=\"lazy\" decoding=\"async\" class=\"alignnone size-full wp-image-5349\" src=\"https:\/\/i0.wp.com\/miradordeatarfe.es\/wp-content\/uploads\/2015\/12\/piissa2015gr.jpg?resize=640%2C360&#038;ssl=1\" alt=\"piissa2015gr\" width=\"640\" height=\"360\" srcset=\"https:\/\/i0.wp.com\/miradordeatarfe.es\/wp-content\/uploads\/2015\/12\/piissa2015gr.jpg?w=960&amp;ssl=1 960w, https:\/\/i0.wp.com\/miradordeatarfe.es\/wp-content\/uploads\/2015\/12\/piissa2015gr.jpg?resize=300%2C169&amp;ssl=1 300w, https:\/\/i0.wp.com\/miradordeatarfe.es\/wp-content\/uploads\/2015\/12\/piissa2015gr.jpg?resize=768%2C432&amp;ssl=1 768w, https:\/\/i0.wp.com\/miradordeatarfe.es\/wp-content\/uploads\/2015\/12\/piissa2015gr.jpg?resize=600%2C338&amp;ssl=1 600w\" sizes=\"auto, (max-width: 640px) 100vw, 640px\" \/><\/a><\/strong><\/p>\n","protected":false},"excerpt":{"rendered":"<p>El proyecto PIIISA surge de la colaboraci\u00f3n entre la Delegaci\u00f3n de Educaci\u00f3n en Granada, el&#8230;<\/p>\n","protected":false},"author":1,"featured_media":5350,"comment_status":"closed","ping_status":"closed","sticky":false,"template":"","format":"standard","meta":{"_coblocks_attr":"","_coblocks_dimensions":"","_coblocks_responsive_height":"","_coblocks_accordion_ie_support":"","jetpack_post_was_ever_published":false,"_jetpack_newsletter_access":"","_jetpack_dont_email_post_to_subs":false,"_jetpack_newsletter_tier_id":0,"_jetpack_memberships_contains_paywalled_content":false,"_jetpack_memberships_contains_paid_content":false,"footnotes":"","jetpack_publicize_message":"","jetpack_publicize_feature_enabled":true,"jetpack_social_post_already_shared":false,"jetpack_social_options":{"image_generator_settings":{"template":"highway","default_image_id":0,"enabled":false},"version":2}},"categories":[2,187,15],"tags":[53,869,1825],"class_list":["post-5348","post","type-post","status-publish","format-standard","has-post-thumbnail","hentry","category-atarfe","category-centros-educativos","category-ultimas-noticias","tag-ciencia","tag-ies-iliberis","tag-proyecto-piisa"],"jetpack_publicize_connections":[],"jetpack_featured_media_url":"https:\/\/i0.wp.com\/miradordeatarfe.es\/wp-content\/uploads\/2015\/12\/portadapeque.jpg?fit=496%2C102&ssl=1","jetpack_likes_enabled":true,"jetpack_sharing_enabled":true,"_links":{"self":[{"href":"https:\/\/miradordeatarfe.es\/index.php?rest_route=\/wp\/v2\/posts\/5348","targetHints":{"allow":["GET"]}}],"collection":[{"href":"https:\/\/miradordeatarfe.es\/index.php?rest_route=\/wp\/v2\/posts"}],"about":[{"href":"https:\/\/miradordeatarfe.es\/index.php?rest_route=\/wp\/v2\/types\/post"}],"author":[{"embeddable":true,"href":"https:\/\/miradordeatarfe.es\/index.php?rest_route=\/wp\/v2\/users\/1"}],"replies":[{"embeddable":true,"href":"https:\/\/miradordeatarfe.es\/index.php?rest_route=%2Fwp%2Fv2%2Fcomments&post=5348"}],"version-history":[{"count":1,"href":"https:\/\/miradordeatarfe.es\/index.php?rest_route=\/wp\/v2\/posts\/5348\/revisions"}],"predecessor-version":[{"id":5351,"href":"https:\/\/miradordeatarfe.es\/index.php?rest_route=\/wp\/v2\/posts\/5348\/revisions\/5351"}],"wp:featuredmedia":[{"embeddable":true,"href":"https:\/\/miradordeatarfe.es\/index.php?rest_route=\/wp\/v2\/media\/5350"}],"wp:attachment":[{"href":"https:\/\/miradordeatarfe.es\/index.php?rest_route=%2Fwp%2Fv2%2Fmedia&parent=5348"}],"wp:term":[{"taxonomy":"category","embeddable":true,"href":"https:\/\/miradordeatarfe.es\/index.php?rest_route=%2Fwp%2Fv2%2Fcategories&post=5348"},{"taxonomy":"post_tag","embeddable":true,"href":"https:\/\/miradordeatarfe.es\/index.php?rest_route=%2Fwp%2Fv2%2Ftags&post=5348"}],"curies":[{"name":"wp","href":"https:\/\/api.w.org\/{rel}","templated":true}]}}