{"id":53578,"date":"2022-04-11T11:11:39","date_gmt":"2022-04-11T09:11:39","guid":{"rendered":"https:\/\/miradordeatarfe.es\/?p=53578"},"modified":"2022-09-05T13:47:09","modified_gmt":"2022-09-05T11:47:09","slug":"alta-suciedad-por-remedios-sanchez","status":"publish","type":"post","link":"https:\/\/miradordeatarfe.es\/?p=53578","title":{"rendered":"\u00abALTA SUCIEDAD\u00bb por Remedios S\u00e1nchez"},"content":{"rendered":"<h3 style=\"text-align: justify;\">Hay que ver c\u00f3mo se est\u00e1 poniendo la plebe en este pa\u00eds, que ya no se le aguanta nada a la gente bien de toda la vida.<\/h3>\n<p style=\"text-align: justify;\">Ni a los se\u00f1oritos de jaca jerezana y caseta centenaria de la Feria de Sevilla \u00a0ni a los arist\u00f3cratas de sangre azul a los que ha santificado durante d\u00e9cadas el papel couch\u00e8 mostr\u00e1ndonos la realidad de la sociedad de clases, a ver si nos d\u00e1bamos cuenta de donde est\u00e1bamos cada cual en el escalaf\u00f3n. Las se\u00f1oras se entreten\u00edan viendo en el \u2018Hola\u2019 sus casoplones, las bodas de tron\u00edo, los natalicios posteriores, las tardes de mantilla en los toros, las vacaciones en Saint-Moritz, las monter\u00edas en la finca familiar o los entierros multitudinarios que cerraban el ciclo de una vida descansadamente glamourosa. El marqu\u00e9s ha muerto, larga vida al marqu\u00e9s, o como se diga.<\/p>\n<p style=\"text-align: justify;\">Luego, cuando Alfonso Guerra dijo que a Espa\u00f1a no la iba a conocer ni la madre que la pari\u00f3, la alta burgues\u00eda quiso asemejarse a estos grandes de Espa\u00f1a, compartir sus privilegios y as\u00ed la \u2018beautiful people\u2019 de los ochenta-noventa remed\u00f3 chabacanamente (toda imitaci\u00f3n siempre tiene mucho de farsa) a esa nobleza venida a menos, confundida con los roles sociales donde hab\u00eda que codearse con el hijo millonario del jornalero venido a m\u00e1s. Era lo inaudito, lo inconcebible, despu\u00e9s de una eternidad de privilegios que tocaba compartir. Lo cual que unos y otros se entremezclaron en un experimento del que ahora padecemos sus consecuencias.<\/p>\n<p style=\"text-align: justify;\">Por un lado, los caseteros sevillanos no comprenden c\u00f3mo el personal no pueden trabajar m\u00e1s de ocho horas por contrato, cuando all\u00ed la juerga de fino manzanilla, pata negra y modelaje de faralaes dura el d\u00eda entero; por otro, la Delegada del Gobierno en Ceuta resume el cambio de relaciones con Marruecos en la tranquilidad que le da que el servicio ya pueda cruzar la frontera para hacerle las faenas del hogar; y, por si faltaba algo, se acaba de destapar que Luis Medina, marqu\u00e9s de Segorbe, uno de los reto\u00f1os de la ilustr\u00edsima casa de Medinaceli, se dedic\u00f3 a ejercer de comisionista de productos sanitarios en los inicios de la pandemia (cuando se nos mor\u00edan m\u00e1s de mil personas diarias) y, por conseguir que Madrid se llenara de mascarillas y guantes defectuosos, le soltaron unos cuantos milloncejos.<\/p>\n<p style=\"text-align: justify;\">Nada, lo justo para comprarse un yate nuevo, \u00a0unos cuantos Rolex y renovar el parque automovil\u00edstico, que la jet-set no entiende de pandemias, hospitales p\u00fablicos desbordados o pobres moribundos. Lo suyo es ir de guapos por la vida, salir en prensa y jugar al golf en el club. Un escal\u00f3n por debajo est\u00e1n tanto la Delegada ceut\u00ed como los confusos se\u00f1oritos sevillanos de gomina y coche de caballos pagado a plazos, que no conciben que los empleados no acepten las condiciones laborales que se aplicaban a sus bisabuelos. A ellos les basta con que Macarena Olona les d\u00e9 la raz\u00f3n; as\u00ed que nadie les hable de derechos de los currantes, estando por medio una jarana hist\u00f3rica.<\/p>\n<p style=\"text-align: justify;\">Todos, unos y otros, esta alta sociedad nacional y municipal, anta\u00f1ona o sobrevenida, se siente herida en su dignidad, en sus derechos seculares. Tantos siglos forjando una manera de vivir del cuento para que ahora vengan a desmontarles el chiringuito. \u00a0Un desprop\u00f3sito. As\u00ed, c\u00f3mo no van a votar a Vox. Ay, Dios. Si hubieran sabido que la democracia era esto\u2026<\/p>\n","protected":false},"excerpt":{"rendered":"<p>Hay que ver c\u00f3mo se est\u00e1 poniendo la plebe en este pa\u00eds, que ya no&#8230;<\/p>\n","protected":false},"author":1,"featured_media":53579,"comment_status":"closed","ping_status":"closed","sticky":false,"template":"","format":"standard","meta":{"_coblocks_attr":"","_coblocks_dimensions":"","_coblocks_responsive_height":"","_coblocks_accordion_ie_support":"","jetpack_post_was_ever_published":false,"_jetpack_newsletter_access":"","_jetpack_dont_email_post_to_subs":false,"_jetpack_newsletter_tier_id":0,"_jetpack_memberships_contains_paywalled_content":false,"_jetpack_memberships_contains_paid_content":false,"footnotes":"","jetpack_publicize_message":"","jetpack_publicize_feature_enabled":true,"jetpack_social_post_already_shared":true,"jetpack_social_options":{"image_generator_settings":{"template":"highway","default_image_id":0,"enabled":false},"version":2}},"categories":[1161,7149,44,7671,6914,15],"tags":[649,9123,7155,3572],"class_list":["post-53578","post","type-post","status-publish","format-standard","has-post-thumbnail","hentry","category-ciudadania","category-coronavirus","category-noticias-de-hoy","category-politica","category-opinion-de-reme-sanchez","category-ultimas-noticias","tag-comisiones","tag-fraude4","tag-mascarillas","tag-pandemia"],"jetpack_publicize_connections":[],"jetpack_featured_media_url":"https:\/\/i0.wp.com\/miradordeatarfe.es\/wp-content\/uploads\/2022\/04\/coches.jpg?fit=1200%2C675&ssl=1","jetpack_likes_enabled":true,"jetpack_sharing_enabled":true,"_links":{"self":[{"href":"https:\/\/miradordeatarfe.es\/index.php?rest_route=\/wp\/v2\/posts\/53578","targetHints":{"allow":["GET"]}}],"collection":[{"href":"https:\/\/miradordeatarfe.es\/index.php?rest_route=\/wp\/v2\/posts"}],"about":[{"href":"https:\/\/miradordeatarfe.es\/index.php?rest_route=\/wp\/v2\/types\/post"}],"author":[{"embeddable":true,"href":"https:\/\/miradordeatarfe.es\/index.php?rest_route=\/wp\/v2\/users\/1"}],"replies":[{"embeddable":true,"href":"https:\/\/miradordeatarfe.es\/index.php?rest_route=%2Fwp%2Fv2%2Fcomments&post=53578"}],"version-history":[{"count":1,"href":"https:\/\/miradordeatarfe.es\/index.php?rest_route=\/wp\/v2\/posts\/53578\/revisions"}],"predecessor-version":[{"id":53580,"href":"https:\/\/miradordeatarfe.es\/index.php?rest_route=\/wp\/v2\/posts\/53578\/revisions\/53580"}],"wp:featuredmedia":[{"embeddable":true,"href":"https:\/\/miradordeatarfe.es\/index.php?rest_route=\/wp\/v2\/media\/53579"}],"wp:attachment":[{"href":"https:\/\/miradordeatarfe.es\/index.php?rest_route=%2Fwp%2Fv2%2Fmedia&parent=53578"}],"wp:term":[{"taxonomy":"category","embeddable":true,"href":"https:\/\/miradordeatarfe.es\/index.php?rest_route=%2Fwp%2Fv2%2Fcategories&post=53578"},{"taxonomy":"post_tag","embeddable":true,"href":"https:\/\/miradordeatarfe.es\/index.php?rest_route=%2Fwp%2Fv2%2Ftags&post=53578"}],"curies":[{"name":"wp","href":"https:\/\/api.w.org\/{rel}","templated":true}]}}