{"id":53622,"date":"2022-04-15T11:00:43","date_gmt":"2022-04-15T09:00:43","guid":{"rendered":"https:\/\/miradordeatarfe.es\/?p=53622"},"modified":"2022-04-15T11:05:48","modified_gmt":"2022-04-15T09:05:48","slug":"fernando-jose-ga-montijano-por-fabiola-garcia-montijano","status":"publish","type":"post","link":"https:\/\/miradordeatarfe.es\/?p=53622","title":{"rendered":"\u00abFERNANDO JOS\u00c9 G\u00aa MONTIJANO\u00bb por Jos\u00e9 Enrique Granados"},"content":{"rendered":"<div class=\"\" dir=\"auto\">\n<div id=\"jsc_c_92\" class=\"ecm0bbzt hv4rvrfc ihqw7lf3 dati1w0a\" data-ad-comet-preview=\"message\" data-ad-preview=\"message\">\n<div class=\"j83agx80 cbu4d94t ew0dbk1b irj2b8pg\">\n<div class=\"qzhwtbm6 knvmm38d\">\n<div class=\"kvgmc6g5 cxmmr5t8 oygrvhab hcukyx3x c1et5uql ii04i59q\">\n<h3 dir=\"auto\"><span class=\"d2edcug0 hpfvmrgz qv66sw1b c1et5uql lr9zc1uh a8c37x1j fe6kdd0r mau55g9w c8b282yb keod5gw0 nxhoafnm aigsh9s9 d3f4x2em iv3no6db jq4qci2q a3bd9o3v b1v8xokw oo9gr5id hzawbc8m\" dir=\"auto\">En el Centro Cultural Medina Elvira tuvo lugar la clausura de la XIII Feria de la Ciencia de Atarfe, fue un acto muy bien organizado, bonito y emotivo.<\/span><\/h3>\n<p dir=\"auto\"><span class=\"d2edcug0 hpfvmrgz qv66sw1b c1et5uql lr9zc1uh a8c37x1j fe6kdd0r mau55g9w c8b282yb keod5gw0 nxhoafnm aigsh9s9 d3f4x2em iv3no6db jq4qci2q a3bd9o3v b1v8xokw oo9gr5id hzawbc8m\" dir=\"auto\"> El futuro, el presente y el pasado de la ciencia y personas que hacen ciencia en Atarfe se dieron cita , entre ellas quiero destacar el detalle que tuvieron conmigo y mi familia pues junto al Dr Cecilio Jim\u00e9nez Rueda y a Marcos Antonio Lamolda Palacios estaba mi hermano Fernando Jos\u00e9 Garc\u00eda Montijano , los tres fallecidos representando el pasado en ciencia de Atarfe , gracias en nombre de toda su familia , en especial de mis sobrinos, cu\u00f1ada ,hermanos y m\u00edo por este reconocimiento.<\/span><\/p>\n<h3 dir=\"auto\" style=\"text-align: justify;\">CARTA PRESENTACI\u00d3N DE UN CIENTIFICO ATARFE\u00d1O<\/h3>\n<div dir=\"auto\" style=\"text-align: justify;\"><em>Mi nombre es Fernando Jos\u00e9 Garc\u00eda Montijano, natural de Atarfe, licenciado en medicina y profesor de formaci\u00f3n profesional rama sanitaria.<\/em><\/div>\n<div dir=\"auto\" style=\"text-align: justify;\">\u00a0<\/div>\n<div dir=\"auto\" style=\"text-align: justify;\"><em>Estudi\u00e9, tanto en primaria como en secundaria, en centros educativos de Atarfe, algunos ya no existen y otros como el instituto Iliberis, sigue imparable e incansablemente educando a nuestros j\u00f3venes, j\u00f3venes que como yo en su d\u00eda, se esfuerzan para ir dirigiendo su vida profesional y as\u00ed devolver a la sociedad lo que la sociedad les brinda, la oportunidad de formarse y estudiar en \u00faltima instancia una carrera universitaria.<\/em><\/div>\n<div dir=\"auto\" style=\"text-align: justify;\">\u00a0<\/div>\n<div dir=\"auto\" style=\"text-align: justify;\"><em>Procedo de una familia muy trabajadora y conocida en Atarfe, mis padres regentaban la\u201d Helader\u00eda los Valencianos\u201d, desde bien peque\u00f1o mi madre dec\u00eda que ten\u00eda que ser m\u00e9dico porque pajarillo que ve\u00eda herido en el ala , lo curaba , aunque me ha gustado mucho escribir, de hecho fui corresponsal de Ideal y me encantaba leer, sin embargo las ciencias: matem\u00e1ticas, f\u00edsica, qu\u00edmica ,biolog\u00eda eran mi fuerte as\u00ed pues a la hora de elegir carrera me decant\u00e9 por la medicina y no fui mal estudiante alguna matricula, sobresalientes , notables y como no un hueso tambi\u00e9n, porque los suspensos son para los estudiantes, quien no va a la escuela no puede suspender ni aprobar. <\/em><\/div>\n<div dir=\"auto\" style=\"text-align: justify;\"><em>Finalic\u00e9 mis estudios de medicina realizando una tesis sobre el crecimiento y reproducci\u00f3n de las c\u00e9lulas cancer\u00edgenas, ejerc\u00ed como m\u00e9dico de familia en Atarfe y finalmente mi labor la vine desempe\u00f1ando en centros de formaci\u00f3n profesional rama sanitaria.<\/em><\/div>\n<div dir=\"auto\">\u00a0<\/div>\n<div dir=\"auto\" style=\"text-align: justify;\"><em>Me alegra much\u00edsimo que mi pueblo apueste por la ciencia y por la educaci\u00f3n en general, de hecho, es muy premiado por ello, os deseo lo mejor en esta edici\u00f3n de la Feria de la Ciencia y os animo tanto a chicos como a chicas a disfrutar con la ciencia porque es un mundo maravilloso, lleno de posibilidades y como os dec\u00eda al principio la mejor manera de devolver a la sociedad lo que la sociedad nos aporta.<\/em><\/div>\n<div dir=\"auto\" style=\"text-align: justify;\">\u00a0<\/div>\n<div dir=\"auto\" style=\"text-align: justify;\"><em>Un abrazo enorme.<\/em><\/div>\n<div dir=\"auto\" style=\"text-align: justify;\">\u00a0<\/div>\n<\/div>\n<div class=\"cxmmr5t8 oygrvhab hcukyx3x c1et5uql o9v6fnle ii04i59q\" style=\"text-align: justify;\">\n<div dir=\"auto\"><em>PD. Fernando Jos\u00e9 Garc\u00eda Montijano falleci\u00f3 un 18 de abril de 1991 pero seguro que hubiera disfrutado con todos vosotros, viva la ciencia.<\/em><\/div>\n<\/div>\n<div dir=\"auto\" style=\"text-align: justify;\"><a href=\"https:\/\/i0.wp.com\/miradordeatarfe.es\/wp-content\/uploads\/2022\/04\/278137010_377281517738670_4930713370011753338_n.jpg?ssl=1\"><img data-recalc-dims=\"1\" loading=\"lazy\" decoding=\"async\" class=\"wp-image-53626 size-full alignleft\" src=\"https:\/\/i0.wp.com\/miradordeatarfe.es\/wp-content\/uploads\/2022\/04\/278137010_377281517738670_4930713370011753338_n.jpg?resize=503%2C720&#038;ssl=1\" alt=\"\" width=\"503\" height=\"720\" srcset=\"https:\/\/i0.wp.com\/miradordeatarfe.es\/wp-content\/uploads\/2022\/04\/278137010_377281517738670_4930713370011753338_n.jpg?w=503&amp;ssl=1 503w, https:\/\/i0.wp.com\/miradordeatarfe.es\/wp-content\/uploads\/2022\/04\/278137010_377281517738670_4930713370011753338_n.jpg?resize=210%2C300&amp;ssl=1 210w\" sizes=\"auto, (max-width: 503px) 100vw, 503px\" \/><\/a><\/div>\n<\/div>\n<\/div>\n<\/div>\n<\/div>\n<div dir=\"auto\">\u00a0<\/div>\n<div dir=\"auto\">\u00a0<\/div>\n<div dir=\"auto\">\u00a0<\/div>\n<div dir=\"auto\">\u00a0<\/div>\n<div dir=\"auto\">\u00a0<\/div>\n<div dir=\"auto\">\u00a0<\/div>\n<div dir=\"auto\">\u00a0<\/div>\n<div dir=\"auto\">\u00a0<\/div>\n<div dir=\"auto\">\u00a0<\/div>\n<div dir=\"auto\">\u00a0<\/div>\n<div dir=\"auto\">\u00a0<\/div>\n<div dir=\"auto\">\u00a0<\/div>\n<div dir=\"auto\">\u00a0<\/div>\n<div dir=\"auto\">\u00a0<\/div>\n<div dir=\"auto\">\u00a0<\/div>\n<div dir=\"auto\">\u00a0<\/div>\n<div dir=\"auto\">\u00a0<\/div>\n<div dir=\"auto\">\u00a0<\/div>\n<div dir=\"auto\">\u00a0<\/div>\n<div dir=\"auto\">\u00a0<\/div>\n<div dir=\"auto\">\u00a0<\/div>\n<div dir=\"auto\">\u00a0<\/div>\n<div dir=\"auto\">\u00a0<\/div>\n<div dir=\"auto\">\u00a0<\/div>\n<div dir=\"auto\">\u00a0<\/div>\n<div dir=\"auto\">\u00a0<\/div>\n<div dir=\"auto\">\u00a0<\/div>\n<div dir=\"auto\">\u00a0<\/div>\n<div dir=\"auto\">\u00a0<\/div>\n<div dir=\"auto\">\u00a0<\/div>\n<div dir=\"auto\">\u00a0<\/div>\n<div dir=\"auto\">\u00a0<\/div>\n<div dir=\"auto\">GACETILLA Y CURIOSIDADES ELVIRENSES<\/div>\n","protected":false},"excerpt":{"rendered":"<p>En el Centro Cultural Medina Elvira tuvo lugar la clausura de la XIII Feria de&#8230;<\/p>\n","protected":false},"author":1,"featured_media":53627,"comment_status":"closed","ping_status":"closed","sticky":false,"template":"","format":"standard","meta":{"_coblocks_attr":"","_coblocks_dimensions":"","_coblocks_responsive_height":"","_coblocks_accordion_ie_support":"","jetpack_post_was_ever_published":false,"_jetpack_newsletter_access":"","_jetpack_dont_email_post_to_subs":false,"_jetpack_newsletter_tier_id":0,"_jetpack_memberships_contains_paywalled_content":false,"_jetpack_memberships_contains_paid_content":false,"footnotes":"","jetpack_publicize_message":"","jetpack_publicize_feature_enabled":true,"jetpack_social_post_already_shared":false,"jetpack_social_options":{"image_generator_settings":{"template":"highway","default_image_id":0,"enabled":false},"version":2}},"categories":[2,187,1161,38,44,6539,6937,15],"tags":[81,1160,9130],"class_list":["post-53622","post","type-post","status-publish","format-standard","has-post-thumbnail","hentry","category-atarfe","category-centros-educativos","category-ciudadania","category-opinion-de-jose-enrique-granados","category-noticias-de-hoy","category-personajes-de-ataref","category-sociedad","category-ultimas-noticias","tag-atarfe","tag-cientificos","tag-garcia-montijano"],"jetpack_publicize_connections":[],"jetpack_featured_media_url":"https:\/\/i0.wp.com\/miradordeatarfe.es\/wp-content\/uploads\/2022\/04\/277778089_2097198777110424_748755817380361508_n.jpg?fit=1024%2C768&ssl=1","jetpack_likes_enabled":true,"jetpack_sharing_enabled":true,"_links":{"self":[{"href":"https:\/\/miradordeatarfe.es\/index.php?rest_route=\/wp\/v2\/posts\/53622","targetHints":{"allow":["GET"]}}],"collection":[{"href":"https:\/\/miradordeatarfe.es\/index.php?rest_route=\/wp\/v2\/posts"}],"about":[{"href":"https:\/\/miradordeatarfe.es\/index.php?rest_route=\/wp\/v2\/types\/post"}],"author":[{"embeddable":true,"href":"https:\/\/miradordeatarfe.es\/index.php?rest_route=\/wp\/v2\/users\/1"}],"replies":[{"embeddable":true,"href":"https:\/\/miradordeatarfe.es\/index.php?rest_route=%2Fwp%2Fv2%2Fcomments&post=53622"}],"version-history":[{"count":3,"href":"https:\/\/miradordeatarfe.es\/index.php?rest_route=\/wp\/v2\/posts\/53622\/revisions"}],"predecessor-version":[{"id":53624,"href":"https:\/\/miradordeatarfe.es\/index.php?rest_route=\/wp\/v2\/posts\/53622\/revisions\/53624"}],"wp:featuredmedia":[{"embeddable":true,"href":"https:\/\/miradordeatarfe.es\/index.php?rest_route=\/wp\/v2\/media\/53627"}],"wp:attachment":[{"href":"https:\/\/miradordeatarfe.es\/index.php?rest_route=%2Fwp%2Fv2%2Fmedia&parent=53622"}],"wp:term":[{"taxonomy":"category","embeddable":true,"href":"https:\/\/miradordeatarfe.es\/index.php?rest_route=%2Fwp%2Fv2%2Fcategories&post=53622"},{"taxonomy":"post_tag","embeddable":true,"href":"https:\/\/miradordeatarfe.es\/index.php?rest_route=%2Fwp%2Fv2%2Ftags&post=53622"}],"curies":[{"name":"wp","href":"https:\/\/api.w.org\/{rel}","templated":true}]}}