{"id":53682,"date":"2022-04-18T11:00:54","date_gmt":"2022-04-18T09:00:54","guid":{"rendered":"https:\/\/miradordeatarfe.es\/?p=53682"},"modified":"2022-09-05T13:46:52","modified_gmt":"2022-09-05T11:46:52","slug":"se-agrandan-los-silencios-por-remedios-sanchez","status":"publish","type":"post","link":"https:\/\/miradordeatarfe.es\/?p=53682","title":{"rendered":"\u00abSE AGRANDAN LOS SILENCIOS\u00bb por Remedios S\u00e1nchez"},"content":{"rendered":"<h3 align=\"JUSTIFY\"><span lang=\"es-ES\">Nadie nos cont\u00f3 que aquellos momentos era irrepetibles, que vivir no son s\u00f3lo las horas que vienen, sino tambi\u00e9n las que se van yendo despaciosas como las olas del mar. <\/span><\/h3>\n<p align=\"JUSTIFY\"><span style=\"font-family: Times New Roman, serif;\"><span style=\"font-size: medium;\"><span lang=\"es-ES\">Por los senderos del tiempo ido se han ido marchando las voces, son un eco en la memoria que resuena bajito cuando atardece y la primavera, de tan verde, traspasa mi ventana. Los mirlos se dejan ver algunos ratos y en su negror se advierten las huellas del pasado, de una vida adulta que ha ido perdiendo la inocencia y enraiz\u00e1ndose en la prisa de acertar con las palabras, las exactas para decir lo que conviene. Pero antes fuimos ni\u00f1as traviesas que corr\u00edan por los campos con sus juegos ingenuos; y, m\u00e1s tarde, alegres muchachas que miraban en la noche la fugacidad de las primeras estrellas, buscando la respuesta de un nombre y un rostro en su blancor parpadeante. Yo lo s\u00e9, lo recuerdo vivamente, cuando han pasado los a\u00f1os y, en tardes como esta, mientras llega el pen\u00faltimo fr\u00edo y oscurece mansamente, rememoro el olor de los roscos de mi madre, una imagen de bu\u00f1uelos y de abuelas o las torrijas ma\u00f1aneras de mi padre. <\/span><\/span><\/span><\/p>\n<p align=\"JUSTIFY\"><span style=\"font-family: Times New Roman, serif;\"><span style=\"font-size: medium;\"><span lang=\"es-ES\">Era el ceremonial complementario a la Semana Santa de procesiones y reencuentros. Nosotras, las que \u00e9ramos entonces, no lo comprend\u00edamos porque los minutos se escapaban de las manos entre lamentos y quejas por tener que ayudar -los rituales s\u00f3lo se perpet\u00faan si pasan de generaci\u00f3n en generaci\u00f3n- mientras las amigas jugaban en las eras de rastrojos o buscaban las \u00faltimas naranjas en la copa del \u00e1rbol. Nadie nos cont\u00f3 que aquellos momentos era irrepetibles, que vivir no son s\u00f3lo las horas que vienen, sino tambi\u00e9n las que se van yendo despaciosas como las olas del mar. Y hoy que miro para adentro distingo todav\u00eda los delantales a cuadros, la limpieza fragante de una madre de manos \u00e1giles mezclando con paciencia ingredientes en el barre\u00f1o rojo, aquellos mo\u00f1os de abuelas enlutadas y su querella anual, la perenne discusi\u00f3n de si sobraba o faltaba canela, de si se hab\u00edan pasado con el an\u00eds (ay, la yaya) o la cantidad de levadura, antes de echar la masa con la forma perfecta al aceite hirviente de la sart\u00e9n inmensa. Tampoco se pod\u00eda olvidar la raspadura de lim\u00f3n (el limonero lunar ten\u00eda una cosecha eterna), que eso bien sab\u00edan ellas que era el secreto: ni mucha ni poca. La precisa, sin necesidad de medidas. Una vez fritos tocaba endulzar un circulo impecable, el color correcto, el sabor exacto a los del a\u00f1o anterior, y al del otro. Entonces, ya sin nervios, colocarlos en las ollas inmensas para que duraran acaso unas semanas; y m\u00e1s tarde, un ir y venir de puntillas para cogerlos de uno en uno recolocando todo despu\u00e9s, procurando no dejar rastro de la glotoner\u00eda. Y re\u00eda la madre cuando nos pescaba con las manos en la cacerola, y la abuela nos auguraba un empacho. Pero \u00e9ramos ni\u00f1as, m\u00e1s tarde adolescentes, y ten\u00edamos la arrogancia de pensar que todo durar\u00eda eternamente: de que en Pascua de Resurrecci\u00f3n siempre habr\u00eda reuniones en la cocina, trasiego de sartenes y que estar\u00edan perennemente aquellas mujeres que, sin ser conscientes, iluminaban con sus afanes cada rinc\u00f3n del hogar. Pero nos equivocamos. Y, ahora, cuando la casa es un silencio que se agranda como un grito, la evocaci\u00f3n de una \u00e9poca fragante y armoniosa atesorada con nostalgia, s\u00f3lo nos resguarda la serena esperanza de que otras ni\u00f1as y ni\u00f1os puedan disfrutarlo, habitar \u201caquel tiempo feliz que fue la infancia\u201d. <\/span><\/span><\/span><\/p>\n<p align=\"JUSTIFY\">foto : <a class=\"voc-author\" title=\"RAFAEL V\u00cdLCHEZ\">RAFAEL V\u00cdLCHEZ<\/a> en Ideal<\/p>\n","protected":false},"excerpt":{"rendered":"<p>Nadie nos cont\u00f3 que aquellos momentos era irrepetibles, que vivir no son s\u00f3lo las horas&#8230;<\/p>\n","protected":false},"author":1,"featured_media":53683,"comment_status":"closed","ping_status":"closed","sticky":false,"template":"","format":"standard","meta":{"_coblocks_attr":"","_coblocks_dimensions":"","_coblocks_responsive_height":"","_coblocks_accordion_ie_support":"","jetpack_post_was_ever_published":false,"_jetpack_newsletter_access":"","_jetpack_dont_email_post_to_subs":false,"_jetpack_newsletter_tier_id":0,"_jetpack_memberships_contains_paywalled_content":false,"_jetpack_memberships_contains_paid_content":false,"footnotes":"","jetpack_publicize_message":"","jetpack_publicize_feature_enabled":true,"jetpack_social_post_already_shared":true,"jetpack_social_options":{"image_generator_settings":{"template":"highway","default_image_id":0,"enabled":false},"version":2}},"categories":[1161,44,6914,6937,15,10],"tags":[2853,9137,315,9138],"class_list":["post-53682","post","type-post","status-publish","format-standard","has-post-thumbnail","hentry","category-ciudadania","category-noticias-de-hoy","category-opinion-de-reme-sanchez","category-sociedad","category-ultimas-noticias","category-salud","tag-abuelas","tag-bunuelos","tag-semana-santa","tag-tradicion-familiar"],"jetpack_publicize_connections":[],"jetpack_featured_media_url":"https:\/\/i0.wp.com\/miradordeatarfe.es\/wp-content\/uploads\/2022\/04\/roscos-kNIC-U701192480222e6C-624x385%40Ideal.jpg?fit=624%2C385&ssl=1","jetpack_likes_enabled":true,"jetpack_sharing_enabled":true,"_links":{"self":[{"href":"https:\/\/miradordeatarfe.es\/index.php?rest_route=\/wp\/v2\/posts\/53682","targetHints":{"allow":["GET"]}}],"collection":[{"href":"https:\/\/miradordeatarfe.es\/index.php?rest_route=\/wp\/v2\/posts"}],"about":[{"href":"https:\/\/miradordeatarfe.es\/index.php?rest_route=\/wp\/v2\/types\/post"}],"author":[{"embeddable":true,"href":"https:\/\/miradordeatarfe.es\/index.php?rest_route=\/wp\/v2\/users\/1"}],"replies":[{"embeddable":true,"href":"https:\/\/miradordeatarfe.es\/index.php?rest_route=%2Fwp%2Fv2%2Fcomments&post=53682"}],"version-history":[{"count":1,"href":"https:\/\/miradordeatarfe.es\/index.php?rest_route=\/wp\/v2\/posts\/53682\/revisions"}],"predecessor-version":[{"id":53684,"href":"https:\/\/miradordeatarfe.es\/index.php?rest_route=\/wp\/v2\/posts\/53682\/revisions\/53684"}],"wp:featuredmedia":[{"embeddable":true,"href":"https:\/\/miradordeatarfe.es\/index.php?rest_route=\/wp\/v2\/media\/53683"}],"wp:attachment":[{"href":"https:\/\/miradordeatarfe.es\/index.php?rest_route=%2Fwp%2Fv2%2Fmedia&parent=53682"}],"wp:term":[{"taxonomy":"category","embeddable":true,"href":"https:\/\/miradordeatarfe.es\/index.php?rest_route=%2Fwp%2Fv2%2Fcategories&post=53682"},{"taxonomy":"post_tag","embeddable":true,"href":"https:\/\/miradordeatarfe.es\/index.php?rest_route=%2Fwp%2Fv2%2Ftags&post=53682"}],"curies":[{"name":"wp","href":"https:\/\/api.w.org\/{rel}","templated":true}]}}