{"id":53689,"date":"2022-04-17T11:33:24","date_gmt":"2022-04-17T09:33:24","guid":{"rendered":"https:\/\/miradordeatarfe.es\/?p=53689"},"modified":"2023-10-21T10:23:23","modified_gmt":"2023-10-21T08:23:23","slug":"yacimiento-arqueologico-de-madinat-ilbira-medina-elvira-2","status":"publish","type":"post","link":"https:\/\/miradordeatarfe.es\/?p=53689","title":{"rendered":"Yacimiento Arqueol\u00f3gico de Madinat Ilbira (Medina Elvira)"},"content":{"rendered":"<h3 style=\"text-align: justify;\">El Yacimiento Arqueol\u00f3gico de Madinat Ilbira (Medina Elvira) se localiza en el pie del monte del frente meridional de Sierra Elvira, en concreto en los t\u00e9rminos municipales de <a href=\"https:\/\/andaluciarustica.com\/atarfe.htm\">Atarfe<\/a> y <a href=\"https:\/\/andaluciarustica.com\/pinos-puente.htm\">Pinos Puente<\/a>.<\/h3>\n<p style=\"text-align: justify;\">Atarfe, al igual que la mayor\u00eda de las poblaciones de la vega de Granada, tiene su origen y asentamientos de los primeros humanos, esto se debe sin duda a la riqueza natural del territorio. No en vano, el origen de Atarfe hemos de buscarlo en el Neol\u00edtico.<\/p>\n<p style=\"text-align: justify;\">As\u00ed este asentamiento tiene sus or\u00edgenes en \u00e9poca tardorromana y visigoda, y cuenta con un importante desarrollo en \u00e9poca emiral y califal, convirti\u00e9ndose en capital de cora y su conformaci\u00f3n en medina, con una poblaci\u00f3n muy hetere\u00f3genea de \u00e1rabes, mulad\u00edes, bereberes y moz\u00e1rabes. La ciudad se abandona en el a\u00f1o 1010, momento en el que la cora es cedida a los zir\u00edes y la poblaci\u00f3n de Medina Elvira se traslada a <a href=\"https:\/\/andaluciarustica.com\/granada.htm\">Granada<\/a>, quedando reducido a un asentamiento de alquer\u00eda.<\/p>\n<p style=\"text-align: justify;\">Medina Elvira, es el claro ejemplo de la riqueza de esta zona, se trata de una ciudad, cuyo origen parece remontarse a los primeros \u00edberos. No obstante, el mayor esplendor de Medina Elvira vino con los pobladores musulmanes.<\/p>\n<p style=\"text-align: justify;\">Durante el Califato de C\u00f3rdoba, esta ciudad, que ya se denominaba como Elvira, era la capital de todo el territorio y ejerc\u00eda como centro neur\u00e1lgico del mismo. Este esplendor se mantuvo hasta que la dinast\u00eda Ziri en el siglo XI, traslada la capital a la actual Granada.<\/p>\n<p style=\"text-align: justify;\">Los vestigios hallados abarcan una amplia tipolog\u00eda, funcionalidad y cronolog\u00eda, document\u00e1ndose estructuras pertenecientes a viviendas en el Cerro de los Cigarrones donde hay viviendas cuyos muros tienen z\u00f3calos de mamposter\u00eda y pavimentos de tierra, edificios religiosos, acueductos, necr\u00f3polis con un gran n\u00famero de enterramientos con ajuar y restos defensivos como en el Cerro del Sombrerete donde se identifica un sector de la muralla de la primera ciudad musulmana, as\u00ed como posiblemente la base de una de las torres, y en la plataforma m\u00e1s elevada del cerro un conjunto que funcionar\u00eda como Alcazaba, restos datados del siglo IX y principios X. Adem\u00e1s hay abundante material cer\u00e1mico en la superficie con una concentraci\u00f3n dispersa dependiendo de la particularidad de cada zona.<\/p>\n<p style=\"text-align: justify;\"><a href=\"https:\/\/www.juntadeandalucia.es\/\" target=\"_blank\" rel=\"noopener\">Junta de Andaluc\u00eda<\/a><\/p>\n<p>https:\/\/andaluciarustica.com\/yacimiento-arqueologico-de-madinat-ilbira.htm<\/p>\n","protected":false},"excerpt":{"rendered":"<p>El Yacimiento Arqueol\u00f3gico de Madinat Ilbira (Medina Elvira) se localiza en el pie del monte&#8230;<\/p>\n","protected":false},"author":1,"featured_media":53690,"comment_status":"closed","ping_status":"closed","sticky":false,"template":"","format":"standard","meta":{"_coblocks_attr":"","_coblocks_dimensions":"","_coblocks_responsive_height":"","_coblocks_accordion_ie_support":"","jetpack_post_was_ever_published":false,"_jetpack_newsletter_access":"","_jetpack_dont_email_post_to_subs":false,"_jetpack_newsletter_tier_id":0,"_jetpack_memberships_contains_paywalled_content":false,"_jetpack_memberships_contains_paid_content":false,"footnotes":"","jetpack_publicize_message":"","jetpack_publicize_feature_enabled":true,"jetpack_social_post_already_shared":true,"jetpack_social_options":{"image_generator_settings":{"template":"highway","default_image_id":0,"enabled":false},"version":2}},"categories":[1225,5359,10431,44,15],"tags":[81,2957,8850],"class_list":["post-53689","post","type-post","status-publish","format-standard","has-post-thumbnail","hentry","category-ha-de-atarfe","category-madinat-ilbira","category-medina-elvira-2","category-noticias-de-hoy","category-ultimas-noticias","tag-atarfe","tag-madinat-ilbira","tag-yacimientos"],"jetpack_publicize_connections":[],"jetpack_featured_media_url":"https:\/\/i0.wp.com\/miradordeatarfe.es\/wp-content\/uploads\/2022\/04\/10257802_738438222904414_7992377633132353563_n-300x179-1.jpg?fit=300%2C179&ssl=1","jetpack_likes_enabled":true,"jetpack_sharing_enabled":true,"_links":{"self":[{"href":"https:\/\/miradordeatarfe.es\/index.php?rest_route=\/wp\/v2\/posts\/53689","targetHints":{"allow":["GET"]}}],"collection":[{"href":"https:\/\/miradordeatarfe.es\/index.php?rest_route=\/wp\/v2\/posts"}],"about":[{"href":"https:\/\/miradordeatarfe.es\/index.php?rest_route=\/wp\/v2\/types\/post"}],"author":[{"embeddable":true,"href":"https:\/\/miradordeatarfe.es\/index.php?rest_route=\/wp\/v2\/users\/1"}],"replies":[{"embeddable":true,"href":"https:\/\/miradordeatarfe.es\/index.php?rest_route=%2Fwp%2Fv2%2Fcomments&post=53689"}],"version-history":[{"count":1,"href":"https:\/\/miradordeatarfe.es\/index.php?rest_route=\/wp\/v2\/posts\/53689\/revisions"}],"predecessor-version":[{"id":53691,"href":"https:\/\/miradordeatarfe.es\/index.php?rest_route=\/wp\/v2\/posts\/53689\/revisions\/53691"}],"wp:featuredmedia":[{"embeddable":true,"href":"https:\/\/miradordeatarfe.es\/index.php?rest_route=\/wp\/v2\/media\/53690"}],"wp:attachment":[{"href":"https:\/\/miradordeatarfe.es\/index.php?rest_route=%2Fwp%2Fv2%2Fmedia&parent=53689"}],"wp:term":[{"taxonomy":"category","embeddable":true,"href":"https:\/\/miradordeatarfe.es\/index.php?rest_route=%2Fwp%2Fv2%2Fcategories&post=53689"},{"taxonomy":"post_tag","embeddable":true,"href":"https:\/\/miradordeatarfe.es\/index.php?rest_route=%2Fwp%2Fv2%2Ftags&post=53689"}],"curies":[{"name":"wp","href":"https:\/\/api.w.org\/{rel}","templated":true}]}}