{"id":5376,"date":"2015-12-17T06:53:31","date_gmt":"2015-12-17T06:53:31","guid":{"rendered":"http:\/\/miradordeatarfe.es\/?p=5376"},"modified":"2015-12-23T08:29:02","modified_gmt":"2015-12-23T08:29:02","slug":"uno-de-cada-tres-jovenes-considera-aceptable-prohibir-a-su-pareja-que-trabaje-o-vea-a-su-familia","status":"publish","type":"post","link":"https:\/\/miradordeatarfe.es\/?p=5376","title":{"rendered":"Uno de cada tres j\u00f3venes considera \u00abaceptable\u00bb prohibir a su pareja que trabaje o vea a su familia"},"content":{"rendered":"<p>Uno de cada tres j\u00f3venes (33%) considera inevitable o aceptable en algunas circunstancias \u00abcontrolar los horarios de la pareja\u00bb, \u00abimpedir a la pareja que vea a su familia o amistades\u00bb, \u00abno permitir que la pareja trabaje o estudie\u00bb o \u00abdecirle las cosas que puede o no puede hacer\u00bb, seg\u00fan un estudio del <a href=\"http:\/\/www.cis.es\/\" target=\"_hplink\">CIS<\/a>.<!--more--><\/p>\n<p>El informe <em>La percepci\u00f3n de la violencia de g\u00e9nero en la adolescencia y la juventud<\/em>, elaborado a partir de<strong> 2.500 entrevistas a personas entre 15 y 29 a\u00f1os<\/strong>, expone que, si para el 97% es \u00abtotalmente inaceptable\u00bb la violencia f\u00edsica y sexual y para el 93% lo es tambi\u00e9n la verbal, s\u00f3lo el 66% considera de este modo la que se ejerce mediante el control.<\/p>\n<p>Ver\u00f3nica De Miguel, soci\u00f3loga coordinadora del estudio, que ha sido presentado este martes, ha explicado que, si bien el 96% de las mujeres y el 92% de los hombres en estas edades consideran \u00abtotalmente inaceptable\u00bb la violencia de g\u00e9nero, \u00abcuando se indaga se observa que no todas las formas de violencia suscitan el mismo rechazo ni todas las manifestaciones son vistas como violencia, como el control\u00bb.<\/p>\n<p><strong>LA MITAD NO CONOCE LA LEY NI EL 016<\/strong><\/p>\n<p>El estudio refleja que el 55% han o\u00eddo hablar sobre la Ley Integral de Violencia de G\u00e9nero y s\u00f3lo el 46% la conocen. El porcentaje es similar sobre el 016: el 46% tiene \u00abalg\u00fan conocimiento\u00bb de este tel\u00e9fono, cifra que baja al 40% entre los adolescentes de 15 a 17 a\u00f1os. Adem\u00e1s, aunque el 78% opina que las campa\u00f1as ayudan a concienciar a la sociedad y a las v\u00edctimas, menos de la mitad (47%) recuerda alguna de estas iniciativas de sensibilizaci\u00f3n.<\/p>\n<p>Un tercio de los j\u00f3venes conoce a alguna v\u00edctima de violencia de g\u00e9nero que, en el 21% de los casos, es menor de edad. El 42% de las chicas dice que se trata de una amiga y el 26%, de una vecina. A medida que aumenta la edad, crece el n\u00famero de personas que tienen v\u00edctimas en su entorno cercano: el 23% de los encuestados y el 33% de la poblaci\u00f3n entre 25 y 29, conforme los datos del estudio.<\/p>\n<p>Ante esta situaci\u00f3n, m\u00e1s de la mitad de los j\u00f3venes llamar\u00eda a la polic\u00eda, mientras un 23% se enfrentar\u00eda al agresor (32% entre los varones) y un 14% llamar\u00eda la atenci\u00f3n de otras personas.<\/p>\n<p><strong>ELLOS PERCIBEN MENOS DESIGUALDAD<\/strong><\/p>\n<p>Para siete de cada diez encuestados, no es que los malos tratos hayan aumentado en los \u00faltimos tiempos, sino que salen m\u00e1s a la luz. El 44% de los varones j\u00f3venes y adolescentes ve grandes o muy grandes las desigualdades en Espa\u00f1a, frente a un 63% de las chicas. De hecho, s\u00f3lo el 6% de los encuestados considera que las mujeres est\u00e1n peor que los hombres en \u00e1mbitos como el laboral y un 43%, dicen que la situaci\u00f3n es de igualdad de condiciones.<\/p>\n<p>Frente a la violencia de g\u00e9nero, el 62% considera que las v\u00edctimas m\u00e1s vulnerables son las mujeres con discapacidad, el 56% sit\u00faa a las menores de edad (el 63% de las encuestadas menores de 18 as\u00ed lo indic\u00f3), el 52% a las extranjeras, el 41% a las mayores de 65 y el 40% se\u00f1ala a las que viven en entornos rurales. La cuarta parte coincide en que se les deber\u00eda prestar apoyo psicol\u00f3gico, el 15% habla de alojamientos protegidos y el 13%, de pulseras de localizaci\u00f3n para maltratadores.<\/p>\n<div class=\"chart-container\" data-highcharts-chart=\"1\"><\/div>\n<p>.<\/p>\n","protected":false},"excerpt":{"rendered":"<p>Uno de cada tres j\u00f3venes (33%) considera inevitable o aceptable en algunas circunstancias \u00abcontrolar los&#8230;<\/p>\n","protected":false},"author":1,"featured_media":0,"comment_status":"closed","ping_status":"closed","sticky":false,"template":"","format":"standard","meta":{"_coblocks_attr":"","_coblocks_dimensions":"","_coblocks_responsive_height":"","_coblocks_accordion_ie_support":"","jetpack_post_was_ever_published":false,"_jetpack_newsletter_access":"","_jetpack_dont_email_post_to_subs":false,"_jetpack_newsletter_tier_id":0,"_jetpack_memberships_contains_paywalled_content":false,"_jetpack_memberships_contains_paid_content":false,"footnotes":"","jetpack_publicize_message":"","jetpack_publicize_feature_enabled":true,"jetpack_social_post_already_shared":false,"jetpack_social_options":{"image_generator_settings":{"template":"highway","default_image_id":0,"enabled":false},"version":2}},"categories":[1161,14,15],"tags":[1063,41,214],"class_list":["post-5376","post","type-post","status-publish","format-standard","hentry","category-ciudadania","category-feminismo","category-ultimas-noticias","tag-control","tag-feminismo","tag-violencia-de-genero"],"jetpack_publicize_connections":[],"jetpack_featured_media_url":"","jetpack_likes_enabled":true,"jetpack_sharing_enabled":true,"_links":{"self":[{"href":"https:\/\/miradordeatarfe.es\/index.php?rest_route=\/wp\/v2\/posts\/5376","targetHints":{"allow":["GET"]}}],"collection":[{"href":"https:\/\/miradordeatarfe.es\/index.php?rest_route=\/wp\/v2\/posts"}],"about":[{"href":"https:\/\/miradordeatarfe.es\/index.php?rest_route=\/wp\/v2\/types\/post"}],"author":[{"embeddable":true,"href":"https:\/\/miradordeatarfe.es\/index.php?rest_route=\/wp\/v2\/users\/1"}],"replies":[{"embeddable":true,"href":"https:\/\/miradordeatarfe.es\/index.php?rest_route=%2Fwp%2Fv2%2Fcomments&post=5376"}],"version-history":[{"count":1,"href":"https:\/\/miradordeatarfe.es\/index.php?rest_route=\/wp\/v2\/posts\/5376\/revisions"}],"predecessor-version":[{"id":5378,"href":"https:\/\/miradordeatarfe.es\/index.php?rest_route=\/wp\/v2\/posts\/5376\/revisions\/5378"}],"wp:attachment":[{"href":"https:\/\/miradordeatarfe.es\/index.php?rest_route=%2Fwp%2Fv2%2Fmedia&parent=5376"}],"wp:term":[{"taxonomy":"category","embeddable":true,"href":"https:\/\/miradordeatarfe.es\/index.php?rest_route=%2Fwp%2Fv2%2Fcategories&post=5376"},{"taxonomy":"post_tag","embeddable":true,"href":"https:\/\/miradordeatarfe.es\/index.php?rest_route=%2Fwp%2Fv2%2Ftags&post=5376"}],"curies":[{"name":"wp","href":"https:\/\/api.w.org\/{rel}","templated":true}]}}