{"id":53789,"date":"2022-04-30T11:11:53","date_gmt":"2022-04-30T09:11:53","guid":{"rendered":"https:\/\/miradordeatarfe.es\/?p=53789"},"modified":"2022-04-27T11:27:39","modified_gmt":"2022-04-27T09:27:39","slug":"atarfe-juan-ignacio-roger-garcia-varela-sacerdote-por-jose-enrique-granados","status":"publish","type":"post","link":"https:\/\/miradordeatarfe.es\/?p=53789","title":{"rendered":"\u00abATARFE: Juan Ignacio Roger Garc\u00eda Varela, Sacerdote\u00bb por Jos\u00e9 Enrique Granados"},"content":{"rendered":"<h3 style=\"text-align: justify;\"><span class=\"d2edcug0 hpfvmrgz qv66sw1b c1et5uql lr9zc1uh a8c37x1j fe6kdd0r mau55g9w c8b282yb keod5gw0 nxhoafnm aigsh9s9 d3f4x2em iv3no6db jq4qci2q a3bd9o3v b1v8xokw oo9gr5id\" dir=\"auto\">Hoy dedicamos la Gacetilla a Juan Ignacio Roger Garc\u00eda-Varela, p\u00e1rroco de nuestro pueblo que fue, en el III aniversario de su fallecimiento. Transcribimos el obituario escrito por Mar\u00eda Victoria Zurita Aguilar, publicado en IDEAL. <br \/>\n<\/span><\/h3>\n<p style=\"text-align: justify;\"><span class=\"d2edcug0 hpfvmrgz qv66sw1b c1et5uql lr9zc1uh a8c37x1j fe6kdd0r mau55g9w c8b282yb keod5gw0 nxhoafnm aigsh9s9 d3f4x2em iv3no6db jq4qci2q a3bd9o3v b1v8xokw oo9gr5id\" dir=\"auto\"><br \/>\nLleg\u00f3 a la Parroquia de Atarfe en el a\u00f1o 1989 y fue trasladado a San Agust\u00edn de Granada en octubre de 2010. De donde estuvo 21 a\u00f1os se marcho sin grandes despedidas y discretamente, como le gustaba hacerlo todo. Ya, no lo ten\u00edamos en la Parroquia pero sab\u00edamos que lo seguir\u00edamos teniendo en su nuevo destino para cuanto necesit\u00e1ramos. Sin embargo, el pasado 17 de abril, inesperada, r\u00e1pida, silenciosa y cristianamente nos dej\u00f3 para siempre.<\/p>\n<p>Cuanto nos hubiera gustado verlo y de alguna forma agradecerle lo que espiritual, material y humanamente ha significado en la vida de muchos atarfe\u00f1os de toda edad y condici\u00f3n.<br \/>\nInteligente, discreto, cercano y con una gran capacidad de trabajo supo atraernos para colaborar en la realizaci\u00f3n de un nuevo proyecto de Parroquia. Con su buen hacer cre\u00f3 \u00e1reas y comisiones, formo grupos de j\u00f3venes y matrimonios, se implic\u00f3 en las catequesis, talleres de oraci\u00f3n, formaci\u00f3n de agentes, asambleas familiares y de casa, cursos sobre la Biblia, cursillos prematrimoniales participativos, etc., etc.; e incluso supo conseguir los recursos para restaurar la iglesia, la casa parroquial y la ermita de Santa Ana.<\/p>\n<p>Vivimos con \u00e9l, celebraciones cristianas como nunca hab\u00edamos vivido, sus homil\u00edas eran profundas, razonadas y brillantes; nos dio consejo, cercan\u00eda y nos acompa\u00f1\u00f3 en muchos momentos alegres y tristes de nuestras vidas.<\/p>\n<p>Se podr\u00eda decir que actuar as\u00ed, era su deber, pero para nosotros signific\u00f3 algo nuevo que nos anim\u00f3 y ayud\u00f3 a acercarnos a Jes\u00fas y ser Iglesia. \u00c9l supo ense\u00f1arnos a profundizar en la Fe y como hacer de Atarfe una parroquia viva y activa.<br \/>\n<a href=\"https:\/\/i0.wp.com\/miradordeatarfe.es\/wp-content\/uploads\/2022\/04\/11141757_809950759090941_1257137610673651071_o.jpg?ssl=1\"><img data-recalc-dims=\"1\" loading=\"lazy\" decoding=\"async\" class=\"size-medium wp-image-53790 alignleft\" src=\"https:\/\/i0.wp.com\/miradordeatarfe.es\/wp-content\/uploads\/2022\/04\/11141757_809950759090941_1257137610673651071_o.jpg?resize=229%2C300&#038;ssl=1\" alt=\"\" width=\"229\" height=\"300\" srcset=\"https:\/\/i0.wp.com\/miradordeatarfe.es\/wp-content\/uploads\/2022\/04\/11141757_809950759090941_1257137610673651071_o.jpg?resize=229%2C300&amp;ssl=1 229w, https:\/\/i0.wp.com\/miradordeatarfe.es\/wp-content\/uploads\/2022\/04\/11141757_809950759090941_1257137610673651071_o.jpg?resize=781%2C1024&amp;ssl=1 781w, https:\/\/i0.wp.com\/miradordeatarfe.es\/wp-content\/uploads\/2022\/04\/11141757_809950759090941_1257137610673651071_o.jpg?resize=768%2C1007&amp;ssl=1 768w, https:\/\/i0.wp.com\/miradordeatarfe.es\/wp-content\/uploads\/2022\/04\/11141757_809950759090941_1257137610673651071_o.jpg?resize=1171%2C1536&amp;ssl=1 1171w, https:\/\/i0.wp.com\/miradordeatarfe.es\/wp-content\/uploads\/2022\/04\/11141757_809950759090941_1257137610673651071_o.jpg?w=1222&amp;ssl=1 1222w\" sizes=\"auto, (max-width: 229px) 100vw, 229px\" \/><\/a><br \/>\nEstamos seguros que, desde la imperfecci\u00f3n humana, nuestro querido Juan Ignacio trabaj\u00f3 y dedic\u00f3 su vida al servicio de los dem\u00e1s, en todos los lugares por donde pas\u00f3 y funciones desempe\u00f1\u00f3. Todo ello le engrandece y har\u00e1 que la huella dejada en nosotros no se borre nunca.<\/p>\n<p>No se escriben estas l\u00edneas porque, como vulgarmente se dice, haya llegado el momento de las alabanzas, sino por su reconocimiento y agradecimiento; porque as\u00ed lo sentimos y porque se lo merece. A pesar de que a \u00e9l, nada de esto le gustaba.<\/p>\n<p>Much\u00edsimas gracias Juan Ignacio, descansa en paz, querido p\u00e1rroco, consejero y amigo; que Dios te bendiga por haberte puesto en nuestras vidas y s\u00edguenos ayudando desde donde est\u00e9s.<\/p>\n<p>Gran sacerdote, buena persona y un bello recuerdo.<\/span><\/p>\n<p>GACETILLA Y CURIOSIDADES ELVIRENSES<\/p>\n<div class=\"oajrlxb2 g5ia77u1 qu0x051f esr5mh6w e9989ue4 r7d6kgcz rq0escxv nhd2j8a9 nc684nl6 p7hjln8o kvgmc6g5 cxmmr5t8 oygrvhab hcukyx3x jb3vyjys rz4wbd8a qt6c0cv9 a8nywdso i1ao9s8h esuyzwwr f1sip0of lzcic4wl gpro0wi8 oo9gr5id lrazzd5p\" tabindex=\"0\" role=\"button\">\u00a0<\/div>\n","protected":false},"excerpt":{"rendered":"<p>Hoy dedicamos la Gacetilla a Juan Ignacio Roger Garc\u00eda-Varela, p\u00e1rroco de nuestro pueblo que fue,&#8230;<\/p>\n","protected":false},"author":1,"featured_media":53791,"comment_status":"closed","ping_status":"closed","sticky":false,"template":"","format":"standard","meta":{"_coblocks_attr":"","_coblocks_dimensions":"","_coblocks_responsive_height":"","_coblocks_accordion_ie_support":"","jetpack_post_was_ever_published":false,"_jetpack_newsletter_access":"","_jetpack_dont_email_post_to_subs":false,"_jetpack_newsletter_tier_id":0,"_jetpack_memberships_contains_paywalled_content":false,"_jetpack_memberships_contains_paid_content":false,"footnotes":"","jetpack_publicize_message":"","jetpack_publicize_feature_enabled":true,"jetpack_social_post_already_shared":true,"jetpack_social_options":{"image_generator_settings":{"template":"highway","default_image_id":0,"enabled":false},"version":2}},"categories":[2,12,1161,186,38,44,6539,15],"tags":[81,9150],"class_list":["post-53789","post","type-post","status-publish","format-standard","has-post-thumbnail","hentry","category-atarfe","category-cultura","category-ciudadania","category-instituciones","category-opinion-de-jose-enrique-granados","category-noticias-de-hoy","category-personajes-de-ataref","category-ultimas-noticias","tag-atarfe","tag-sacerdote"],"jetpack_publicize_connections":[],"jetpack_featured_media_url":"https:\/\/i0.wp.com\/miradordeatarfe.es\/wp-content\/uploads\/2022\/04\/278499873_3303562149901211_1110398696739473263_n.jpg?fit=957%2C960&ssl=1","jetpack_likes_enabled":true,"jetpack_sharing_enabled":true,"_links":{"self":[{"href":"https:\/\/miradordeatarfe.es\/index.php?rest_route=\/wp\/v2\/posts\/53789","targetHints":{"allow":["GET"]}}],"collection":[{"href":"https:\/\/miradordeatarfe.es\/index.php?rest_route=\/wp\/v2\/posts"}],"about":[{"href":"https:\/\/miradordeatarfe.es\/index.php?rest_route=\/wp\/v2\/types\/post"}],"author":[{"embeddable":true,"href":"https:\/\/miradordeatarfe.es\/index.php?rest_route=\/wp\/v2\/users\/1"}],"replies":[{"embeddable":true,"href":"https:\/\/miradordeatarfe.es\/index.php?rest_route=%2Fwp%2Fv2%2Fcomments&post=53789"}],"version-history":[{"count":1,"href":"https:\/\/miradordeatarfe.es\/index.php?rest_route=\/wp\/v2\/posts\/53789\/revisions"}],"predecessor-version":[{"id":53792,"href":"https:\/\/miradordeatarfe.es\/index.php?rest_route=\/wp\/v2\/posts\/53789\/revisions\/53792"}],"wp:featuredmedia":[{"embeddable":true,"href":"https:\/\/miradordeatarfe.es\/index.php?rest_route=\/wp\/v2\/media\/53791"}],"wp:attachment":[{"href":"https:\/\/miradordeatarfe.es\/index.php?rest_route=%2Fwp%2Fv2%2Fmedia&parent=53789"}],"wp:term":[{"taxonomy":"category","embeddable":true,"href":"https:\/\/miradordeatarfe.es\/index.php?rest_route=%2Fwp%2Fv2%2Fcategories&post=53789"},{"taxonomy":"post_tag","embeddable":true,"href":"https:\/\/miradordeatarfe.es\/index.php?rest_route=%2Fwp%2Fv2%2Ftags&post=53789"}],"curies":[{"name":"wp","href":"https:\/\/api.w.org\/{rel}","templated":true}]}}