{"id":53813,"date":"2022-04-21T11:00:55","date_gmt":"2022-04-21T09:00:55","guid":{"rendered":"https:\/\/miradordeatarfe.es\/?p=53813"},"modified":"2022-04-21T10:26:50","modified_gmt":"2022-04-21T08:26:50","slug":"paris-roubaix-espectaculo-adoquinado-por-manuel-jimenez","status":"publish","type":"post","link":"https:\/\/miradordeatarfe.es\/?p=53813","title":{"rendered":"\u00abPAR\u00cdS-ROUBAIX, espect\u00e1culo adoquinado.\u00bb por Manuel Jim\u00e9nez"},"content":{"rendered":"<h3>Si te gusta el deporte no puedes prescindir de seguir alguna edici\u00f3n de la cl\u00e1sica ciclista conocida como \u201c<em>el infierno del Norte\u201d <\/em>que ha disputado su 119\u00aa competencia este domingo 17 de abril.<\/h3>\n<p>En esta ocasi\u00f3n el ganador de la prueba, el holand\u00e9s Van Baarle, ha batido el record de la prueba rodando a m\u00e1s de 45.8 km\/h en los algo m\u00e1s de 257 kms de recorrido.<\/p>\n<p><a href=\"https:\/\/i0.wp.com\/miradordeatarfe.es\/wp-content\/uploads\/2022\/04\/unnamed3.jpg?ssl=1\"><img data-recalc-dims=\"1\" loading=\"lazy\" decoding=\"async\" class=\"size-medium wp-image-53814 alignleft\" src=\"https:\/\/i0.wp.com\/miradordeatarfe.es\/wp-content\/uploads\/2022\/04\/unnamed3.jpg?resize=300%2C284&#038;ssl=1\" alt=\"\" width=\"300\" height=\"284\" srcset=\"https:\/\/i0.wp.com\/miradordeatarfe.es\/wp-content\/uploads\/2022\/04\/unnamed3.jpg?resize=300%2C284&amp;ssl=1 300w, https:\/\/i0.wp.com\/miradordeatarfe.es\/wp-content\/uploads\/2022\/04\/unnamed3.jpg?resize=1024%2C970&amp;ssl=1 1024w, https:\/\/i0.wp.com\/miradordeatarfe.es\/wp-content\/uploads\/2022\/04\/unnamed3.jpg?resize=768%2C728&amp;ssl=1 768w, https:\/\/i0.wp.com\/miradordeatarfe.es\/wp-content\/uploads\/2022\/04\/unnamed3.jpg?w=1125&amp;ssl=1 1125w\" sizes=\"auto, (max-width: 300px) 100vw, 300px\" \/><\/a>Cualquier aficionado a la bicicleta puede hacerse una idea de lo que es desplazarse a 45 km\/h, velocidad que s\u00f3lo se coge si marchas con fuerte viento de cola o circulas cuesta abajo, pues bien, imaginad mantener este ritmo durante m\u00e1s de cinco horas con m\u00e1s de cincuenta kms de pav\u00e9 de diferentes dificultades, continuos cambios de orientaci\u00f3n, calzadas estrechas y un sinf\u00edn de ataques y contrataques con los parones que ello conlleva.<\/p>\n<p>La prueba mantuvo la emoci\u00f3n desde los primeros kms con un pelot\u00f3n de ciclistas dispuestos a dejarse la piel sobre el asfalto, con dos equipos apostando fuerte por su t\u00e1ctica, Ineos y QuickStep, provocando abanicos que fragmentaron el grupo inicial y castig\u00f3 a algunos de los favoritos. Ataques y m\u00e1s ataques, una sorpresa en cada tramo adoquinado, pinchazos, aver\u00edas, ca\u00eddas, y a partir de determinado momento cada cual luchando en solitario por mantenerse en la lucha por la victoria.<\/p>\n<p>Contrariamente a lo que sucedi\u00f3 el pasado a\u00f1o, la sequedad del terreno favoreci\u00f3 el ritmo endemoniado al que se lanz\u00f3 la prueba, no se especul\u00f3 nada y se march\u00f3 a \u201cfull\u201d en todo momento. \u00a0<\/p>\n<p>&nbsp;<\/p>\n<p><a href=\"https:\/\/i0.wp.com\/miradordeatarfe.es\/wp-content\/uploads\/2022\/04\/unnamed-3.jpg?ssl=1\"><img data-recalc-dims=\"1\" loading=\"lazy\" decoding=\"async\" class=\"size-medium wp-image-53815 alignright\" src=\"https:\/\/i0.wp.com\/miradordeatarfe.es\/wp-content\/uploads\/2022\/04\/unnamed-3.jpg?resize=300%2C263&#038;ssl=1\" alt=\"\" width=\"300\" height=\"263\" srcset=\"https:\/\/i0.wp.com\/miradordeatarfe.es\/wp-content\/uploads\/2022\/04\/unnamed-3.jpg?resize=300%2C263&amp;ssl=1 300w, https:\/\/i0.wp.com\/miradordeatarfe.es\/wp-content\/uploads\/2022\/04\/unnamed-3.jpg?resize=1024%2C897&amp;ssl=1 1024w, https:\/\/i0.wp.com\/miradordeatarfe.es\/wp-content\/uploads\/2022\/04\/unnamed-3.jpg?resize=768%2C672&amp;ssl=1 768w, https:\/\/i0.wp.com\/miradordeatarfe.es\/wp-content\/uploads\/2022\/04\/unnamed-3.jpg?w=1125&amp;ssl=1 1125w\" sizes=\"auto, (max-width: 300px) 100vw, 300px\" \/><\/a>Tal es la idiosincrasia de esta prueba que suele ser fuente de aut\u00e9nticas innovaciones tecnol\u00f3gicas, en su d\u00eda la apuesta fue conseguir una rueda que no pinchara o mejor dicho que a pesar de pinchar no exigiera poner pie en tierra al ciclista regenerando el tubular, de hecho han sido varias las ocasiones en que no ha ganado el corredor m\u00e1s fuerte sino el que ha evitado interrupciones. Si en la pasada Mil\u00e1n-San Remo el ganador Mohoric sorprendi\u00f3 con una tija telesc\u00f3pica, ahora le ha llegado la hora a la presi\u00f3n de los neum\u00e1ticos a trav\u00e9s de un sistema de gesti\u00f3n que se controla desde el manillar y que est\u00e1 integrado en el eje de la propia rueda. Esta innovaci\u00f3n tecnol\u00f3gica que permite al ciclista elegir el inflado de la rueda en funci\u00f3n del terreno por el que transita est\u00e1 disponible en el mercado por ser un requisito que exige la UCI para dar validez al mismo, a raz\u00f3n de 3.300 \u20ac la unidad.<\/p>\n<p>Tradicionalmente han sido los belgas los m\u00e1s laureados de la prueba, feudo al que los espa\u00f1oles apenas han asomado y s\u00f3lo el hispano-argentino Juan Antonio Flecha que ha logrado hacer p\u00f3dium en tres ocasiones (2005, 2007 y 2010) y el catal\u00e1n Miquel Poblet con dos (1958, 1960), se han hecho la foto en el caj\u00f3n del vel\u00f3dromo. \u00a0\u00a0<\/p>\n<p>En definitiva, todos estos elementos hacen de la Roubaix un espect\u00e1culo imperdible y una aut\u00e9ntica gozada para los buenos aficionados, show que te puede incluso hacer prescindir de una merecida siesta tras la ruta dominical. \u00a0\u00a0\u00a0\u00a0\u00a0<\/p>\n<p><a href=\"https:\/\/i0.wp.com\/miradordeatarfe.es\/wp-content\/uploads\/2022\/04\/unnamed1.jpg?ssl=1\"><img data-recalc-dims=\"1\" loading=\"lazy\" decoding=\"async\" class=\"alignnone wp-image-53816 size-large\" src=\"https:\/\/i0.wp.com\/miradordeatarfe.es\/wp-content\/uploads\/2022\/04\/unnamed1.jpg?resize=618%2C609&#038;ssl=1\" alt=\"\" width=\"618\" height=\"609\" srcset=\"https:\/\/i0.wp.com\/miradordeatarfe.es\/wp-content\/uploads\/2022\/04\/unnamed1.jpg?resize=1024%2C1009&amp;ssl=1 1024w, https:\/\/i0.wp.com\/miradordeatarfe.es\/wp-content\/uploads\/2022\/04\/unnamed1.jpg?resize=300%2C295&amp;ssl=1 300w, https:\/\/i0.wp.com\/miradordeatarfe.es\/wp-content\/uploads\/2022\/04\/unnamed1.jpg?resize=768%2C756&amp;ssl=1 768w, https:\/\/i0.wp.com\/miradordeatarfe.es\/wp-content\/uploads\/2022\/04\/unnamed1.jpg?w=1125&amp;ssl=1 1125w\" sizes=\"auto, (max-width: 618px) 100vw, 618px\" \/><\/a> <a href=\"https:\/\/i0.wp.com\/miradordeatarfe.es\/wp-content\/uploads\/2022\/04\/unnamed2.jpg?ssl=1\"><img data-recalc-dims=\"1\" loading=\"lazy\" decoding=\"async\" class=\"alignnone wp-image-53817 size-large\" src=\"https:\/\/i0.wp.com\/miradordeatarfe.es\/wp-content\/uploads\/2022\/04\/unnamed2.jpg?resize=618%2C609&#038;ssl=1\" alt=\"\" width=\"618\" height=\"609\" srcset=\"https:\/\/i0.wp.com\/miradordeatarfe.es\/wp-content\/uploads\/2022\/04\/unnamed2.jpg?resize=1024%2C1009&amp;ssl=1 1024w, https:\/\/i0.wp.com\/miradordeatarfe.es\/wp-content\/uploads\/2022\/04\/unnamed2.jpg?resize=300%2C296&amp;ssl=1 300w, https:\/\/i0.wp.com\/miradordeatarfe.es\/wp-content\/uploads\/2022\/04\/unnamed2.jpg?resize=768%2C757&amp;ssl=1 768w, https:\/\/i0.wp.com\/miradordeatarfe.es\/wp-content\/uploads\/2022\/04\/unnamed2.jpg?w=1125&amp;ssl=1 1125w\" sizes=\"auto, (max-width: 618px) 100vw, 618px\" \/><\/a>\u00a0\u00a0\u00a0\u00a0\u00a0\u00a0\u00a0\u00a0\u00a0\u00a0\u00a0\u00a0<\/p>\n","protected":false},"excerpt":{"rendered":"<p>Si te gusta el deporte no puedes prescindir de seguir alguna edici\u00f3n de la cl\u00e1sica&#8230;<\/p>\n","protected":false},"author":1,"featured_media":53818,"comment_status":"closed","ping_status":"closed","sticky":false,"template":"","format":"standard","meta":{"_coblocks_attr":"","_coblocks_dimensions":"","_coblocks_responsive_height":"","_coblocks_accordion_ie_support":"","jetpack_post_was_ever_published":false,"_jetpack_newsletter_access":"","_jetpack_dont_email_post_to_subs":false,"_jetpack_newsletter_tier_id":0,"_jetpack_memberships_contains_paywalled_content":false,"_jetpack_memberships_contains_paid_content":false,"footnotes":"","jetpack_publicize_message":"","jetpack_publicize_feature_enabled":true,"jetpack_social_post_already_shared":true,"jetpack_social_options":{"image_generator_settings":{"template":"highway","default_image_id":0,"enabled":false},"version":2}},"categories":[2,1161,182,6915,44,15],"tags":[81,85,123],"class_list":["post-53813","post","type-post","status-publish","format-standard","has-post-thumbnail","hentry","category-atarfe","category-ciudadania","category-deportes","category-opinion-de-manuel-jimenez","category-noticias-de-hoy","category-ultimas-noticias","tag-atarfe","tag-atletismo","tag-deportes"],"jetpack_publicize_connections":[],"jetpack_featured_media_url":"https:\/\/i0.wp.com\/miradordeatarfe.es\/wp-content\/uploads\/2022\/04\/IMG_1108-1.jpg?fit=870%2C612&ssl=1","jetpack_likes_enabled":true,"jetpack_sharing_enabled":true,"_links":{"self":[{"href":"https:\/\/miradordeatarfe.es\/index.php?rest_route=\/wp\/v2\/posts\/53813","targetHints":{"allow":["GET"]}}],"collection":[{"href":"https:\/\/miradordeatarfe.es\/index.php?rest_route=\/wp\/v2\/posts"}],"about":[{"href":"https:\/\/miradordeatarfe.es\/index.php?rest_route=\/wp\/v2\/types\/post"}],"author":[{"embeddable":true,"href":"https:\/\/miradordeatarfe.es\/index.php?rest_route=\/wp\/v2\/users\/1"}],"replies":[{"embeddable":true,"href":"https:\/\/miradordeatarfe.es\/index.php?rest_route=%2Fwp%2Fv2%2Fcomments&post=53813"}],"version-history":[{"count":2,"href":"https:\/\/miradordeatarfe.es\/index.php?rest_route=\/wp\/v2\/posts\/53813\/revisions"}],"predecessor-version":[{"id":53820,"href":"https:\/\/miradordeatarfe.es\/index.php?rest_route=\/wp\/v2\/posts\/53813\/revisions\/53820"}],"wp:featuredmedia":[{"embeddable":true,"href":"https:\/\/miradordeatarfe.es\/index.php?rest_route=\/wp\/v2\/media\/53818"}],"wp:attachment":[{"href":"https:\/\/miradordeatarfe.es\/index.php?rest_route=%2Fwp%2Fv2%2Fmedia&parent=53813"}],"wp:term":[{"taxonomy":"category","embeddable":true,"href":"https:\/\/miradordeatarfe.es\/index.php?rest_route=%2Fwp%2Fv2%2Fcategories&post=53813"},{"taxonomy":"post_tag","embeddable":true,"href":"https:\/\/miradordeatarfe.es\/index.php?rest_route=%2Fwp%2Fv2%2Ftags&post=53813"}],"curies":[{"name":"wp","href":"https:\/\/api.w.org\/{rel}","templated":true}]}}